{"id":19612,"date":"2022-07-25T10:29:49","date_gmt":"2022-07-25T13:29:49","guid":{"rendered":"https:\/\/radiorevelacionfm.cl\/?p=19612"},"modified":"2022-07-25T10:29:49","modified_gmt":"2022-07-25T13:29:49","slug":"senadora-ordenes-propone-mejorar-subsidios-de-transporte-en-las-regiones-mediante-el-fondo-de-apoyo-regional","status":"publish","type":"post","link":"https:\/\/radiorevelacionfm.cl\/?p=19612","title":{"rendered":"Senadora \u00d3rdenes propone mejorar subsidios de transporte en las regiones mediante el Fondo de Apoyo Regional"},"content":{"rendered":"<div class=\"flex_column av_one_full  flex_column_div av-zero-column-padding first  avia-builder-el-0  el_before_av_one_full  avia-builder-el-first  \" style='border-radius:0px; '><div  class='avia-image-container  av-styling-    avia-builder-el-1  avia-builder-el-no-sibling  avia-align-center '  itemprop=\"image\" itemscope=\"itemscope\" itemtype=\"https:\/\/schema.org\/ImageObject\"  ><div class='avia-image-container-inner'><div class='avia-image-overlay-wrap'><img decoding=\"async\" class='wp-image-5350 avia-img-lazy-loading-not-5350 avia_image' src=\"https:\/\/radiorevelacionfm.cl\/wp-content\/uploads\/2021\/06\/SENADORA-ORDENES-1-1.jpg\" alt='' title='SENADORA ORDENES (1) (1)' height=\"600\" width=\"900\"  itemprop=\"thumbnailUrl\" srcset=\"https:\/\/radiorevelacionfm.cl\/wp-content\/uploads\/2021\/06\/SENADORA-ORDENES-1-1.jpg 900w, https:\/\/radiorevelacionfm.cl\/wp-content\/uploads\/2021\/06\/SENADORA-ORDENES-1-1-300x200.jpg 300w, https:\/\/radiorevelacionfm.cl\/wp-content\/uploads\/2021\/06\/SENADORA-ORDENES-1-1-768x512.jpg 768w, https:\/\/radiorevelacionfm.cl\/wp-content\/uploads\/2021\/06\/SENADORA-ORDENES-1-1-705x470.jpg 705w, https:\/\/radiorevelacionfm.cl\/wp-content\/uploads\/2021\/06\/SENADORA-ORDENES-1-1-600x400.jpg 600w\" sizes=\"(max-width: 900px) 100vw, 900px\" \/><\/div><\/div><\/div><\/div><div class=\"flex_column av_one_full  flex_column_div av-zero-column-padding first  avia-builder-el-2  el_after_av_one_full  el_before_av_one_full  column-top-margin\" style='border-radius:0px; '><section class=\"av_textblock_section \"  itemscope=\"itemscope\" itemtype=\"https:\/\/schema.org\/BlogPosting\" itemprop=\"blogPost\" ><div class='avia_textblock  '   itemprop=\"text\" ><p style=\"text-align: center;\"><span style=\"font-size: 18pt;\"><strong>Senadora \u00d3rdenes propone mejorar subsidios de transporte en las regiones mediante el Fondo de Apoyo Regional<\/strong><\/span><\/p>\n<div id=\"gtx-trans\" style=\"position: absolute; left: -50px; top: 4.31534px;\">\n<div class=\"gtx-trans-icon\"><\/div>\n<\/div>\n<\/div><\/section><\/div><div class=\"flex_column av_one_full  flex_column_div av-zero-column-padding first  avia-builder-el-4  el_after_av_one_full  el_before_av_hr  column-top-margin\" style='border-radius:0px; '><section class=\"av_textblock_section \"  itemscope=\"itemscope\" itemtype=\"https:\/\/schema.org\/BlogPosting\" itemprop=\"blogPost\" ><div class='avia_textblock  '   itemprop=\"text\" ><p style=\"font-weight: 400; text-align: justify;\">Con el fin de poder abordar la demanda de nuevos subsidios de transportes en la Regi\u00f3n de Ays\u00e9n, la senadora Ximena \u00d3rdenes se encuentra gestionando la habilitaci\u00f3n de los Gobiernos Regionales para que puedan utilizar los recursos que se reciben desde el Fondo de Apoyo Regional (FAR) en subsidios operacionales de transportes.<\/p>\n<p style=\"font-weight: 400; text-align: justify;\">El Fondo Apoyo Regional (FAR), tambi\u00e9n conocido como Fondo Espejo, fue creado el a\u00f1o 2009 con la l\u00f3gica de que, con cada peso destinado al financiamiento de la operaci\u00f3n del ex Transantiago o sistema RED, haya un peso adicional el cual se repartir\u00e1 entre las regiones.<\/p>\n<p style=\"font-weight: 400; text-align: justify;\">El FAR -explic\u00f3 la senadora- \u201cbusca equiparar los grandes aportes y subvenciones que empez\u00f3 a demandar, en ese tiempo, el sistema transporte metropolitano de Santiago -primero con el Transantiago y hoy a trav\u00e9s del sistema RED- con el resto de las regiones, con el fin de financiar iniciativas de transporte, conectividad y desarrollo regional es zonas apartadas del centro del pa\u00eds\u201d.<\/p>\n<p style=\"font-weight: 400; text-align: justify;\">\u00d3rdenes agreg\u00f3 que \u201cson ampliamente conocidas las distancias y los caminos de la regi\u00f3n de Ays\u00e9n, que para conectar zonas aisladas mediante transporte p\u00fablico no suele ser rentable, y es por eso que, a trav\u00e9s de esta f\u00f3rmula, el Estado se har\u00eda parte de las medidas para subvencionar aquellos traslados de estudiantes, personas mayores y comunidad que no cuenta con los medios para hacerlo\u201d.<\/p>\n<p style=\"font-weight: 400; text-align: justify;\">La propuesta de la senadora \u00d3rdenes \u201cconsiste en dar mayor flexibilidad a la utilizaci\u00f3n de este fondo, permitiendo ir en ayuda de aquellas empresas que sustentan el transporte p\u00fablico en las regiones como Ays\u00e9n\u201d.<\/p>\n<p style=\"font-weight: 400; text-align: justify;\">\u201cUtilizando este mecanismo, se podr\u00edan aumentar las frecuencias de viajes subsidiados, por ejemplo en el caso de los estudiantes de Villa Ma\u00f1ihuales, quienes no cuentan con transporte p\u00fablico los d\u00edas domingos\u201d, ejemplific\u00f3.<\/p>\n<p style=\"font-weight: 400; text-align: justify;\">Ximena \u00d3rdenes adem\u00e1s se\u00f1al\u00f3 que la medida \u201ctambi\u00e9n podr\u00eda beneficiar a la Comuna de Villa O\u00b4Higgins, quienes no cuentan con transporte hacia el Lago Christie, o tambi\u00e9n, para aumentar los viajes de la barcaza del fiordo Mitchell, dado en gran n\u00famero de visitantes que recibe la comuna en verano\u201d.<\/p>\n<\/div><\/section><\/div><div  style='height:50px' class='hr hr-invisible   avia-builder-el-6  el_after_av_one_full  el_before_av_social_share '><span class='hr-inner ' ><span class='hr-inner-style'><\/span><\/span><\/div><\/p>\n<div  class='av-social-sharing-box  avia-builder-el-7  el_after_av_hr  el_before_av_hr  '><div class='av-share-box'><h5 class='av-share-link-description av-no-toc '>Compartir esta noticia<\/h5><ul class='av-share-box-list noLightbox'><li class='av-share-link av-social-link-facebook' ><a target=\"_blank\" aria-label=\"Compartir en Facebook\" href='https:\/\/www.facebook.com\/sharer.php?u=https:\/\/radiorevelacionfm.cl\/?p=19612&#038;t=Senadora%20%C3%93rdenes%20propone%20mejorar%20subsidios%20de%20transporte%20en%20las%20regiones%20mediante%20el%20Fondo%20de%20Apoyo%20Regional' aria-hidden='false' data-av_icon='\ue8f3' data-av_iconfont='entypo-fontello' title='' data-avia-related-tooltip='Compartir en Facebook' rel=\"noopener\"><span class='avia_hidden_link_text'>Compartir en Facebook<\/span><\/a><\/li><li class='av-share-link av-social-link-twitter' ><a target=\"_blank\" aria-label=\"Compartir en Twitter\" href='https:\/\/twitter.com\/share?text=Senadora%20%C3%93rdenes%20propone%20mejorar%20subsidios%20de%20transporte%20en%20las%20regiones%20mediante%20el%20Fondo%20de%20Apoyo%20Regional&#038;url=https:\/\/radiorevelacionfm.cl\/?p=19612' aria-hidden='false' data-av_icon='\ue8f1' data-av_iconfont='entypo-fontello' title='' data-avia-related-tooltip='Compartir en Twitter' rel=\"noopener\"><span class='avia_hidden_link_text'>Compartir en Twitter<\/span><\/a><\/li><li class='av-share-link av-social-link-whatsapp' ><a target=\"_blank\" aria-label=\"Compartir en Whatsapp\" href='https:\/\/api.whatsapp.com\/send?text=https:\/\/radiorevelacionfm.cl\/?p=19612' aria-hidden='false' data-av_icon='\uf232' data-av_iconfont='entypo-fontello' title='' data-avia-related-tooltip='Compartir en Whatsapp' rel=\"noopener\"><span class='avia_hidden_link_text'>Compartir en Whatsapp<\/span><\/a><\/li><li class='av-share-link av-social-link-linkedin' ><a target=\"_blank\" aria-label=\"Compartir en LinkedIn\" href='https:\/\/linkedin.com\/shareArticle?mini=true&#038;title=Senadora%20%C3%93rdenes%20propone%20mejorar%20subsidios%20de%20transporte%20en%20las%20regiones%20mediante%20el%20Fondo%20de%20Apoyo%20Regional&#038;url=https:\/\/radiorevelacionfm.cl\/?p=19612' aria-hidden='false' data-av_icon='\ue8fc' data-av_iconfont='entypo-fontello' title='' data-avia-related-tooltip='Compartir en LinkedIn' rel=\"noopener\"><span class='avia_hidden_link_text'>Compartir en LinkedIn<\/span><\/a><\/li><li class='av-share-link av-social-link-mail' ><a  aria-label=\"Compartir por correo\" href='mailto:?subject=Senadora%20%C3%93rdenes%20propone%20mejorar%20subsidios%20de%20transporte%20en%20las%20regiones%20mediante%20el%20Fondo%20de%20Apoyo%20Regional&#038;body=https:\/\/radiorevelacionfm.cl\/?p=19612' aria-hidden='false' data-av_icon='\ue805' data-av_iconfont='entypo-fontello' title='' data-avia-related-tooltip='Compartir por correo'><span class='avia_hidden_link_text'>Compartir por correo<\/span><\/a><\/li><\/ul><\/div><\/div>\n<div  style='height:50px' class='hr hr-invisible   avia-builder-el-8  el_after_av_social_share  el_before_av_comments_list '><span class='hr-inner ' ><span class='hr-inner-style'><\/span><\/span><\/div>\n<div  class='av-buildercomment  av-blog-meta-html-info-disabled av-blog-meta-tag-disabled  '><\/div>\n","protected":false},"excerpt":{"rendered":"","protected":false},"author":1,"featured_media":5350,"comment_status":"open","ping_status":"open","sticky":false,"template":"","format":"standard","meta":{"footnotes":""},"categories":[35],"tags":[],"class_list":["post-19612","post","type-post","status-publish","format-standard","has-post-thumbnail","hentry","category-politica"],"jetpack_featured_media_url":"https:\/\/radiorevelacionfm.cl\/wp-content\/uploads\/2021\/06\/SENADORA-ORDENES-1-1.jpg","_links":{"self":[{"href":"https:\/\/radiorevelacionfm.cl\/index.php?rest_route=\/wp\/v2\/posts\/19612","targetHints":{"allow":["GET"]}}],"collection":[{"href":"https:\/\/radiorevelacionfm.cl\/index.php?rest_route=\/wp\/v2\/posts"}],"about":[{"href":"https:\/\/radiorevelacionfm.cl\/index.php?rest_route=\/wp\/v2\/types\/post"}],"author":[{"embeddable":true,"href":"https:\/\/radiorevelacionfm.cl\/index.php?rest_route=\/wp\/v2\/users\/1"}],"replies":[{"embeddable":true,"href":"https:\/\/radiorevelacionfm.cl\/index.php?rest_route=%2Fwp%2Fv2%2Fcomments&post=19612"}],"version-history":[{"count":2,"href":"https:\/\/radiorevelacionfm.cl\/index.php?rest_route=\/wp\/v2\/posts\/19612\/revisions"}],"predecessor-version":[{"id":19614,"href":"https:\/\/radiorevelacionfm.cl\/index.php?rest_route=\/wp\/v2\/posts\/19612\/revisions\/19614"}],"wp:featuredmedia":[{"embeddable":true,"href":"https:\/\/radiorevelacionfm.cl\/index.php?rest_route=\/wp\/v2\/media\/5350"}],"wp:attachment":[{"href":"https:\/\/radiorevelacionfm.cl\/index.php?rest_route=%2Fwp%2Fv2%2Fmedia&parent=19612"}],"wp:term":[{"taxonomy":"category","embeddable":true,"href":"https:\/\/radiorevelacionfm.cl\/index.php?rest_route=%2Fwp%2Fv2%2Fcategories&post=19612"},{"taxonomy":"post_tag","embeddable":true,"href":"https:\/\/radiorevelacionfm.cl\/index.php?rest_route=%2Fwp%2Fv2%2Ftags&post=19612"}],"curies":[{"name":"wp","href":"https:\/\/api.w.org\/{rel}","templated":true}]}}