{"id":19608,"date":"2022-07-24T19:51:45","date_gmt":"2022-07-24T22:51:45","guid":{"rendered":"https:\/\/radiorevelacionfm.cl\/?p=19608"},"modified":"2022-07-24T19:51:45","modified_gmt":"2022-07-24T22:51:45","slug":"con-exito-se-realizo-seminario-de-tiro-con-arco-paralimpico-en-coyhaique","status":"publish","type":"post","link":"https:\/\/radiorevelacionfm.cl\/?p=19608","title":{"rendered":"Con \u00e9xito se realiz\u00f3 seminario de Tiro con Arco Paral\u00edmpico en Coyhaique"},"content":{"rendered":"<div class=\"flex_column av_one_full  flex_column_div av-zero-column-padding first  avia-builder-el-0  el_before_av_one_full  avia-builder-el-first  \" style='border-radius:0px; '><div  class='avia-image-container  av-styling-    avia-builder-el-1  avia-builder-el-no-sibling  avia-align-center '  itemprop=\"image\" itemscope=\"itemscope\" itemtype=\"https:\/\/schema.org\/ImageObject\"  ><div class='avia-image-container-inner'><div class='avia-image-overlay-wrap'><img decoding=\"async\" class='wp-image-19609 avia-img-lazy-loading-not-19609 avia_image' src=\"https:\/\/radiorevelacionfm.cl\/wp-content\/uploads\/2022\/07\/profes-1_optimized.jpg\" alt='' title='profes-(1)_optimized' height=\"600\" width=\"808\"  itemprop=\"thumbnailUrl\" srcset=\"https:\/\/radiorevelacionfm.cl\/wp-content\/uploads\/2022\/07\/profes-1_optimized.jpg 808w, https:\/\/radiorevelacionfm.cl\/wp-content\/uploads\/2022\/07\/profes-1_optimized-300x223.jpg 300w, https:\/\/radiorevelacionfm.cl\/wp-content\/uploads\/2022\/07\/profes-1_optimized-768x570.jpg 768w, https:\/\/radiorevelacionfm.cl\/wp-content\/uploads\/2022\/07\/profes-1_optimized-705x524.jpg 705w, https:\/\/radiorevelacionfm.cl\/wp-content\/uploads\/2022\/07\/profes-1_optimized-600x446.jpg 600w\" sizes=\"(max-width: 808px) 100vw, 808px\" \/><\/div><\/div><\/div><\/div><div class=\"flex_column av_one_full  flex_column_div av-zero-column-padding first  avia-builder-el-2  el_after_av_one_full  el_before_av_one_full  column-top-margin\" style='border-radius:0px; '><section class=\"av_textblock_section \"  itemscope=\"itemscope\" itemtype=\"https:\/\/schema.org\/BlogPosting\" itemprop=\"blogPost\" ><div class='avia_textblock  '   itemprop=\"text\" ><p style=\"text-align: center;\"><span style=\"font-size: 18pt;\"><b>Con \u00e9xito se realiz\u00f3 seminario de Tiro con Arco Paral\u00edmpico en Coyhaique<\/b><\/span><\/p>\n<div id=\"gtx-trans\" style=\"position: absolute; left: -50px; top: 4.31534px;\">\n<div class=\"gtx-trans-icon\"><\/div>\n<\/div>\n<\/div><\/section><\/div><div class=\"flex_column av_one_full  flex_column_div av-zero-column-padding first  avia-builder-el-4  el_after_av_one_full  el_before_av_hr  column-top-margin\" style='border-radius:0px; '><section class=\"av_textblock_section \"  itemscope=\"itemscope\" itemtype=\"https:\/\/schema.org\/BlogPosting\" itemprop=\"blogPost\" ><div class='avia_textblock  '   itemprop=\"text\" ><div>\n<p class=\"v1MsoNormal\" style=\"text-align: justify;\">El curso dirigido a profesionales y monitores que trabajan con personas en situaci\u00f3n de discapacidad fue dirigido por el profesor Jorge Sep\u00falveda, entrenador de la selecci\u00f3n Chilena de para Tiro con Arco y cont\u00f3 adem\u00e1s con la asistencia de Pilar Arismendi directora del Centro Telet\u00f3n y el director regional del Instituto Nacional de Deportes Chile, Jos\u00e9 Manuel Sep\u00falveda Haugen, junto a profesionales Telet\u00f3n e IND.<\/p>\n<p class=\"v1MsoNormal\" style=\"text-align: justify;\">La capacitaci\u00f3n realizada en dependencias de Telet\u00f3n Coyhaique, abord\u00f3 entre otros; nomenclatura e identificaci\u00f3n de partes de un arco, aspectos t\u00e9cnicos, t\u00e9cnica b\u00e1sica, evaluaci\u00f3n de una persona en situaci\u00f3n de discapacidad para la pr\u00e1ctica de tiro con arco y\u00a0 preparaci\u00f3n y mantenci\u00f3n del material de arquer\u00eda.<\/p>\n<p class=\"v1MsoNormal\" style=\"text-align: justify;\">La Seremi de Deportes Regi\u00f3n de Ays\u00e9n, Mar\u00eda Eugenia Dur\u00e1n Jara valor\u00f3 la capacitaci\u00f3n como un gran impulso al desarrollo del deporte paral\u00edmpico en la regi\u00f3n, agregando que \u00abesta capacitaci\u00f3n forma parte del convenio de cooperaci\u00f3n que nuestro Ministerio\u00a0 junto al\u00a0 Instituto Nacional de Deportes suscribi\u00f3 con Telet\u00f3n Coyhaique, alianza que permite capacitar a monitores, profesores y personas vinculadas al trabajo con personas en situaci\u00f3n de discapacidad, iniciativa lo que no solo permitir\u00e1 contar con deportistas que representen a la regi\u00f3n sino que su principal objetivo es mejorar la calidad de vida de las personas y conseguir su pleno desarrollo; asimismo, uno de los ejes importantes dentro del programa de Gobierno del Presidente Gabriel Boric en materia de deportes, es el fortalecimiento de los juegos paranacionales y otras competencias de deporte paral\u00edmpico a nivel municipal, regional y nacional, por lo que esta y otras capacitaciones futuras son muy necesarias.\u00bb<\/p>\n<p class=\"v1MsoNormal\" style=\"text-align: justify;\">En el mismo sentido Daniel Pedrero, Coordinador Regional Unidad de Ejercicio y Deporte Adaptado Telet\u00f3n Coyhaique, precis\u00f3 \u00abFue una gran instancia de perfeccionamiento, esto abre la puerta en la regi\u00f3n a este llamativo pero dif\u00edcil deporte, esperamos poder formar buenos arqueros en el tiempo\u00bb Telet\u00f3n Ays\u00e9n agradece enormemente el trabajo desarrollado codo a codo junto a la Federaci\u00f3n Nacional de Tiro con Arco, el Instituto Nacional de Deportes y la Seremi de Deportes, en abrir oportunidades a los deportistas paral\u00edmpicos\u00bb.<\/p>\n<\/div>\n<div style=\"text-align: justify;\"><\/div>\n<div style=\"text-align: justify;\"><\/div>\n<\/div><\/section><\/div><div  style='height:50px' class='hr hr-invisible   avia-builder-el-6  el_after_av_one_full  el_before_av_social_share '><span class='hr-inner ' ><span class='hr-inner-style'><\/span><\/span><\/div><\/p>\n<div  class='av-social-sharing-box  avia-builder-el-7  el_after_av_hr  el_before_av_hr  '><div class='av-share-box'><h5 class='av-share-link-description av-no-toc '>Compartir esta noticia<\/h5><ul class='av-share-box-list noLightbox'><li class='av-share-link av-social-link-facebook' ><a target=\"_blank\" aria-label=\"Compartir en Facebook\" href='https:\/\/www.facebook.com\/sharer.php?u=https:\/\/radiorevelacionfm.cl\/?p=19608&#038;t=Con%20%C3%A9xito%20se%20realiz%C3%B3%20seminario%20de%20Tiro%20con%20Arco%20Paral%C3%ADmpico%20en%20Coyhaique' aria-hidden='false' data-av_icon='\ue8f3' data-av_iconfont='entypo-fontello' title='' data-avia-related-tooltip='Compartir en Facebook' rel=\"noopener\"><span class='avia_hidden_link_text'>Compartir en Facebook<\/span><\/a><\/li><li class='av-share-link av-social-link-twitter' ><a target=\"_blank\" aria-label=\"Compartir en Twitter\" href='https:\/\/twitter.com\/share?text=Con%20%C3%A9xito%20se%20realiz%C3%B3%20seminario%20de%20Tiro%20con%20Arco%20Paral%C3%ADmpico%20en%20Coyhaique&#038;url=https:\/\/radiorevelacionfm.cl\/?p=19608' aria-hidden='false' data-av_icon='\ue8f1' data-av_iconfont='entypo-fontello' title='' data-avia-related-tooltip='Compartir en Twitter' rel=\"noopener\"><span class='avia_hidden_link_text'>Compartir en Twitter<\/span><\/a><\/li><li class='av-share-link av-social-link-whatsapp' ><a target=\"_blank\" aria-label=\"Compartir en Whatsapp\" href='https:\/\/api.whatsapp.com\/send?text=https:\/\/radiorevelacionfm.cl\/?p=19608' aria-hidden='false' data-av_icon='\uf232' data-av_iconfont='entypo-fontello' title='' data-avia-related-tooltip='Compartir en Whatsapp' rel=\"noopener\"><span class='avia_hidden_link_text'>Compartir en Whatsapp<\/span><\/a><\/li><li class='av-share-link av-social-link-linkedin' ><a target=\"_blank\" aria-label=\"Compartir en LinkedIn\" href='https:\/\/linkedin.com\/shareArticle?mini=true&#038;title=Con%20%C3%A9xito%20se%20realiz%C3%B3%20seminario%20de%20Tiro%20con%20Arco%20Paral%C3%ADmpico%20en%20Coyhaique&#038;url=https:\/\/radiorevelacionfm.cl\/?p=19608' aria-hidden='false' data-av_icon='\ue8fc' data-av_iconfont='entypo-fontello' title='' data-avia-related-tooltip='Compartir en LinkedIn' rel=\"noopener\"><span class='avia_hidden_link_text'>Compartir en LinkedIn<\/span><\/a><\/li><li class='av-share-link av-social-link-mail' ><a  aria-label=\"Compartir por correo\" href='mailto:?subject=Con%20%C3%A9xito%20se%20realiz%C3%B3%20seminario%20de%20Tiro%20con%20Arco%20Paral%C3%ADmpico%20en%20Coyhaique&#038;body=https:\/\/radiorevelacionfm.cl\/?p=19608' aria-hidden='false' data-av_icon='\ue805' data-av_iconfont='entypo-fontello' title='' data-avia-related-tooltip='Compartir por correo'><span class='avia_hidden_link_text'>Compartir por correo<\/span><\/a><\/li><\/ul><\/div><\/div>\n<div  style='height:50px' class='hr hr-invisible   avia-builder-el-8  el_after_av_social_share  el_before_av_comments_list '><span class='hr-inner ' ><span class='hr-inner-style'><\/span><\/span><\/div>\n<div  class='av-buildercomment  av-blog-meta-html-info-disabled av-blog-meta-tag-disabled  '><\/div>\n","protected":false},"excerpt":{"rendered":"","protected":false},"author":1,"featured_media":19609,"comment_status":"open","ping_status":"open","sticky":false,"template":"","format":"standard","meta":{"footnotes":""},"categories":[40],"tags":[],"class_list":["post-19608","post","type-post","status-publish","format-standard","has-post-thumbnail","hentry","category-deportes"],"jetpack_featured_media_url":"https:\/\/radiorevelacionfm.cl\/wp-content\/uploads\/2022\/07\/profes-1_optimized.jpg","_links":{"self":[{"href":"https:\/\/radiorevelacionfm.cl\/index.php?rest_route=\/wp\/v2\/posts\/19608","targetHints":{"allow":["GET"]}}],"collection":[{"href":"https:\/\/radiorevelacionfm.cl\/index.php?rest_route=\/wp\/v2\/posts"}],"about":[{"href":"https:\/\/radiorevelacionfm.cl\/index.php?rest_route=\/wp\/v2\/types\/post"}],"author":[{"embeddable":true,"href":"https:\/\/radiorevelacionfm.cl\/index.php?rest_route=\/wp\/v2\/users\/1"}],"replies":[{"embeddable":true,"href":"https:\/\/radiorevelacionfm.cl\/index.php?rest_route=%2Fwp%2Fv2%2Fcomments&post=19608"}],"version-history":[{"count":2,"href":"https:\/\/radiorevelacionfm.cl\/index.php?rest_route=\/wp\/v2\/posts\/19608\/revisions"}],"predecessor-version":[{"id":19611,"href":"https:\/\/radiorevelacionfm.cl\/index.php?rest_route=\/wp\/v2\/posts\/19608\/revisions\/19611"}],"wp:featuredmedia":[{"embeddable":true,"href":"https:\/\/radiorevelacionfm.cl\/index.php?rest_route=\/wp\/v2\/media\/19609"}],"wp:attachment":[{"href":"https:\/\/radiorevelacionfm.cl\/index.php?rest_route=%2Fwp%2Fv2%2Fmedia&parent=19608"}],"wp:term":[{"taxonomy":"category","embeddable":true,"href":"https:\/\/radiorevelacionfm.cl\/index.php?rest_route=%2Fwp%2Fv2%2Fcategories&post=19608"},{"taxonomy":"post_tag","embeddable":true,"href":"https:\/\/radiorevelacionfm.cl\/index.php?rest_route=%2Fwp%2Fv2%2Ftags&post=19608"}],"curies":[{"name":"wp","href":"https:\/\/api.w.org\/{rel}","templated":true}]}}