{"id":19603,"date":"2022-07-24T19:01:12","date_gmt":"2022-07-24T22:01:12","guid":{"rendered":"https:\/\/radiorevelacionfm.cl\/?p=19603"},"modified":"2022-07-24T19:01:12","modified_gmt":"2022-07-24T22:01:12","slug":"agrupacion-ecologica-fin-de-los-hielos-visito-innovador-proyecto-de-relleno-sanitario-de-aysen","status":"publish","type":"post","link":"https:\/\/radiorevelacionfm.cl\/?p=19603","title":{"rendered":"Agrupaci\u00f3n ecol\u00f3gica \u00abFin de los Hielos\u00bb visit\u00f3 innovador proyecto de relleno sanitario de Ays\u00e9n"},"content":{"rendered":"<div class=\"flex_column av_one_full  flex_column_div av-zero-column-padding first  avia-builder-el-0  el_before_av_one_full  avia-builder-el-first  \" style='border-radius:0px; '><div  class='avia-image-container  av-styling-    avia-builder-el-1  avia-builder-el-no-sibling  avia-align-center '  itemprop=\"image\" itemscope=\"itemscope\" itemtype=\"https:\/\/schema.org\/ImageObject\"  ><div class='avia-image-container-inner'><div class='avia-image-overlay-wrap'><img decoding=\"async\" class='wp-image-19605 avia-img-lazy-loading-not-19605 avia_image' src=\"https:\/\/radiorevelacionfm.cl\/wp-content\/uploads\/2022\/07\/agrup-ecologica-relleno-2-1_optimized-1-1.jpeg\" alt='' title='agrup-ecologica-relleno-2-(1)_optimized (1)' height=\"600\" width=\"1067\"  itemprop=\"thumbnailUrl\" srcset=\"https:\/\/radiorevelacionfm.cl\/wp-content\/uploads\/2022\/07\/agrup-ecologica-relleno-2-1_optimized-1-1.jpeg 1067w, https:\/\/radiorevelacionfm.cl\/wp-content\/uploads\/2022\/07\/agrup-ecologica-relleno-2-1_optimized-1-1-300x169.jpeg 300w, https:\/\/radiorevelacionfm.cl\/wp-content\/uploads\/2022\/07\/agrup-ecologica-relleno-2-1_optimized-1-1-1030x579.jpeg 1030w, https:\/\/radiorevelacionfm.cl\/wp-content\/uploads\/2022\/07\/agrup-ecologica-relleno-2-1_optimized-1-1-768x432.jpeg 768w, https:\/\/radiorevelacionfm.cl\/wp-content\/uploads\/2022\/07\/agrup-ecologica-relleno-2-1_optimized-1-1-705x396.jpeg 705w, https:\/\/radiorevelacionfm.cl\/wp-content\/uploads\/2022\/07\/agrup-ecologica-relleno-2-1_optimized-1-1-600x337.jpeg 600w\" sizes=\"(max-width: 1067px) 100vw, 1067px\" \/><\/div><\/div><\/div><\/div><div class=\"flex_column av_one_full  flex_column_div av-zero-column-padding first  avia-builder-el-2  el_after_av_one_full  el_before_av_one_full  column-top-margin\" style='border-radius:0px; '><section class=\"av_textblock_section \"  itemscope=\"itemscope\" itemtype=\"https:\/\/schema.org\/BlogPosting\" itemprop=\"blogPost\" ><div class='avia_textblock  '   itemprop=\"text\" ><p style=\"text-align: center;\"><strong><span style=\"font-size: 18pt;\">Agrupaci\u00f3n ecol\u00f3gica \u00abFin de los Hielos\u00bb visit\u00f3 innovador proyecto de relleno sanitario de Ays\u00e9n<\/span><\/strong><\/p>\n<div id=\"gtx-trans\" style=\"position: absolute; left: -50px; top: 4.31534px;\">\n<div class=\"gtx-trans-icon\"><\/div>\n<\/div>\n<\/div><\/section><\/div><div class=\"flex_column av_one_full  flex_column_div av-zero-column-padding first  avia-builder-el-4  el_after_av_one_full  el_before_av_hr  column-top-margin\" style='border-radius:0px; '><section class=\"av_textblock_section \"  itemscope=\"itemscope\" itemtype=\"https:\/\/schema.org\/BlogPosting\" itemprop=\"blogPost\" ><div class='avia_textblock  '   itemprop=\"text\" ><p style=\"text-align: justify;\">En su constante labor de acercamiento a la comunidad, Empresas Bahamonde ofrece la posibilidad de que las distintas organizaciones, servicios p\u00fablicos, autoridades y colegios, conozcan el innovador proyecto que se est\u00e1 desarrollando en el relleno sanitario de Ays\u00e9n.<\/p>\n<p style=\"text-align: justify;\">Es as\u00ed que, previa coordinaci\u00f3n con un funcionario de la Oficina Local de la Ni\u00f1ez, un grupo de ni\u00f1os, ni\u00f1as y adolescentes que forman parte de la Patrulla Ecol\u00f3gica \u00abFin de los Hielos\u00bb, llegaron hasta el recinto ubicado en el kil\u00f3metro 12 de la ruta Puerto Ays\u00e9n \u2013 Coyhaique.<\/p>\n<p style=\"text-align: justify;\">Alejandro Bahamonde propietario y representante de la empresa, destac\u00f3 el hecho de poder concretar una nueva actividad de vinculaci\u00f3n con la ciudadan\u00eda.<\/p>\n<p style=\"text-align: justify;\">\u201cEn coordinaci\u00f3n con don Manuel Vera ya hemos llevado a varios grupos, en ocasi\u00f3n anterior fue una agrupaci\u00f3n a trav\u00e9s del Senda Ays\u00e9n, ahora, fueron estos muchachos que es una agrupaci\u00f3n ecol\u00f3gica del sector La Balsa y me indicaron que muchas organizaciones m\u00e1s van a ir a visitar el relleno. Nosotros estamos dispuestos a recibirlos y mostrarles este gran proyecto que, para la comuna de Ays\u00e9n, principalmente la planta de tratamiento con un sistema de lombrifiltro, que llama mucho la atenci\u00f3n de la comunidad. Reiteramos tambi\u00e9n el llamado a cualquier agrupaci\u00f3n, instituci\u00f3n, que quiera visitar el relleno sanitario, est\u00e1 abierto y solo se requiere una coordinaci\u00f3n previa, llamando a la oficina, a mi n\u00famero de celular y coordinamos la visita\u201d.<\/p>\n<p style=\"text-align: justify;\">En tanto, Manuel Vera, gestor comunitario de la Oficina Local de la Ni\u00f1ez, valoraba la posibilidad y la buena disposici\u00f3n de Empresas Bahamonde en acercar su trabajo a la comunidad y sobre todo los ni\u00f1os, ni\u00f1as y adolescentes.<\/p>\n<p style=\"text-align: justify;\">\u201cAgradecemos enormemente la disposici\u00f3n, tambi\u00e9n el compromiso con el medio ambiente de Empresas Bahamonde, hemos generado un contacto de trabajo permanente con el representante legal don Alejandro Bahamonde, quien siempre ha manifestado una excelente disposici\u00f3n para que podamos realizar estas visitas guiadas por parte de su personal que est\u00e1 en el relleno sanitario. Esto permite que los ni\u00f1os, ni\u00f1as, adolescentes que tienen una noci\u00f3n de futuro, de cuidado al medio ambiente, puedan visitar este proyecto que tiene en el kil\u00f3metro 12, que permite incentivar y contribuye al cuidado del medio ambiente, a trav\u00e9s del tratamiento que se da a los residuos domiciliarios de la comuna de Ays\u00e9n\u201d.<\/p>\n<p style=\"text-align: justify;\">Manuel Vera, enfatiz\u00f3 en la importancia de estas actividades que incluyen tambi\u00e9n a los padres de los ni\u00f1os.<\/p>\n<p style=\"text-align: justify;\">\u201cLa Oficina Local de la Ni\u00f1ez, tiene una l\u00ednea de gesti\u00f3n comunitaria que nos permite generar todo este tipo de instancias de participaci\u00f3n activa por parte de la ciudadan\u00eda, especialmente nosotros nos enfocamos a la promoci\u00f3n de los derechos de los ni\u00f1os, ni\u00f1as y adolescentes. En ese sentido, tenemos que hacerlos participes a todos junto a sus padres, junto a los adultos responsables, generar estas instancias que permitan la vinculaci\u00f3n afectiva entre los padres y sus hijos, a trav\u00e9s de ellos, generar, promover y difundir el pleno goce de los derechos de los ni\u00f1os, ni\u00f1as y adolescentes\u201d.<\/p>\n<p style=\"text-align: justify;\">Desde Empresas Bahamonde, reiteraron la invitaci\u00f3n a las autoridades, instituciones, organizaciones y colegios que deseen conocer el relleno sanitario, a contactarse al n\u00famero de red fija 672 \u2013 335550<\/p>\n<\/div><\/section><\/div><div  style='height:50px' class='hr hr-invisible   avia-builder-el-6  el_after_av_one_full  el_before_av_social_share '><span class='hr-inner ' ><span class='hr-inner-style'><\/span><\/span><\/div><\/p>\n<div  class='av-social-sharing-box  avia-builder-el-7  el_after_av_hr  el_before_av_hr  '><div class='av-share-box'><h5 class='av-share-link-description av-no-toc '>Compartir esta noticia<\/h5><ul class='av-share-box-list noLightbox'><li class='av-share-link av-social-link-facebook' ><a target=\"_blank\" aria-label=\"Compartir en Facebook\" href='https:\/\/www.facebook.com\/sharer.php?u=https:\/\/radiorevelacionfm.cl\/?p=19603&#038;t=Agrupaci%C3%B3n%20ecol%C3%B3gica%20%C2%ABFin%20de%20los%20Hielos%C2%BB%20visit%C3%B3%20innovador%20proyecto%20de%20relleno%20sanitario%20de%20Ays%C3%A9n' aria-hidden='false' data-av_icon='\ue8f3' data-av_iconfont='entypo-fontello' title='' data-avia-related-tooltip='Compartir en Facebook' rel=\"noopener\"><span class='avia_hidden_link_text'>Compartir en Facebook<\/span><\/a><\/li><li class='av-share-link av-social-link-twitter' ><a target=\"_blank\" aria-label=\"Compartir en Twitter\" href='https:\/\/twitter.com\/share?text=Agrupaci%C3%B3n%20ecol%C3%B3gica%20%C2%ABFin%20de%20los%20Hielos%C2%BB%20visit%C3%B3%20innovador%20proyecto%20de%20relleno%20sanitario%20de%20Ays%C3%A9n&#038;url=https:\/\/radiorevelacionfm.cl\/?p=19603' aria-hidden='false' data-av_icon='\ue8f1' data-av_iconfont='entypo-fontello' title='' data-avia-related-tooltip='Compartir en Twitter' rel=\"noopener\"><span class='avia_hidden_link_text'>Compartir en Twitter<\/span><\/a><\/li><li class='av-share-link av-social-link-whatsapp' ><a target=\"_blank\" aria-label=\"Compartir en Whatsapp\" href='https:\/\/api.whatsapp.com\/send?text=https:\/\/radiorevelacionfm.cl\/?p=19603' aria-hidden='false' data-av_icon='\uf232' data-av_iconfont='entypo-fontello' title='' data-avia-related-tooltip='Compartir en Whatsapp' rel=\"noopener\"><span class='avia_hidden_link_text'>Compartir en Whatsapp<\/span><\/a><\/li><li class='av-share-link av-social-link-linkedin' ><a target=\"_blank\" aria-label=\"Compartir en LinkedIn\" href='https:\/\/linkedin.com\/shareArticle?mini=true&#038;title=Agrupaci%C3%B3n%20ecol%C3%B3gica%20%C2%ABFin%20de%20los%20Hielos%C2%BB%20visit%C3%B3%20innovador%20proyecto%20de%20relleno%20sanitario%20de%20Ays%C3%A9n&#038;url=https:\/\/radiorevelacionfm.cl\/?p=19603' aria-hidden='false' data-av_icon='\ue8fc' data-av_iconfont='entypo-fontello' title='' data-avia-related-tooltip='Compartir en LinkedIn' rel=\"noopener\"><span class='avia_hidden_link_text'>Compartir en LinkedIn<\/span><\/a><\/li><li class='av-share-link av-social-link-mail' ><a  aria-label=\"Compartir por correo\" href='mailto:?subject=Agrupaci%C3%B3n%20ecol%C3%B3gica%20%C2%ABFin%20de%20los%20Hielos%C2%BB%20visit%C3%B3%20innovador%20proyecto%20de%20relleno%20sanitario%20de%20Ays%C3%A9n&#038;body=https:\/\/radiorevelacionfm.cl\/?p=19603' aria-hidden='false' data-av_icon='\ue805' data-av_iconfont='entypo-fontello' title='' data-avia-related-tooltip='Compartir por correo'><span class='avia_hidden_link_text'>Compartir por correo<\/span><\/a><\/li><\/ul><\/div><\/div>\n<div  style='height:50px' class='hr hr-invisible   avia-builder-el-8  el_after_av_social_share  el_before_av_comments_list '><span class='hr-inner ' ><span class='hr-inner-style'><\/span><\/span><\/div>\n<div  class='av-buildercomment  av-blog-meta-html-info-disabled av-blog-meta-tag-disabled  '><\/div>\n","protected":false},"excerpt":{"rendered":"","protected":false},"author":1,"featured_media":19605,"comment_status":"open","ping_status":"open","sticky":false,"template":"","format":"standard","meta":{"footnotes":""},"categories":[39],"tags":[],"class_list":["post-19603","post","type-post","status-publish","format-standard","has-post-thumbnail","hentry","category-medio-ambiente"],"jetpack_featured_media_url":"https:\/\/radiorevelacionfm.cl\/wp-content\/uploads\/2022\/07\/agrup-ecologica-relleno-2-1_optimized-1-1.jpeg","_links":{"self":[{"href":"https:\/\/radiorevelacionfm.cl\/index.php?rest_route=\/wp\/v2\/posts\/19603","targetHints":{"allow":["GET"]}}],"collection":[{"href":"https:\/\/radiorevelacionfm.cl\/index.php?rest_route=\/wp\/v2\/posts"}],"about":[{"href":"https:\/\/radiorevelacionfm.cl\/index.php?rest_route=\/wp\/v2\/types\/post"}],"author":[{"embeddable":true,"href":"https:\/\/radiorevelacionfm.cl\/index.php?rest_route=\/wp\/v2\/users\/1"}],"replies":[{"embeddable":true,"href":"https:\/\/radiorevelacionfm.cl\/index.php?rest_route=%2Fwp%2Fv2%2Fcomments&post=19603"}],"version-history":[{"count":2,"href":"https:\/\/radiorevelacionfm.cl\/index.php?rest_route=\/wp\/v2\/posts\/19603\/revisions"}],"predecessor-version":[{"id":19607,"href":"https:\/\/radiorevelacionfm.cl\/index.php?rest_route=\/wp\/v2\/posts\/19603\/revisions\/19607"}],"wp:featuredmedia":[{"embeddable":true,"href":"https:\/\/radiorevelacionfm.cl\/index.php?rest_route=\/wp\/v2\/media\/19605"}],"wp:attachment":[{"href":"https:\/\/radiorevelacionfm.cl\/index.php?rest_route=%2Fwp%2Fv2%2Fmedia&parent=19603"}],"wp:term":[{"taxonomy":"category","embeddable":true,"href":"https:\/\/radiorevelacionfm.cl\/index.php?rest_route=%2Fwp%2Fv2%2Fcategories&post=19603"},{"taxonomy":"post_tag","embeddable":true,"href":"https:\/\/radiorevelacionfm.cl\/index.php?rest_route=%2Fwp%2Fv2%2Ftags&post=19603"}],"curies":[{"name":"wp","href":"https:\/\/api.w.org\/{rel}","templated":true}]}}