{"id":19599,"date":"2022-07-24T18:41:19","date_gmt":"2022-07-24T21:41:19","guid":{"rendered":"https:\/\/radiorevelacionfm.cl\/?p=19599"},"modified":"2022-07-24T18:41:19","modified_gmt":"2022-07-24T21:41:19","slug":"viajero-califico-como-una-buena-experiencia-primer-viaje-entre-coyhaique-y-chile-chico-por-argentina","status":"publish","type":"post","link":"https:\/\/radiorevelacionfm.cl\/?p=19599","title":{"rendered":"Viajero calific\u00f3 como \u201cuna buena experiencia \u201d primer viaje entre Coyhaique y Chile Chico por Argentina"},"content":{"rendered":"<div class=\"flex_column av_one_full  flex_column_div av-zero-column-padding first  avia-builder-el-0  el_before_av_one_full  avia-builder-el-first  \" style='border-radius:0px; '><div  class='avia-image-container  av-styling-    avia-builder-el-1  avia-builder-el-no-sibling  avia-align-center '  itemprop=\"image\" itemscope=\"itemscope\" itemtype=\"https:\/\/schema.org\/ImageObject\"  ><div class='avia-image-container-inner'><div class='avia-image-overlay-wrap'><img decoding=\"async\" class='wp-image-19600 avia-img-lazy-loading-not-19600 avia_image' src=\"https:\/\/radiorevelacionfm.cl\/wp-content\/uploads\/2022\/07\/20220721_091713-1-1.jpg\" alt='' title='20220721_091713 (1) (1)' height=\"600\" width=\"800\"  itemprop=\"thumbnailUrl\" srcset=\"https:\/\/radiorevelacionfm.cl\/wp-content\/uploads\/2022\/07\/20220721_091713-1-1.jpg 800w, https:\/\/radiorevelacionfm.cl\/wp-content\/uploads\/2022\/07\/20220721_091713-1-1-300x225.jpg 300w, https:\/\/radiorevelacionfm.cl\/wp-content\/uploads\/2022\/07\/20220721_091713-1-1-768x576.jpg 768w, https:\/\/radiorevelacionfm.cl\/wp-content\/uploads\/2022\/07\/20220721_091713-1-1-705x529.jpg 705w, https:\/\/radiorevelacionfm.cl\/wp-content\/uploads\/2022\/07\/20220721_091713-1-1-600x450.jpg 600w\" sizes=\"(max-width: 800px) 100vw, 800px\" \/><\/div><\/div><\/div><\/div><div class=\"flex_column av_one_full  flex_column_div av-zero-column-padding first  avia-builder-el-2  el_after_av_one_full  el_before_av_one_full  column-top-margin\" style='border-radius:0px; '><section class=\"av_textblock_section \"  itemscope=\"itemscope\" itemtype=\"https:\/\/schema.org\/BlogPosting\" itemprop=\"blogPost\" ><div class='avia_textblock  '   itemprop=\"text\" ><p style=\"text-align: center;\"><strong><span style=\"font-size: 18pt;\">Viajero calific\u00f3 como \u201cuna buena experiencia \u201d primer viaje entre Coyhaique y Chile Chico por Argentina<\/span><\/strong><\/p>\n<div id=\"gtx-trans\" style=\"position: absolute; left: -50px; top: 4.31534px;\">\n<div class=\"gtx-trans-icon\"><\/div>\n<\/div>\n<\/div><\/section><\/div><div class=\"flex_column av_one_full  flex_column_div av-zero-column-padding first  avia-builder-el-4  el_after_av_one_full  el_before_av_hr  column-top-margin\" style='border-radius:0px; '><section class=\"av_textblock_section \"  itemscope=\"itemscope\" itemtype=\"https:\/\/schema.org\/BlogPosting\" itemprop=\"blogPost\" ><div class='avia_textblock  '   itemprop=\"text\" ><p style=\"text-align: justify;\">Este jueves comenz\u00f3 el anhelado viaje entre la capital regional y la cabecera provincial de General Carrera v\u00eda Argentina. Una alternativa que se suma a una serie de medidas de contingencia para mejorar la delicada conectividad por la que atraviesa Chile Chico.<\/p>\n<p style=\"text-align: justify;\">A las 09 hrs. sali\u00f3, con cinco pasajeros, el primer bus desde el Terminal de Buses de Coyhaique y a eso de las 17:00 Hrs estaba reingresando a Chile por el Complejo Fronterizo Jeinimeni donde fue recibido por el Delegado Presidencial Provincial de General Carrera. Este viernes continu\u00f3 el servicio con buses en ambos sentidos con un significativo aumento de pasajeros. El recorrido se estar\u00e1 realizando todos los d\u00edas de la semana con excepci\u00f3n de los s\u00e1bados, con horarios de 09 hrs en ambos sentidos.<\/p>\n<p style=\"text-align: justify;\">Uno de los primeros viajeros fue Mario Andrade, que en el sector de Aduana comentaba que \u201cLa experiencia es buena, yo es primer viaje que hago, ya muchos a\u00f1os que no ven\u00eda para Chile Chico y, m\u00e1s que nada, era por el problema de conectividad a trav\u00e9s de la barcaza, lo que se hizo ahora a trav\u00e9s de estos buses subvencionados que se est\u00e1n colocando va a ayudar mucho a la gente para poder hacer un traslado m\u00e1s ligero y, aparte que las horas de viajes son como 6-7 horas\u201d. Andrade agreg\u00f3 que \u201cPor supuesto (que recomendar\u00eda el viaje), esto hay que aprovecharlo, la verdad el viaje no es malo. Hay partes que todav\u00eda hay que arreglar lo que es camino, pero en s\u00ed la mayor\u00eda es bueno, muy bueno y es r\u00e1pido m\u00e1s que nada\u201d<\/p>\n<p style=\"text-align: justify;\">Por su parte el Delegado Presidencial Provincial de General Carrera, Daniel Fern\u00e1ndez, destac\u00f3 que \u201cestamos contentos porque es una iniciativa que nace, precisamente, escuchando a la ciudadan\u00eda, es una demanda ciudadana. Valoramos tambi\u00e9n el aporte que ha hecho el Ministerio de Transportes, nuestro Delegado Regional y la comunidad en general\u201d, el jefe provincial sum\u00f3 que \u201cEste bus lleg\u00f3 sin mayores contratiempos, estamos muy contentos porque este viaje considera una tarifa significativamente accesible a la mayor\u00eda de las personas: vale $2 mil, hay beneficio de gratuidad para los m\u00e1s j\u00f3venes, estudiantes y tercera edad\u201d cerr\u00f3 Fern\u00e1ndez.<\/p>\n<p style=\"text-align: justify;\">La seremiTT Claudia Cantero relev\u00f3 el esfuerzo institucional realizado para agilizar la operaci\u00f3n de estos buses y de esta forma dar respuesta a la solicitud de la comunidad. En este sentido, tambi\u00e9n puso en valor la orientaci\u00f3n y cooperaci\u00f3n de la seremi de Salud para dar cumplimiento a los resguardos sanitarios vigentes en los controles migratorios. \u00abLe recordamos a las personas que necesitan viajar que deben contar con su pase de movilidad. En caso de no contar con el se exigir\u00e1 un PCR negativo con vigencia de 72 horas o un test de ant\u00edgenos de 48 horas\u00bb.<\/p>\n<p style=\"text-align: justify;\">La autoridad de Transportes adem\u00e1s explic\u00f3 que la venta de pasajes se realizar\u00e1 en los terminales de buses de la capital regional y de la ciudad del sol. \u00abEn Coyhaique la venta de pasajes se realizar\u00e1 en Buses Gardy en horarios de 8 de la ma\u00f1ana a 12:30 hrs. y de 15 a 17 hrs\u00bb. Cantero agreg\u00f3 adem\u00e1s que desde la seremiTT se est\u00e1 realizando un seguimiento del servicio, a fin de velar por el cumplimiento de la conectividad y tambi\u00e9n de la seguridad de los usuarios.<\/p>\n<p style=\"text-align: justify;\">Para acceder a este recorrido es muy importante contar con la c\u00e9dula de identidad al d\u00eda (sin considerar las pr\u00f3rrogas) y contar con un pase de movilidad o test PCR\/Ant\u00edgeno certificado por la autoridad sanitaria. El contrato de operaci\u00f3n de estos buses se extender\u00e1 por tres meses, pero se podr\u00e1 prorrogar dependiendo de la demanda de pasajeros existente.<\/p>\n<\/div><\/section><\/div><div  style='height:50px' class='hr hr-invisible   avia-builder-el-6  el_after_av_one_full  el_before_av_social_share '><span class='hr-inner ' ><span class='hr-inner-style'><\/span><\/span><\/div><\/p>\n<div  class='av-social-sharing-box  avia-builder-el-7  el_after_av_hr  el_before_av_hr  '><div class='av-share-box'><h5 class='av-share-link-description av-no-toc '>Compartir esta noticia<\/h5><ul class='av-share-box-list noLightbox'><li class='av-share-link av-social-link-facebook' ><a target=\"_blank\" aria-label=\"Compartir en Facebook\" href='https:\/\/www.facebook.com\/sharer.php?u=https:\/\/radiorevelacionfm.cl\/?p=19599&#038;t=Viajero%20calific%C3%B3%20como%20%E2%80%9Cuna%20buena%20experiencia%20%E2%80%9D%20primer%20viaje%20entre%20Coyhaique%20y%20Chile%20Chico%20por%20Argentina' aria-hidden='false' data-av_icon='\ue8f3' data-av_iconfont='entypo-fontello' title='' data-avia-related-tooltip='Compartir en Facebook' rel=\"noopener\"><span class='avia_hidden_link_text'>Compartir en Facebook<\/span><\/a><\/li><li class='av-share-link av-social-link-twitter' ><a target=\"_blank\" aria-label=\"Compartir en Twitter\" href='https:\/\/twitter.com\/share?text=Viajero%20calific%C3%B3%20como%20%E2%80%9Cuna%20buena%20experiencia%20%E2%80%9D%20primer%20viaje%20entre%20Coyhaique%20y%20Chile%20Chico%20por%20Argentina&#038;url=https:\/\/radiorevelacionfm.cl\/?p=19599' aria-hidden='false' data-av_icon='\ue8f1' data-av_iconfont='entypo-fontello' title='' data-avia-related-tooltip='Compartir en Twitter' rel=\"noopener\"><span class='avia_hidden_link_text'>Compartir en Twitter<\/span><\/a><\/li><li class='av-share-link av-social-link-whatsapp' ><a target=\"_blank\" aria-label=\"Compartir en Whatsapp\" href='https:\/\/api.whatsapp.com\/send?text=https:\/\/radiorevelacionfm.cl\/?p=19599' aria-hidden='false' data-av_icon='\uf232' data-av_iconfont='entypo-fontello' title='' data-avia-related-tooltip='Compartir en Whatsapp' rel=\"noopener\"><span class='avia_hidden_link_text'>Compartir en Whatsapp<\/span><\/a><\/li><li class='av-share-link av-social-link-linkedin' ><a target=\"_blank\" aria-label=\"Compartir en LinkedIn\" href='https:\/\/linkedin.com\/shareArticle?mini=true&#038;title=Viajero%20calific%C3%B3%20como%20%E2%80%9Cuna%20buena%20experiencia%20%E2%80%9D%20primer%20viaje%20entre%20Coyhaique%20y%20Chile%20Chico%20por%20Argentina&#038;url=https:\/\/radiorevelacionfm.cl\/?p=19599' aria-hidden='false' data-av_icon='\ue8fc' data-av_iconfont='entypo-fontello' title='' data-avia-related-tooltip='Compartir en LinkedIn' rel=\"noopener\"><span class='avia_hidden_link_text'>Compartir en LinkedIn<\/span><\/a><\/li><li class='av-share-link av-social-link-mail' ><a  aria-label=\"Compartir por correo\" href='mailto:?subject=Viajero%20calific%C3%B3%20como%20%E2%80%9Cuna%20buena%20experiencia%20%E2%80%9D%20primer%20viaje%20entre%20Coyhaique%20y%20Chile%20Chico%20por%20Argentina&#038;body=https:\/\/radiorevelacionfm.cl\/?p=19599' aria-hidden='false' data-av_icon='\ue805' data-av_iconfont='entypo-fontello' title='' data-avia-related-tooltip='Compartir por correo'><span class='avia_hidden_link_text'>Compartir por correo<\/span><\/a><\/li><\/ul><\/div><\/div>\n<div  style='height:50px' class='hr hr-invisible   avia-builder-el-8  el_after_av_social_share  el_before_av_comments_list '><span class='hr-inner ' ><span class='hr-inner-style'><\/span><\/span><\/div>\n<div  class='av-buildercomment  av-blog-meta-html-info-disabled av-blog-meta-tag-disabled  '><\/div>\n","protected":false},"excerpt":{"rendered":"","protected":false},"author":1,"featured_media":19600,"comment_status":"open","ping_status":"open","sticky":false,"template":"","format":"standard","meta":{"footnotes":""},"categories":[59],"tags":[],"class_list":["post-19599","post","type-post","status-publish","format-standard","has-post-thumbnail","hentry","category-transporte"],"jetpack_featured_media_url":"https:\/\/radiorevelacionfm.cl\/wp-content\/uploads\/2022\/07\/20220721_091713-1-1.jpg","_links":{"self":[{"href":"https:\/\/radiorevelacionfm.cl\/index.php?rest_route=\/wp\/v2\/posts\/19599","targetHints":{"allow":["GET"]}}],"collection":[{"href":"https:\/\/radiorevelacionfm.cl\/index.php?rest_route=\/wp\/v2\/posts"}],"about":[{"href":"https:\/\/radiorevelacionfm.cl\/index.php?rest_route=\/wp\/v2\/types\/post"}],"author":[{"embeddable":true,"href":"https:\/\/radiorevelacionfm.cl\/index.php?rest_route=\/wp\/v2\/users\/1"}],"replies":[{"embeddable":true,"href":"https:\/\/radiorevelacionfm.cl\/index.php?rest_route=%2Fwp%2Fv2%2Fcomments&post=19599"}],"version-history":[{"count":2,"href":"https:\/\/radiorevelacionfm.cl\/index.php?rest_route=\/wp\/v2\/posts\/19599\/revisions"}],"predecessor-version":[{"id":19602,"href":"https:\/\/radiorevelacionfm.cl\/index.php?rest_route=\/wp\/v2\/posts\/19599\/revisions\/19602"}],"wp:featuredmedia":[{"embeddable":true,"href":"https:\/\/radiorevelacionfm.cl\/index.php?rest_route=\/wp\/v2\/media\/19600"}],"wp:attachment":[{"href":"https:\/\/radiorevelacionfm.cl\/index.php?rest_route=%2Fwp%2Fv2%2Fmedia&parent=19599"}],"wp:term":[{"taxonomy":"category","embeddable":true,"href":"https:\/\/radiorevelacionfm.cl\/index.php?rest_route=%2Fwp%2Fv2%2Fcategories&post=19599"},{"taxonomy":"post_tag","embeddable":true,"href":"https:\/\/radiorevelacionfm.cl\/index.php?rest_route=%2Fwp%2Fv2%2Ftags&post=19599"}],"curies":[{"name":"wp","href":"https:\/\/api.w.org\/{rel}","templated":true}]}}