{"id":19595,"date":"2022-07-24T15:29:31","date_gmt":"2022-07-24T18:29:31","guid":{"rendered":"https:\/\/radiorevelacionfm.cl\/?p=19595"},"modified":"2022-07-24T15:29:31","modified_gmt":"2022-07-24T18:29:31","slug":"programa-recupera-turismo-destina-mas-de-680-millones-para-la-region-de-aysen","status":"publish","type":"post","link":"https:\/\/radiorevelacionfm.cl\/?p=19595","title":{"rendered":"Programa Recupera Turismo destina m\u00e1s de $680 millones para la Regi\u00f3n de Ays\u00e9n"},"content":{"rendered":"<div class=\"flex_column av_one_full  flex_column_div av-zero-column-padding first  avia-builder-el-0  el_before_av_one_full  avia-builder-el-first  \" style='border-radius:0px; '><div  class='avia-image-container  av-styling-    avia-builder-el-1  avia-builder-el-no-sibling  avia-align-center '  itemprop=\"image\" itemscope=\"itemscope\" itemtype=\"https:\/\/schema.org\/ImageObject\"  ><div class='avia-image-container-inner'><div class='avia-image-overlay-wrap'><img decoding=\"async\" class='wp-image-19596 avia-img-lazy-loading-not-19596 avia_image' src=\"https:\/\/radiorevelacionfm.cl\/wp-content\/uploads\/2022\/07\/04-recupera-turismo-sercotec1-1_optimized-1.jpg\" alt='' title='04-recupera-turismo-sercotec1-(1)_optimized (1)' height=\"600\" width=\"1324\"  itemprop=\"thumbnailUrl\" srcset=\"https:\/\/radiorevelacionfm.cl\/wp-content\/uploads\/2022\/07\/04-recupera-turismo-sercotec1-1_optimized-1.jpg 1324w, https:\/\/radiorevelacionfm.cl\/wp-content\/uploads\/2022\/07\/04-recupera-turismo-sercotec1-1_optimized-1-300x136.jpg 300w, https:\/\/radiorevelacionfm.cl\/wp-content\/uploads\/2022\/07\/04-recupera-turismo-sercotec1-1_optimized-1-1030x467.jpg 1030w, https:\/\/radiorevelacionfm.cl\/wp-content\/uploads\/2022\/07\/04-recupera-turismo-sercotec1-1_optimized-1-768x348.jpg 768w, https:\/\/radiorevelacionfm.cl\/wp-content\/uploads\/2022\/07\/04-recupera-turismo-sercotec1-1_optimized-1-705x319.jpg 705w, https:\/\/radiorevelacionfm.cl\/wp-content\/uploads\/2022\/07\/04-recupera-turismo-sercotec1-1_optimized-1-600x272.jpg 600w\" sizes=\"(max-width: 1324px) 100vw, 1324px\" \/><\/div><\/div><\/div><\/div><div class=\"flex_column av_one_full  flex_column_div av-zero-column-padding first  avia-builder-el-2  el_after_av_one_full  el_before_av_one_full  column-top-margin\" style='border-radius:0px; '><section class=\"av_textblock_section \"  itemscope=\"itemscope\" itemtype=\"https:\/\/schema.org\/BlogPosting\" itemprop=\"blogPost\" ><div class='avia_textblock  '   itemprop=\"text\" ><p style=\"text-align: center;\"><strong><span style=\"font-size: 18pt;\">Programa Recupera Turismo destina m\u00e1s de $680 millones para la Regi\u00f3n de Ays\u00e9n<\/span><\/strong><\/p>\n<div id=\"gtx-trans\" style=\"position: absolute; left: -50px; top: 4.31534px;\">\n<div class=\"gtx-trans-icon\"><\/div>\n<\/div>\n<\/div><\/section><\/div><div class=\"flex_column av_one_full  flex_column_div av-zero-column-padding first  avia-builder-el-4  el_after_av_one_full  el_before_av_hr  column-top-margin\" style='border-radius:0px; '><section class=\"av_textblock_section \"  itemscope=\"itemscope\" itemtype=\"https:\/\/schema.org\/BlogPosting\" itemprop=\"blogPost\" ><div class='avia_textblock  '   itemprop=\"text\" ><p style=\"text-align: justify;\">Una inversi\u00f3n que supera los 680 millones de pesos para apoyar a 157 micro y peque\u00f1as empresas de la Regi\u00f3n de Ays\u00e9n, dispuso el programa Recupera Turismo de Sercotec, como parte del Plan de Recuperaci\u00f3n Inclusiva Chile Apoya.<\/p>\n<p style=\"font-weight: 400; text-align: justify;\">El lanzamiento fue encabezado por el Delegado Presidencial Regional, Rodrigo Araya, la seremi de Econom\u00eda, Rosa Machac\u00e1n, directora regional (s) de Sercotec, Ivone Pereira, y representante de Sernatur, Sandra Navarro, en dependencias de Hostal Los Teros, ubicada en Avenida Ogana 1825, Coyhaique, perteneciente a Gloria Oyarz\u00fan.<\/p>\n<p style=\"font-weight: 400; text-align: justify;\">Rodrigo Araya indic\u00f3 que esta convocatoria especial considera un subsidio de cuatro millones de pesos, sin aporte empresarial, para incentivar la reactivaci\u00f3n de las micro y peque\u00f1as empresas tur\u00edsticas que han visto afectadas sus actividades, producto de la situaci\u00f3n sanitaria.<\/p>\n<p style=\"font-weight: 400; text-align: justify;\">\u201cA nivel nacional nuestro Gobierno ha implementado el Plan de Recuperaci\u00f3n Inclusiva Chile Apoya y dentro de eso est\u00e1 el Programa Recupera Turismo, porque nos interesa \u00a0\u00a0que las micro y peque\u00f1as empresas que todav\u00eda no han recuperado sus niveles de ingreso producto de la pandemia, puedan hacer inversiones en todos los \u00e1mbitos que estos cuatro millones de pesos les puedan ayudar: inversi\u00f3n, capacitaci\u00f3n, personal, arriendo. La invitaci\u00f3n est\u00e1 hecha, as\u00ed que postulen para que puedan beneficiarse de estos recursos que el Estado se ha preocupado de entregar en nuestra regi\u00f3n\u201d, expres\u00f3 el Delegado Presidencial Regional.<\/p>\n<p style=\"font-weight: 400; text-align: justify;\">La Seremi Rosa Machac\u00e1n detall\u00f3 que la convocatoria est\u00e1 dirigida a micro y peque\u00f1as empresas y cooperativas del sector turismo, que hayan iniciado actividades en primera categor\u00eda ante el Servicio de Impuestos Internos hasta el 30 de noviembre de 2019 y que est\u00e9n vigentes, con ventas netas mayores a 0 UF e inferiores o iguales a 2.400 UF, entre julio de 2021 y junio de 2022.<\/p>\n<p style=\"font-weight: 400; text-align: justify;\">\u201cEl Ministerio de Econom\u00eda tiene un aumento importante en los fondos de Sercotec y de Corfo para apoyar a los emprendimientos, emprendedores y emprendedoras a que reactiven sus empresas, focalizado en las \u00e1reas de cultura, turismo y emprendimiento femenino; cultura y turismo porque fueron de los sectores m\u00e1s afectados con el cierre de actividades por las restricciones de movilidad y emprendimiento femenino, porque hay un retraso en la reincorporaci\u00f3n de las mujeres al mundo laboral. Esos son los tres focos que est\u00e1 potenciando el Plan Chile Apoya, lanzado dentro del primer mes de Gobierno del Presidente Gabriel Boric y ac\u00e1 en la regi\u00f3n es in\u00e9dito que exista esta cantidad de cupos\u201d, enfatiz\u00f3.<\/p>\n<p style=\"font-weight: 400; text-align: justify;\">Como beneficiaria del pasado programa React\u00edvate Turismo Sercotec, Gloria Oyarz\u00fan valor\u00f3 la focalizaci\u00f3n de recursos en este sector.<\/p>\n<p style=\"font-weight: 400; text-align: justify;\">\u201cCreo que con todas las vicisitudes que pasamos con la pandemia, mucha de la gente dedicada al turismo ha tenido momentos muy malos. Esto es una tremenda ayuda del gobierno, lo agradezco sinceramente y ojal\u00e1 les vaya bien a todos. Qu\u00e9 bueno que haya hartos cupos para beneficiar a m\u00e1s gente\u201d, destac\u00f3.<\/p>\n<p style=\"font-weight: 400; text-align: justify;\">Ivonne Pereira dijo que el subsidio de Sercotec financia Asistencia T\u00e9cnica y Asesor\u00eda en gesti\u00f3n, capacitaci\u00f3n, acciones de marketing, compra de activos, habilitaci\u00f3n de infraestructura, remuneraciones, arriendos, materias de primas y materiales, mercader\u00eda y servicios esenciales para el negocio.<\/p>\n<p style=\"font-weight: 400; text-align: justify;\">\u201cQueremos mostrar el emprendimiento de la se\u00f1ora Gloria Oyarz\u00fan, beneficiaria de una convocatoria Sercotec, donde queremos apoyar a nuestros empresarios de turismo, que han sido los m\u00e1s afectados por la pandemia, para que puedan recuperar su nivel de ventas. El programa entrega un subsidio de cuatro millones para financiar diversas inversiones como activos, marketing, habilitaci\u00f3n de infraestructura, prevenci\u00f3n sanitaria, de manera que puedan reactivarse e ir recuperando sus niveles de venta previos a la pandemia\u201d, concluy\u00f3.<\/p>\n<p style=\"font-weight: 400; text-align: justify;\">Las postulaciones est\u00e1n abiertas a trav\u00e9s de la p\u00e1gina web\u00a0<a href=\"http:\/\/www.sercotec.cl\/\" data-saferedirecturl=\"https:\/\/www.google.com\/url?q=http:\/\/www.sercotec.cl&amp;source=gmail&amp;ust=1658772933556000&amp;usg=AOvVaw1UggsHgUPNfkoEgyReRcBD\">www.sercotec.cl<\/a>\u00a0hasta el pr\u00f3ximo 3 de agosto. Consultas y orientaci\u00f3n en las oficinas regionales de Sercotec y Punto MIPE, correo\u00a0<a href=\"mailto:mipeaysen@sercotec.cl\">mipeaysen@sercotec.cl<\/a>, fono +56 9 20 63 98 26.<\/p>\n<\/div><\/section><\/div><div  style='height:50px' class='hr hr-invisible   avia-builder-el-6  el_after_av_one_full  el_before_av_social_share '><span class='hr-inner ' ><span class='hr-inner-style'><\/span><\/span><\/div><\/p>\n<div  class='av-social-sharing-box  avia-builder-el-7  el_after_av_hr  el_before_av_hr  '><div class='av-share-box'><h5 class='av-share-link-description av-no-toc '>Compartir esta noticia<\/h5><ul class='av-share-box-list noLightbox'><li class='av-share-link av-social-link-facebook' ><a target=\"_blank\" aria-label=\"Compartir en Facebook\" href='https:\/\/www.facebook.com\/sharer.php?u=https:\/\/radiorevelacionfm.cl\/?p=19595&#038;t=Programa%20Recupera%20Turismo%20destina%20m%C3%A1s%20de%20%24680%20millones%20para%20la%20Regi%C3%B3n%20de%20Ays%C3%A9n' aria-hidden='false' data-av_icon='\ue8f3' data-av_iconfont='entypo-fontello' title='' data-avia-related-tooltip='Compartir en Facebook' rel=\"noopener\"><span class='avia_hidden_link_text'>Compartir en Facebook<\/span><\/a><\/li><li class='av-share-link av-social-link-twitter' ><a target=\"_blank\" aria-label=\"Compartir en Twitter\" href='https:\/\/twitter.com\/share?text=Programa%20Recupera%20Turismo%20destina%20m%C3%A1s%20de%20%24680%20millones%20para%20la%20Regi%C3%B3n%20de%20Ays%C3%A9n&#038;url=https:\/\/radiorevelacionfm.cl\/?p=19595' aria-hidden='false' data-av_icon='\ue8f1' data-av_iconfont='entypo-fontello' title='' data-avia-related-tooltip='Compartir en Twitter' rel=\"noopener\"><span class='avia_hidden_link_text'>Compartir en Twitter<\/span><\/a><\/li><li class='av-share-link av-social-link-whatsapp' ><a target=\"_blank\" aria-label=\"Compartir en Whatsapp\" href='https:\/\/api.whatsapp.com\/send?text=https:\/\/radiorevelacionfm.cl\/?p=19595' aria-hidden='false' data-av_icon='\uf232' data-av_iconfont='entypo-fontello' title='' data-avia-related-tooltip='Compartir en Whatsapp' rel=\"noopener\"><span class='avia_hidden_link_text'>Compartir en Whatsapp<\/span><\/a><\/li><li class='av-share-link av-social-link-linkedin' ><a target=\"_blank\" aria-label=\"Compartir en LinkedIn\" href='https:\/\/linkedin.com\/shareArticle?mini=true&#038;title=Programa%20Recupera%20Turismo%20destina%20m%C3%A1s%20de%20%24680%20millones%20para%20la%20Regi%C3%B3n%20de%20Ays%C3%A9n&#038;url=https:\/\/radiorevelacionfm.cl\/?p=19595' aria-hidden='false' data-av_icon='\ue8fc' data-av_iconfont='entypo-fontello' title='' data-avia-related-tooltip='Compartir en LinkedIn' rel=\"noopener\"><span class='avia_hidden_link_text'>Compartir en LinkedIn<\/span><\/a><\/li><li class='av-share-link av-social-link-mail' ><a  aria-label=\"Compartir por correo\" href='mailto:?subject=Programa%20Recupera%20Turismo%20destina%20m%C3%A1s%20de%20%24680%20millones%20para%20la%20Regi%C3%B3n%20de%20Ays%C3%A9n&#038;body=https:\/\/radiorevelacionfm.cl\/?p=19595' aria-hidden='false' data-av_icon='\ue805' data-av_iconfont='entypo-fontello' title='' data-avia-related-tooltip='Compartir por correo'><span class='avia_hidden_link_text'>Compartir por correo<\/span><\/a><\/li><\/ul><\/div><\/div>\n<div  style='height:50px' class='hr hr-invisible   avia-builder-el-8  el_after_av_social_share  el_before_av_comments_list '><span class='hr-inner ' ><span class='hr-inner-style'><\/span><\/span><\/div>\n<div  class='av-buildercomment  av-blog-meta-html-info-disabled av-blog-meta-tag-disabled  '><\/div>\n","protected":false},"excerpt":{"rendered":"","protected":false},"author":1,"featured_media":19596,"comment_status":"open","ping_status":"open","sticky":false,"template":"","format":"standard","meta":{"footnotes":""},"categories":[54],"tags":[],"class_list":["post-19595","post","type-post","status-publish","format-standard","has-post-thumbnail","hentry","category-turismo"],"jetpack_featured_media_url":"https:\/\/radiorevelacionfm.cl\/wp-content\/uploads\/2022\/07\/04-recupera-turismo-sercotec1-1_optimized-1.jpg","_links":{"self":[{"href":"https:\/\/radiorevelacionfm.cl\/index.php?rest_route=\/wp\/v2\/posts\/19595","targetHints":{"allow":["GET"]}}],"collection":[{"href":"https:\/\/radiorevelacionfm.cl\/index.php?rest_route=\/wp\/v2\/posts"}],"about":[{"href":"https:\/\/radiorevelacionfm.cl\/index.php?rest_route=\/wp\/v2\/types\/post"}],"author":[{"embeddable":true,"href":"https:\/\/radiorevelacionfm.cl\/index.php?rest_route=\/wp\/v2\/users\/1"}],"replies":[{"embeddable":true,"href":"https:\/\/radiorevelacionfm.cl\/index.php?rest_route=%2Fwp%2Fv2%2Fcomments&post=19595"}],"version-history":[{"count":2,"href":"https:\/\/radiorevelacionfm.cl\/index.php?rest_route=\/wp\/v2\/posts\/19595\/revisions"}],"predecessor-version":[{"id":19598,"href":"https:\/\/radiorevelacionfm.cl\/index.php?rest_route=\/wp\/v2\/posts\/19595\/revisions\/19598"}],"wp:featuredmedia":[{"embeddable":true,"href":"https:\/\/radiorevelacionfm.cl\/index.php?rest_route=\/wp\/v2\/media\/19596"}],"wp:attachment":[{"href":"https:\/\/radiorevelacionfm.cl\/index.php?rest_route=%2Fwp%2Fv2%2Fmedia&parent=19595"}],"wp:term":[{"taxonomy":"category","embeddable":true,"href":"https:\/\/radiorevelacionfm.cl\/index.php?rest_route=%2Fwp%2Fv2%2Fcategories&post=19595"},{"taxonomy":"post_tag","embeddable":true,"href":"https:\/\/radiorevelacionfm.cl\/index.php?rest_route=%2Fwp%2Fv2%2Ftags&post=19595"}],"curies":[{"name":"wp","href":"https:\/\/api.w.org\/{rel}","templated":true}]}}