{"id":19591,"date":"2022-07-24T15:10:33","date_gmt":"2022-07-24T18:10:33","guid":{"rendered":"https:\/\/radiorevelacionfm.cl\/?p=19591"},"modified":"2022-07-24T15:10:33","modified_gmt":"2022-07-24T18:10:33","slug":"seremi-de-gobierno-continua-su-despliegue-por-un-voto-informado","status":"publish","type":"post","link":"https:\/\/radiorevelacionfm.cl\/?p=19591","title":{"rendered":"Seremi de Gobierno contin\u00faa su despliegue por un voto informado"},"content":{"rendered":"<div class=\"flex_column av_one_full  flex_column_div av-zero-column-padding first  avia-builder-el-0  el_before_av_one_full  avia-builder-el-first  \" style='border-radius:0px; '><div  class='avia-image-container  av-styling-    avia-builder-el-1  avia-builder-el-no-sibling  avia-align-center '  itemprop=\"image\" itemscope=\"itemscope\" itemtype=\"https:\/\/schema.org\/ImageObject\"  ><div class='avia-image-container-inner'><div class='avia-image-overlay-wrap'><img decoding=\"async\" class='wp-image-19592 avia-img-lazy-loading-not-19592 avia_image' src=\"https:\/\/radiorevelacionfm.cl\/wp-content\/uploads\/2022\/07\/Foto-3-151-1-1.jpg\" alt='' title='Foto 3 (15)1 (1) (1)' height=\"600\" width=\"1034\"  itemprop=\"thumbnailUrl\" srcset=\"https:\/\/radiorevelacionfm.cl\/wp-content\/uploads\/2022\/07\/Foto-3-151-1-1.jpg 1034w, https:\/\/radiorevelacionfm.cl\/wp-content\/uploads\/2022\/07\/Foto-3-151-1-1-300x174.jpg 300w, https:\/\/radiorevelacionfm.cl\/wp-content\/uploads\/2022\/07\/Foto-3-151-1-1-1030x598.jpg 1030w, https:\/\/radiorevelacionfm.cl\/wp-content\/uploads\/2022\/07\/Foto-3-151-1-1-768x446.jpg 768w, https:\/\/radiorevelacionfm.cl\/wp-content\/uploads\/2022\/07\/Foto-3-151-1-1-705x409.jpg 705w, https:\/\/radiorevelacionfm.cl\/wp-content\/uploads\/2022\/07\/Foto-3-151-1-1-600x348.jpg 600w\" sizes=\"(max-width: 1034px) 100vw, 1034px\" \/><\/div><\/div><\/div><\/div><div class=\"flex_column av_one_full  flex_column_div av-zero-column-padding first  avia-builder-el-2  el_after_av_one_full  el_before_av_one_full  column-top-margin\" style='border-radius:0px; '><section class=\"av_textblock_section \"  itemscope=\"itemscope\" itemtype=\"https:\/\/schema.org\/BlogPosting\" itemprop=\"blogPost\" ><div class='avia_textblock  '   itemprop=\"text\" ><p style=\"text-align: center;\"><strong><span style=\"font-size: 18pt;\">Seremi de Gobierno contin\u00faa su despliegue por un voto informado<\/span><\/strong><\/p>\n<div id=\"gtx-trans\" style=\"position: absolute; left: -50px; top: 4.31534px;\">\n<div class=\"gtx-trans-icon\"><\/div>\n<\/div>\n<\/div><\/section><\/div><div class=\"flex_column av_one_full  flex_column_div av-zero-column-padding first  avia-builder-el-4  el_after_av_one_full  el_before_av_hr  column-top-margin\" style='border-radius:0px; '><section class=\"av_textblock_section \"  itemscope=\"itemscope\" itemtype=\"https:\/\/schema.org\/BlogPosting\" itemprop=\"blogPost\" ><div class='avia_textblock  '   itemprop=\"text\" ><div style=\"text-align: justify;\">\n<p>El viernes reci\u00e9n pasado, y coincidiendo con el lanzamiento en Santiago de la campa\u00f1a Voto Informado -donde participaron el Presidente Gabriel Boric y la Ministra de la Segegob, Camila Vallejo-, la vocera de Gobierno de Ays\u00e9n, Tatiana Pl\u00e1 \u00c1lvarez, particip\u00f3 de dos nuevos encuentros informativos, cuyo objetivo es proporcionar antecedentes a la poblaci\u00f3n del pa\u00eds sobre la propuesta de Nueva Constituci\u00f3n que se tendr\u00e1 que aprobar o rechazar el pr\u00f3ximo 4 de septiembre en el Plebiscito de Salida.<\/p>\n<p>En ese sentido, la portavoz valor\u00f3 positivamente tanto el inter\u00e9s como la activa participaci\u00f3n de los trabajadores p\u00fablicos y privados a quienes se les imparti\u00f3 la capacitaci\u00f3n este viernes y se les entreg\u00f3, adem\u00e1s, un ejemplar impreso de la propuesta Constitucional para que conozcan el texto.<\/p>\n<p>\u00abDurante este per\u00edodo, estamos realizando un despliegue muy intenso en terreno para informar a la ciudadan\u00eda acerca del plebiscito del 4 de septiembre y difundir los contenidos de la Nueva Constituci\u00f3n, porque el deber del gobierno es justamente informar, garantizar el derecho al voto informado de todos los ciudadanos y ciudadanas, sea cual sea su opci\u00f3n\u00bb, explic\u00f3 la Seremi, quien junto a su equipo continu\u00f3 realizando m\u00f3dulos informativos en Puerto Ays\u00e9n y Coyhaique durante todo este fin de semana.<\/p>\n<p>\u00abHasta ahora nos hemos reunido con distintas organizaciones sociales para informar sobre el proceso eleccionario que se viene, reiterando nuestra invitaci\u00f3n a leer la propuesta constitucional, para as\u00ed emitir un voto informado, y la verdad es que hemos tenido una muy buena recepci\u00f3n de parte de la gente\u00bb, agreg\u00f3.<\/p>\n<p>\u00abAl respecto, queremos dejar muy en claro que estamos actuando ajust\u00e1ndonos plenamente al instructivo que sac\u00f3 la Contralor\u00eda en mayo de este a\u00f1o, donde dictamin\u00f3 que las autoridades p\u00fablicas pueden hacer campa\u00f1a informativa sobre plebiscito de salida, sin favorecer a ninguna opci\u00f3n\u00bb, precis\u00f3.<\/p>\n<p>\u00abRecordemos que la Contralor\u00eda sentenci\u00f3 que el Estado a trav\u00e9s de los organismos relacionados con funciones de comunicaci\u00f3n tales como el Ministerio Secretar\u00eda General de la Presidencia, la Direcci\u00f3n Administrativa de la Presidencia de la Rep\u00fablica, y los ministerios Secretar\u00eda General de Gobierno y de Desarrollo Social y Familia, pueden realizar una campa\u00f1a sobre la importancia de concurrir a participar en el plebiscito y que informe acerca de las caracter\u00edsticas de dicho proceso y las posiciones plebiscitadas, a fin de que la ciudadan\u00eda est\u00e9 debidamente informada sobre la materia\u00bb, puntualiz\u00f3 la Seremi de Gobierno.<\/p>\n<p>Finalmente, y si desea conocer el texto constitucional puede descargarlo accediendo a\u00a0<a href=\"https:\/\/www.gob.cl\/chilevotainformado\/\" target=\"_blank\" rel=\"noopener noreferrer\">https:\/\/www.gob.cl\/chilevotainformado\/<\/a>, o bien acudir a las oficinas de nuestra Seremia a contar del lunes 25 de julio, donde podr\u00e1 retirar un ejemplar por persona La direcci\u00f3n es Avenida. Ogana #798, Coyhaique. Atendemos entre las 09:00 a 13:00 y de 14:00 a 16:00 horas.<\/p>\n<\/div>\n<div><\/div>\n<\/div><\/section><\/div><div  style='height:50px' class='hr hr-invisible   avia-builder-el-6  el_after_av_one_full  el_before_av_social_share '><span class='hr-inner ' ><span class='hr-inner-style'><\/span><\/span><\/div><\/p>\n<div  class='av-social-sharing-box  avia-builder-el-7  el_after_av_hr  el_before_av_hr  '><div class='av-share-box'><h5 class='av-share-link-description av-no-toc '>Compartir esta noticia<\/h5><ul class='av-share-box-list noLightbox'><li class='av-share-link av-social-link-facebook' ><a target=\"_blank\" aria-label=\"Compartir en Facebook\" href='https:\/\/www.facebook.com\/sharer.php?u=https:\/\/radiorevelacionfm.cl\/?p=19591&#038;t=Seremi%20de%20Gobierno%20contin%C3%BAa%20su%20despliegue%20por%20un%20voto%20informado' aria-hidden='false' data-av_icon='\ue8f3' data-av_iconfont='entypo-fontello' title='' data-avia-related-tooltip='Compartir en Facebook' rel=\"noopener\"><span class='avia_hidden_link_text'>Compartir en Facebook<\/span><\/a><\/li><li class='av-share-link av-social-link-twitter' ><a target=\"_blank\" aria-label=\"Compartir en Twitter\" href='https:\/\/twitter.com\/share?text=Seremi%20de%20Gobierno%20contin%C3%BAa%20su%20despliegue%20por%20un%20voto%20informado&#038;url=https:\/\/radiorevelacionfm.cl\/?p=19591' aria-hidden='false' data-av_icon='\ue8f1' data-av_iconfont='entypo-fontello' title='' data-avia-related-tooltip='Compartir en Twitter' rel=\"noopener\"><span class='avia_hidden_link_text'>Compartir en Twitter<\/span><\/a><\/li><li class='av-share-link av-social-link-whatsapp' ><a target=\"_blank\" aria-label=\"Compartir en Whatsapp\" href='https:\/\/api.whatsapp.com\/send?text=https:\/\/radiorevelacionfm.cl\/?p=19591' aria-hidden='false' data-av_icon='\uf232' data-av_iconfont='entypo-fontello' title='' data-avia-related-tooltip='Compartir en Whatsapp' rel=\"noopener\"><span class='avia_hidden_link_text'>Compartir en Whatsapp<\/span><\/a><\/li><li class='av-share-link av-social-link-linkedin' ><a target=\"_blank\" aria-label=\"Compartir en LinkedIn\" href='https:\/\/linkedin.com\/shareArticle?mini=true&#038;title=Seremi%20de%20Gobierno%20contin%C3%BAa%20su%20despliegue%20por%20un%20voto%20informado&#038;url=https:\/\/radiorevelacionfm.cl\/?p=19591' aria-hidden='false' data-av_icon='\ue8fc' data-av_iconfont='entypo-fontello' title='' data-avia-related-tooltip='Compartir en LinkedIn' rel=\"noopener\"><span class='avia_hidden_link_text'>Compartir en LinkedIn<\/span><\/a><\/li><li class='av-share-link av-social-link-mail' ><a  aria-label=\"Compartir por correo\" href='mailto:?subject=Seremi%20de%20Gobierno%20contin%C3%BAa%20su%20despliegue%20por%20un%20voto%20informado&#038;body=https:\/\/radiorevelacionfm.cl\/?p=19591' aria-hidden='false' data-av_icon='\ue805' data-av_iconfont='entypo-fontello' title='' data-avia-related-tooltip='Compartir por correo'><span class='avia_hidden_link_text'>Compartir por correo<\/span><\/a><\/li><\/ul><\/div><\/div>\n<div  style='height:50px' class='hr hr-invisible   avia-builder-el-8  el_after_av_social_share  el_before_av_comments_list '><span class='hr-inner ' ><span class='hr-inner-style'><\/span><\/span><\/div>\n<div  class='av-buildercomment  av-blog-meta-html-info-disabled av-blog-meta-tag-disabled  '><\/div>\n","protected":false},"excerpt":{"rendered":"","protected":false},"author":1,"featured_media":19592,"comment_status":"open","ping_status":"open","sticky":false,"template":"","format":"standard","meta":{"footnotes":""},"categories":[38],"tags":[],"class_list":["post-19591","post","type-post","status-publish","format-standard","has-post-thumbnail","hentry","category-regional"],"jetpack_featured_media_url":"https:\/\/radiorevelacionfm.cl\/wp-content\/uploads\/2022\/07\/Foto-3-151-1-1.jpg","_links":{"self":[{"href":"https:\/\/radiorevelacionfm.cl\/index.php?rest_route=\/wp\/v2\/posts\/19591","targetHints":{"allow":["GET"]}}],"collection":[{"href":"https:\/\/radiorevelacionfm.cl\/index.php?rest_route=\/wp\/v2\/posts"}],"about":[{"href":"https:\/\/radiorevelacionfm.cl\/index.php?rest_route=\/wp\/v2\/types\/post"}],"author":[{"embeddable":true,"href":"https:\/\/radiorevelacionfm.cl\/index.php?rest_route=\/wp\/v2\/users\/1"}],"replies":[{"embeddable":true,"href":"https:\/\/radiorevelacionfm.cl\/index.php?rest_route=%2Fwp%2Fv2%2Fcomments&post=19591"}],"version-history":[{"count":2,"href":"https:\/\/radiorevelacionfm.cl\/index.php?rest_route=\/wp\/v2\/posts\/19591\/revisions"}],"predecessor-version":[{"id":19594,"href":"https:\/\/radiorevelacionfm.cl\/index.php?rest_route=\/wp\/v2\/posts\/19591\/revisions\/19594"}],"wp:featuredmedia":[{"embeddable":true,"href":"https:\/\/radiorevelacionfm.cl\/index.php?rest_route=\/wp\/v2\/media\/19592"}],"wp:attachment":[{"href":"https:\/\/radiorevelacionfm.cl\/index.php?rest_route=%2Fwp%2Fv2%2Fmedia&parent=19591"}],"wp:term":[{"taxonomy":"category","embeddable":true,"href":"https:\/\/radiorevelacionfm.cl\/index.php?rest_route=%2Fwp%2Fv2%2Fcategories&post=19591"},{"taxonomy":"post_tag","embeddable":true,"href":"https:\/\/radiorevelacionfm.cl\/index.php?rest_route=%2Fwp%2Fv2%2Ftags&post=19591"}],"curies":[{"name":"wp","href":"https:\/\/api.w.org\/{rel}","templated":true}]}}