{"id":19586,"date":"2022-07-24T14:52:47","date_gmt":"2022-07-24T17:52:47","guid":{"rendered":"https:\/\/radiorevelacionfm.cl\/?p=19586"},"modified":"2022-07-24T14:55:17","modified_gmt":"2022-07-24T17:55:17","slug":"corte-de-coyhaique-rechaza-recursos-de-proteccion-contra-junaeb-y-empresa-de-servicios-de-alimentacion","status":"publish","type":"post","link":"https:\/\/radiorevelacionfm.cl\/?p=19586","title":{"rendered":"Corte de Coyhaique rechaza recursos de protecci\u00f3n contra Junaeb y empresa de servicios de alimentaci\u00f3n"},"content":{"rendered":"<div class=\"flex_column av_one_full  flex_column_div av-zero-column-padding first  avia-builder-el-0  el_before_av_one_full  avia-builder-el-first  \" style='border-radius:0px; '><div  class='avia-image-container  av-styling-    avia-builder-el-1  avia-builder-el-no-sibling  avia-align-center '  itemprop=\"image\" itemscope=\"itemscope\" itemtype=\"https:\/\/schema.org\/ImageObject\"  ><div class='avia-image-container-inner'><div class='avia-image-overlay-wrap'><img decoding=\"async\" class='wp-image-14748 avia-img-lazy-loading-not-14748 avia_image' src=\"https:\/\/radiorevelacionfm.cl\/wp-content\/uploads\/2022\/03\/junaeb-1-1-1.jpg\" alt='' title='junaeb (1) (1) (1)' height=\"600\" width=\"1050\"  itemprop=\"thumbnailUrl\" srcset=\"https:\/\/radiorevelacionfm.cl\/wp-content\/uploads\/2022\/03\/junaeb-1-1-1.jpg 1050w, https:\/\/radiorevelacionfm.cl\/wp-content\/uploads\/2022\/03\/junaeb-1-1-1-300x171.jpg 300w, https:\/\/radiorevelacionfm.cl\/wp-content\/uploads\/2022\/03\/junaeb-1-1-1-1030x589.jpg 1030w, https:\/\/radiorevelacionfm.cl\/wp-content\/uploads\/2022\/03\/junaeb-1-1-1-768x439.jpg 768w, https:\/\/radiorevelacionfm.cl\/wp-content\/uploads\/2022\/03\/junaeb-1-1-1-705x403.jpg 705w, https:\/\/radiorevelacionfm.cl\/wp-content\/uploads\/2022\/03\/junaeb-1-1-1-600x343.jpg 600w\" sizes=\"(max-width: 1050px) 100vw, 1050px\" \/><\/div><\/div><\/div><\/div><div class=\"flex_column av_one_full  flex_column_div av-zero-column-padding first  avia-builder-el-2  el_after_av_one_full  el_before_av_one_full  column-top-margin\" style='border-radius:0px; '><section class=\"av_textblock_section \"  itemscope=\"itemscope\" itemtype=\"https:\/\/schema.org\/BlogPosting\" itemprop=\"blogPost\" ><div class='avia_textblock  '   itemprop=\"text\" ><p style=\"text-align: center;\"><strong><span style=\"font-size: 18pt;\">Corte de Coyhaique rechaza recursos de protecci\u00f3n contra Junaeb y empresa de servicios de alimentaci\u00f3n<\/span><\/strong><\/p>\n<div id=\"gtx-trans\" style=\"position: absolute; left: -50px; top: 4.31534px;\">\n<div class=\"gtx-trans-icon\"><\/div>\n<\/div>\n<\/div><\/section><\/div><\/p>\n<div class=\"flex_column av_one_full  flex_column_div av-zero-column-padding first  avia-builder-el-4  el_after_av_one_full  el_before_av_hr  column-top-margin\" style='border-radius:0px; '><section class=\"av_textblock_section \"  itemscope=\"itemscope\" itemtype=\"https:\/\/schema.org\/BlogPosting\" itemprop=\"blogPost\" ><div class='avia_textblock  '   itemprop=\"text\" ><p class=\"v1MsoNormal\" style=\"text-align: justify;\">La Corte de Apelaciones de Coyhaique rechaz\u00f3 los recursos de protecci\u00f3n presentados en contra de la Junta Nacional de Auxilio Escolar y Becas (Junaeb), y la empresa de servicios de alimentaci\u00f3n Hendaya SAC, por no proveer los productos comprometidos, entre marzo y abril pasados, con los establecimiento educacionales que entregan raciones a estudiantes a nivel regional.<\/p>\n<p class=\"v1MsoNormal\" style=\"text-align: justify;\">En fallo un\u00e1nime (causa rol 130-2022 y acumulada), la Primera Sala del tribunal de alzada \u2013integrada por los ministros Sergio Mora Vallejos, Pedro Castro Espinoza y Natalia Rencoret\u2013 desestim\u00f3 las acciones, tras establecer que recurso de protecci\u00f3n no es la v\u00eda id\u00f3nea para corregir actos de la administraci\u00f3n.<\/p>\n<p class=\"v1MsoNormal\" style=\"text-align: justify;\">\u00ab(&#8230;) por lo que la interposici\u00f3n de estos recursos, y por los hechos descritos en ellos, no es jur\u00eddicamente aceptable ni procedente, observar la eventual vulneraci\u00f3n de las garant\u00edas a que aluden los recurrentes, ni tampoco procede el an\u00e1lisis de un presunto actuar arbitrario o ilegal de parte de la autoridad administrativa y mucho menos de la empresa destinada a prestar los servicios que debe supervisar aquella, toda vez que lo obrado y solicitado, en definitiva, corresponde al conocimiento y resoluci\u00f3n en otro tipo de procedimiento y de parte de otro resolutor. Por lo que, no siendo la tramitaci\u00f3n y fallo de un recurso de protecci\u00f3n, propio de un juicio declarativo, no es posible usar el recurso de protecci\u00f3n como medio de sustituci\u00f3n de las acciones ordinarias y\/o administrativas, que permitan el debate de las diferencias jur\u00eddicas con plenitud de igualdades procesales que debe brindar un debido proceso, por lo que, necesariamente, estos recursos deber\u00e1n ser rechazados\u00bb, sostiene el fallo.<\/p>\n<p class=\"v1MsoNormal\" style=\"text-align: justify;\">La resoluci\u00f3n agrega: \u00abQue, no se puede negar el derecho indubitado de los ni\u00f1os, ni\u00f1as y adolescentes m\u00e1s vulnerables a gozar del beneficio de alimentaci\u00f3n en sus procesos de instrucci\u00f3n, formaci\u00f3n y educaci\u00f3n; tampoco puede reprocharse a la JUNAEB su inactividad al respecto en cuanto a las labores que le competen, puesto que frente a ciertas irregularidades e incumplimientos adopt\u00f3 las medidas que la ley y el contrato le autorizan respecto de la empresa prestadora del servicio\u00bb.<\/p>\n<p class=\"v1MsoNormal\" style=\"text-align: justify;\">\u00ab(&#8230;) distinta es la situaci\u00f3n de la empresa de Suministros Alimentarios Hendaya S.A.C., en orden a que se han verificado incumplimientos por los que ya fue sancionado\u00bb, a\u00f1ade.<\/p>\n<p class=\"v1MsoNormal\" style=\"text-align: justify;\">Por tanto, se resuelve que:\u00a0\u00abSE RECHAZAN, sin costas, los recursos de protecci\u00f3n deducidos por Carlos Patricio Gatica Villegas, alcalde de Coyhaique, por Juana del Carmen Guinao Guinao y por Paz Maritza Foitzich Sandoval, en sus respectivas representaciones, en contra de la Junta Nacional de Auxilio Escolar y Becas; como del interpuesto por Gonzalo Contreras Reyes y por Maricel Gonz\u00e1lez Araya, en favor de las personas que mencionaros en su libelo, y en contra de la citada Junta Nacional de Auxilio Escolar y Becas y en contra de la empresa Servicios Alimenticios Hendaya S.A.C.\u00bb.<\/p>\n<div style=\"text-align: justify;\"><\/div>\n<\/div><\/section><\/div>\n<div  style='height:50px' class='hr hr-invisible   avia-builder-el-6  el_after_av_one_full  el_before_av_social_share '><span class='hr-inner ' ><span class='hr-inner-style'><\/span><\/span><\/div>\n<div  class='av-social-sharing-box  avia-builder-el-7  el_after_av_hr  el_before_av_hr  '><div class='av-share-box'><h5 class='av-share-link-description av-no-toc '>Compartir esta noticia<\/h5><ul class='av-share-box-list noLightbox'><li class='av-share-link av-social-link-facebook' ><a target=\"_blank\" aria-label=\"Compartir en Facebook\" href='https:\/\/www.facebook.com\/sharer.php?u=https:\/\/radiorevelacionfm.cl\/?p=19586&#038;t=Corte%20de%20Coyhaique%20rechaza%20recursos%20de%20protecci%C3%B3n%20contra%20Junaeb%20y%20empresa%20de%20servicios%20de%20alimentaci%C3%B3n' aria-hidden='false' data-av_icon='\ue8f3' data-av_iconfont='entypo-fontello' title='' data-avia-related-tooltip='Compartir en Facebook' rel=\"noopener\"><span class='avia_hidden_link_text'>Compartir en Facebook<\/span><\/a><\/li><li class='av-share-link av-social-link-twitter' ><a target=\"_blank\" aria-label=\"Compartir en Twitter\" href='https:\/\/twitter.com\/share?text=Corte%20de%20Coyhaique%20rechaza%20recursos%20de%20protecci%C3%B3n%20contra%20Junaeb%20y%20empresa%20de%20servicios%20de%20alimentaci%C3%B3n&#038;url=https:\/\/radiorevelacionfm.cl\/?p=19586' aria-hidden='false' data-av_icon='\ue8f1' data-av_iconfont='entypo-fontello' title='' data-avia-related-tooltip='Compartir en Twitter' rel=\"noopener\"><span class='avia_hidden_link_text'>Compartir en Twitter<\/span><\/a><\/li><li class='av-share-link av-social-link-whatsapp' ><a target=\"_blank\" aria-label=\"Compartir en Whatsapp\" href='https:\/\/api.whatsapp.com\/send?text=https:\/\/radiorevelacionfm.cl\/?p=19586' aria-hidden='false' data-av_icon='\uf232' data-av_iconfont='entypo-fontello' title='' data-avia-related-tooltip='Compartir en Whatsapp' rel=\"noopener\"><span class='avia_hidden_link_text'>Compartir en Whatsapp<\/span><\/a><\/li><li class='av-share-link av-social-link-linkedin' ><a target=\"_blank\" aria-label=\"Compartir en LinkedIn\" href='https:\/\/linkedin.com\/shareArticle?mini=true&#038;title=Corte%20de%20Coyhaique%20rechaza%20recursos%20de%20protecci%C3%B3n%20contra%20Junaeb%20y%20empresa%20de%20servicios%20de%20alimentaci%C3%B3n&#038;url=https:\/\/radiorevelacionfm.cl\/?p=19586' aria-hidden='false' data-av_icon='\ue8fc' data-av_iconfont='entypo-fontello' title='' data-avia-related-tooltip='Compartir en LinkedIn' rel=\"noopener\"><span class='avia_hidden_link_text'>Compartir en LinkedIn<\/span><\/a><\/li><li class='av-share-link av-social-link-mail' ><a  aria-label=\"Compartir por correo\" href='mailto:?subject=Corte%20de%20Coyhaique%20rechaza%20recursos%20de%20protecci%C3%B3n%20contra%20Junaeb%20y%20empresa%20de%20servicios%20de%20alimentaci%C3%B3n&#038;body=https:\/\/radiorevelacionfm.cl\/?p=19586' aria-hidden='false' data-av_icon='\ue805' data-av_iconfont='entypo-fontello' title='' data-avia-related-tooltip='Compartir por correo'><span class='avia_hidden_link_text'>Compartir por correo<\/span><\/a><\/li><\/ul><\/div><\/div>\n<div  style='height:50px' class='hr hr-invisible   avia-builder-el-8  el_after_av_social_share  el_before_av_comments_list '><span class='hr-inner ' ><span class='hr-inner-style'><\/span><\/span><\/div>\n<div  class='av-buildercomment  av-blog-meta-html-info-disabled av-blog-meta-tag-disabled  '><\/div>\n","protected":false},"excerpt":{"rendered":"","protected":false},"author":1,"featured_media":14748,"comment_status":"open","ping_status":"open","sticky":false,"template":"","format":"standard","meta":{"footnotes":""},"categories":[55],"tags":[],"class_list":["post-19586","post","type-post","status-publish","format-standard","has-post-thumbnail","hentry","category-justicia"],"jetpack_featured_media_url":"https:\/\/radiorevelacionfm.cl\/wp-content\/uploads\/2022\/03\/junaeb-1-1-1.jpg","_links":{"self":[{"href":"https:\/\/radiorevelacionfm.cl\/index.php?rest_route=\/wp\/v2\/posts\/19586","targetHints":{"allow":["GET"]}}],"collection":[{"href":"https:\/\/radiorevelacionfm.cl\/index.php?rest_route=\/wp\/v2\/posts"}],"about":[{"href":"https:\/\/radiorevelacionfm.cl\/index.php?rest_route=\/wp\/v2\/types\/post"}],"author":[{"embeddable":true,"href":"https:\/\/radiorevelacionfm.cl\/index.php?rest_route=\/wp\/v2\/users\/1"}],"replies":[{"embeddable":true,"href":"https:\/\/radiorevelacionfm.cl\/index.php?rest_route=%2Fwp%2Fv2%2Fcomments&post=19586"}],"version-history":[{"count":4,"href":"https:\/\/radiorevelacionfm.cl\/index.php?rest_route=\/wp\/v2\/posts\/19586\/revisions"}],"predecessor-version":[{"id":19588,"href":"https:\/\/radiorevelacionfm.cl\/index.php?rest_route=\/wp\/v2\/posts\/19586\/revisions\/19588"}],"wp:featuredmedia":[{"embeddable":true,"href":"https:\/\/radiorevelacionfm.cl\/index.php?rest_route=\/wp\/v2\/media\/14748"}],"wp:attachment":[{"href":"https:\/\/radiorevelacionfm.cl\/index.php?rest_route=%2Fwp%2Fv2%2Fmedia&parent=19586"}],"wp:term":[{"taxonomy":"category","embeddable":true,"href":"https:\/\/radiorevelacionfm.cl\/index.php?rest_route=%2Fwp%2Fv2%2Fcategories&post=19586"},{"taxonomy":"post_tag","embeddable":true,"href":"https:\/\/radiorevelacionfm.cl\/index.php?rest_route=%2Fwp%2Fv2%2Ftags&post=19586"}],"curies":[{"name":"wp","href":"https:\/\/api.w.org\/{rel}","templated":true}]}}