{"id":19579,"date":"2022-07-23T18:13:29","date_gmt":"2022-07-23T21:13:29","guid":{"rendered":"https:\/\/radiorevelacionfm.cl\/?p=19579"},"modified":"2022-07-23T18:13:29","modified_gmt":"2022-07-23T21:13:29","slug":"en-villa-ortega-certifican-a-13-alumnos-as-en-curtido-de-cuero","status":"publish","type":"post","link":"https:\/\/radiorevelacionfm.cl\/?p=19579","title":{"rendered":"En Villa Ortega certifican a 13 alumnos\/as en curtido de cuero"},"content":{"rendered":"<div class=\"flex_column av_one_full  flex_column_div av-zero-column-padding first  avia-builder-el-0  el_before_av_one_full  avia-builder-el-first  \" style='border-radius:0px; '><div  class='avia-image-container  av-styling-    avia-builder-el-1  avia-builder-el-no-sibling  avia-align-center '  itemprop=\"image\" itemscope=\"itemscope\" itemtype=\"https:\/\/schema.org\/ImageObject\"  ><div class='avia-image-container-inner'><div class='avia-image-overlay-wrap'><img decoding=\"async\" class='wp-image-19580 avia-img-lazy-loading-not-19580 avia_image' src=\"https:\/\/radiorevelacionfm.cl\/wp-content\/uploads\/2022\/07\/cursosence_curtiembrecuero_villaortega-1_optimized.jpg\" alt='' title='cursosence_curtiembrecuero_villaortega-(1)_optimized' height=\"600\" width=\"953\"  itemprop=\"thumbnailUrl\" srcset=\"https:\/\/radiorevelacionfm.cl\/wp-content\/uploads\/2022\/07\/cursosence_curtiembrecuero_villaortega-1_optimized.jpg 953w, https:\/\/radiorevelacionfm.cl\/wp-content\/uploads\/2022\/07\/cursosence_curtiembrecuero_villaortega-1_optimized-300x189.jpg 300w, https:\/\/radiorevelacionfm.cl\/wp-content\/uploads\/2022\/07\/cursosence_curtiembrecuero_villaortega-1_optimized-768x484.jpg 768w, https:\/\/radiorevelacionfm.cl\/wp-content\/uploads\/2022\/07\/cursosence_curtiembrecuero_villaortega-1_optimized-705x444.jpg 705w, https:\/\/radiorevelacionfm.cl\/wp-content\/uploads\/2022\/07\/cursosence_curtiembrecuero_villaortega-1_optimized-600x378.jpg 600w\" sizes=\"(max-width: 953px) 100vw, 953px\" \/><\/div><\/div><\/div><\/div><div class=\"flex_column av_one_full  flex_column_div av-zero-column-padding first  avia-builder-el-2  el_after_av_one_full  el_before_av_one_full  column-top-margin\" style='border-radius:0px; '><section class=\"av_textblock_section \"  itemscope=\"itemscope\" itemtype=\"https:\/\/schema.org\/BlogPosting\" itemprop=\"blogPost\" ><div class='avia_textblock  '   itemprop=\"text\" ><p style=\"text-align: center;\"><strong><span style=\"font-size: 18pt;\">En Villa Ortega certifican a 13 alumnos\/as en curtido de cuero <\/span><\/strong><\/p>\n<div id=\"gtx-trans\" style=\"position: absolute; left: -50px; top: 4.31534px;\">\n<div class=\"gtx-trans-icon\"><\/div>\n<\/div>\n<\/div><\/section><\/div><div class=\"flex_column av_one_full  flex_column_div av-zero-column-padding first  avia-builder-el-4  el_after_av_one_full  el_before_av_hr  column-top-margin\" style='border-radius:0px; '><section class=\"av_textblock_section \"  itemscope=\"itemscope\" itemtype=\"https:\/\/schema.org\/BlogPosting\" itemprop=\"blogPost\" ><div class='avia_textblock  '   itemprop=\"text\" ><p style=\"text-align: justify;\">En la localidad de Villa Ortega se realiz\u00f3 la certificaci\u00f3n de 13 alumnos\/as que se capacitaron en el curso de Curtido Artesanal de Cuero, parte del programa macro denominado \u201cCapacitaci\u00f3n y Certificaci\u00f3n de los Trabajadores de la Regi\u00f3n de Ays\u00e9n\u201d, financiado a trav\u00e9s del Fondo Nacional de Desarrollo Regional, FNDR, y ejecutado por el servicio Nacional de Capacitaci\u00f3n y Empleo, Sence.<\/p>\n<p style=\"text-align: justify;\">La capacitaci\u00f3n tuvo una duraci\u00f3n de 190 horas, dictadas por el profesor Tem\u00edstocles Bustos, t\u00e9cnico en curtido de pieles, maestro curtidor, proveniente de Temuco, quien les ense\u00f1\u00f3 nuevas t\u00e9cnicas de esta ancestral labor. Uno de los objetivos del curso era que los participantes adquirieran nuevas habilidades y t\u00e9cnicas del curtido de cueros de vacuno y oveja, que permitan desarrollarse en el \u00e1rea de la artesan\u00eda de este oficio tradicional, aportando a superar las complicaciones laborales y econ\u00f3micas a consecuencia de las restricciones laborales de la pandemia y as\u00ed poder buscar otras formas de generar m\u00e1s ingresos econ\u00f3micos aprovechando materias primas locales y a las que tienen acceso en esta localidad.<\/p>\n<p style=\"text-align: justify;\">La Gobernadora Regional de Ays\u00e9n, Andrea Mac\u00edas, se refiri\u00f3 a la certificaci\u00f3n y la muestra presentada por los alumnos\/as: \u201cMuy contentos, para nosotros como Gobierno Regional y Consejo Regional es fundamental participar en estos espacios, donde estamos viendo en terreno c\u00f3mo los recursos del Gobierno regional impactan en la vida de nuestra gente, y aqu\u00ed, en particular en Villa Ortega, con algo que adem\u00e1s de la capacitaci\u00f3n en s\u00ed, rescata patrimonio de nuestra regi\u00f3n. El trabajo en cuero es algo que se ha ido perdiendo en cierta forma y para nosotros tambi\u00e9n es importante hacer ese trabajo, que promueve nuestra identidad, que rescata tradiciones y que rescata este oficio de muchos hombres y mujeres que durante muchos a\u00f1os lo trabajaron\u201d.<\/p>\n<p style=\"text-align: justify;\">A su vez, el consejero regional de la provincia, Rocco Martiniello, manifest\u00f3 \u201cen representaci\u00f3n de los catorce consejeros, hemos llegado hasta Villa Ortega. El saber no ocupa lugar y es el momento de emprender otras actividades dependiendo de lo que nos entrega la naturaleza. Hoy d\u00eda recuperamos un cuero que a lo mejor estaba perdido, abandonado y se hace un trabajo que puede \u00a0terminar en un calzado, en una bota, un cintur\u00f3n, una cartera y queda esta posibilidad de generar tambi\u00e9n econom\u00eda circular para una localidad como Villa Ortega, que tambi\u00e9n est\u00e1 invitando a que vengan a visitarlos y van a ver estos productos en venta en cualquier momento. Felicitaciones y sigan adelante con estos cursos que entrega Sence\u201d.<\/p>\n<p style=\"text-align: justify;\">Una de las solicitudes realizadas a las autoridades es la continuaci\u00f3n de este tipo de capacitaci\u00f3n para profundizar en el conocimiento del oficio. \u201cEsta curtiembre en cuero, rescatando antiguas tradiciones es financiado por el Gobierno regional, lo agradecemos como Gobierno, y Sence aqu\u00ed realiza una gran labor, as\u00ed que esperamos continuar con las capacitaciones. Tenemos varias propuestas regionales, tenemos una que estamos viendo con Sence que es para capacitar a 1.000 mujeres. Esperamos seguir avanzando porque esto es lo que las personas solicitan en los territorios, estamos apuntando a romper la estacionalidad, que la gente tenga un oficio, un oficio valorado y esto apunta en el sentido correcto de lo que nos mandata nuestro Presidente Boric, llegar a los territorios, tener un trabajo decente y que la gente sienta que los territorios est\u00e1n siendo considerados por el Gobierno\u201d, afirm\u00f3 el Seremi de Trabajo y Previsi\u00f3n Social, Rodrigo D\u00edaz.<\/p>\n<p style=\"text-align: justify;\"><strong><u>La opini\u00f3n de los alumnos<\/u><\/strong><\/p>\n<p style=\"text-align: justify;\">Fueron 15 los alumnos\/as que comenzaron la capacitaci\u00f3n y 13 quienes se certificaron. Natalino Riffo fue uno de ellos, \u201cEstuvo espectacular. El profesor ten\u00eda la mejor disposici\u00f3n, ganas de ense\u00f1ar a los alumnos y eso se agradece. En \u00a0el tiempo de invierno no se puede curtir, pero vamos a caminar a la primavera para emprender un negocio, algo que genere monedas\u201d, coment\u00f3.<\/p>\n<p style=\"text-align: justify;\">Por su parte, V\u00edctor Sandoval se refiri\u00f3 a la proyecci\u00f3n del oficio, \u201cpara nosotros fue bien grato haber aprendido la t\u00e9cnica de la curtiembre artesanal, que es bien b\u00e1sica pero los resultados son profesionales, se da cuenta del trabajo que generamos y lo que logramos aprender dentro del tiempo y espacio que tuvimos. El trabajo es bien pr\u00e1ctico y bonito, de manera artesanal y ahora m\u00e1s adelante podr\u00eda ser algo m\u00e1s industrializado quiz\u00e1s, como minipyme y hacer trabajos m\u00e1s amplios. En mi caso y muchos casos de quienes logramos hacer el curso, muchos vamos a seguir trabajando lo que es el \u00e1rea del cuero para distinto tipo de cosas, ya sea para cuero ornamental o para trabajos de carteras, billeteras, etc.\u201d<\/p>\n<p style=\"text-align: justify;\">Los alumnos\/as en la certificaci\u00f3n realizaron una muestra de su trabajo realizado durante la capacitaci\u00f3n, lo cual la mayor\u00eda espera se convierta en un emprendimiento con identidad local en Villa Ortega.<\/p>\n<\/div><\/section><\/div><div  style='height:50px' class='hr hr-invisible   avia-builder-el-6  el_after_av_one_full  el_before_av_social_share '><span class='hr-inner ' ><span class='hr-inner-style'><\/span><\/span><\/div><\/p>\n<div  class='av-social-sharing-box  avia-builder-el-7  el_after_av_hr  el_before_av_hr  '><div class='av-share-box'><h5 class='av-share-link-description av-no-toc '>Compartir esta noticia<\/h5><ul class='av-share-box-list noLightbox'><li class='av-share-link av-social-link-facebook' ><a target=\"_blank\" aria-label=\"Compartir en Facebook\" href='https:\/\/www.facebook.com\/sharer.php?u=https:\/\/radiorevelacionfm.cl\/?p=19579&#038;t=En%20Villa%20Ortega%20certifican%20a%2013%20alumnos%2Fas%20en%20curtido%20de%20cuero' aria-hidden='false' data-av_icon='\ue8f3' data-av_iconfont='entypo-fontello' title='' data-avia-related-tooltip='Compartir en Facebook' rel=\"noopener\"><span class='avia_hidden_link_text'>Compartir en Facebook<\/span><\/a><\/li><li class='av-share-link av-social-link-twitter' ><a target=\"_blank\" aria-label=\"Compartir en Twitter\" href='https:\/\/twitter.com\/share?text=En%20Villa%20Ortega%20certifican%20a%2013%20alumnos%2Fas%20en%20curtido%20de%20cuero&#038;url=https:\/\/radiorevelacionfm.cl\/?p=19579' aria-hidden='false' data-av_icon='\ue8f1' data-av_iconfont='entypo-fontello' title='' data-avia-related-tooltip='Compartir en Twitter' rel=\"noopener\"><span class='avia_hidden_link_text'>Compartir en Twitter<\/span><\/a><\/li><li class='av-share-link av-social-link-whatsapp' ><a target=\"_blank\" aria-label=\"Compartir en Whatsapp\" href='https:\/\/api.whatsapp.com\/send?text=https:\/\/radiorevelacionfm.cl\/?p=19579' aria-hidden='false' data-av_icon='\uf232' data-av_iconfont='entypo-fontello' title='' data-avia-related-tooltip='Compartir en Whatsapp' rel=\"noopener\"><span class='avia_hidden_link_text'>Compartir en Whatsapp<\/span><\/a><\/li><li class='av-share-link av-social-link-linkedin' ><a target=\"_blank\" aria-label=\"Compartir en LinkedIn\" href='https:\/\/linkedin.com\/shareArticle?mini=true&#038;title=En%20Villa%20Ortega%20certifican%20a%2013%20alumnos%2Fas%20en%20curtido%20de%20cuero&#038;url=https:\/\/radiorevelacionfm.cl\/?p=19579' aria-hidden='false' data-av_icon='\ue8fc' data-av_iconfont='entypo-fontello' title='' data-avia-related-tooltip='Compartir en LinkedIn' rel=\"noopener\"><span class='avia_hidden_link_text'>Compartir en LinkedIn<\/span><\/a><\/li><li class='av-share-link av-social-link-mail' ><a  aria-label=\"Compartir por correo\" href='mailto:?subject=En%20Villa%20Ortega%20certifican%20a%2013%20alumnos%2Fas%20en%20curtido%20de%20cuero&#038;body=https:\/\/radiorevelacionfm.cl\/?p=19579' aria-hidden='false' data-av_icon='\ue805' data-av_iconfont='entypo-fontello' title='' data-avia-related-tooltip='Compartir por correo'><span class='avia_hidden_link_text'>Compartir por correo<\/span><\/a><\/li><\/ul><\/div><\/div>\n<div  style='height:50px' class='hr hr-invisible   avia-builder-el-8  el_after_av_social_share  el_before_av_comments_list '><span class='hr-inner ' ><span class='hr-inner-style'><\/span><\/span><\/div>\n<div  class='av-buildercomment  av-blog-meta-html-info-disabled av-blog-meta-tag-disabled  '><\/div>\n","protected":false},"excerpt":{"rendered":"","protected":false},"author":1,"featured_media":19580,"comment_status":"open","ping_status":"open","sticky":false,"template":"","format":"standard","meta":{"footnotes":""},"categories":[38],"tags":[],"class_list":["post-19579","post","type-post","status-publish","format-standard","has-post-thumbnail","hentry","category-regional"],"jetpack_featured_media_url":"https:\/\/radiorevelacionfm.cl\/wp-content\/uploads\/2022\/07\/cursosence_curtiembrecuero_villaortega-1_optimized.jpg","_links":{"self":[{"href":"https:\/\/radiorevelacionfm.cl\/index.php?rest_route=\/wp\/v2\/posts\/19579","targetHints":{"allow":["GET"]}}],"collection":[{"href":"https:\/\/radiorevelacionfm.cl\/index.php?rest_route=\/wp\/v2\/posts"}],"about":[{"href":"https:\/\/radiorevelacionfm.cl\/index.php?rest_route=\/wp\/v2\/types\/post"}],"author":[{"embeddable":true,"href":"https:\/\/radiorevelacionfm.cl\/index.php?rest_route=\/wp\/v2\/users\/1"}],"replies":[{"embeddable":true,"href":"https:\/\/radiorevelacionfm.cl\/index.php?rest_route=%2Fwp%2Fv2%2Fcomments&post=19579"}],"version-history":[{"count":2,"href":"https:\/\/radiorevelacionfm.cl\/index.php?rest_route=\/wp\/v2\/posts\/19579\/revisions"}],"predecessor-version":[{"id":19582,"href":"https:\/\/radiorevelacionfm.cl\/index.php?rest_route=\/wp\/v2\/posts\/19579\/revisions\/19582"}],"wp:featuredmedia":[{"embeddable":true,"href":"https:\/\/radiorevelacionfm.cl\/index.php?rest_route=\/wp\/v2\/media\/19580"}],"wp:attachment":[{"href":"https:\/\/radiorevelacionfm.cl\/index.php?rest_route=%2Fwp%2Fv2%2Fmedia&parent=19579"}],"wp:term":[{"taxonomy":"category","embeddable":true,"href":"https:\/\/radiorevelacionfm.cl\/index.php?rest_route=%2Fwp%2Fv2%2Fcategories&post=19579"},{"taxonomy":"post_tag","embeddable":true,"href":"https:\/\/radiorevelacionfm.cl\/index.php?rest_route=%2Fwp%2Fv2%2Ftags&post=19579"}],"curies":[{"name":"wp","href":"https:\/\/api.w.org\/{rel}","templated":true}]}}