{"id":19570,"date":"2022-07-23T15:52:50","date_gmt":"2022-07-23T18:52:50","guid":{"rendered":"https:\/\/radiorevelacionfm.cl\/?p=19570"},"modified":"2022-07-23T15:52:50","modified_gmt":"2022-07-23T18:52:50","slug":"ninos-as-de-puerto-cisnes-se-preparan-para-interescolar-de-escalada-en-coyhaique","status":"publish","type":"post","link":"https:\/\/radiorevelacionfm.cl\/?p=19570","title":{"rendered":"Ni\u00f1os\/as de Puerto Cisnes se preparan para interescolar de escalada en Coyhaique"},"content":{"rendered":"<div class=\"flex_column av_one_full  flex_column_div av-zero-column-padding first  avia-builder-el-0  el_before_av_one_full  avia-builder-el-first  \" style='border-radius:0px; '><div  class='avia-image-container  av-styling-    avia-builder-el-1  avia-builder-el-no-sibling  avia-align-center '  itemprop=\"image\" itemscope=\"itemscope\" itemtype=\"https:\/\/schema.org\/ImageObject\"  ><div class='avia-image-container-inner'><div class='avia-image-overlay-wrap'><img decoding=\"async\" class='wp-image-19571 avia-img-lazy-loading-not-19571 avia_image' src=\"https:\/\/radiorevelacionfm.cl\/wp-content\/uploads\/2022\/07\/dsc7223-1_optimized.jpg\" alt='' title='dsc7223-(1)_optimized' height=\"600\" width=\"1173\"  itemprop=\"thumbnailUrl\" srcset=\"https:\/\/radiorevelacionfm.cl\/wp-content\/uploads\/2022\/07\/dsc7223-1_optimized.jpg 1173w, https:\/\/radiorevelacionfm.cl\/wp-content\/uploads\/2022\/07\/dsc7223-1_optimized-300x153.jpg 300w, https:\/\/radiorevelacionfm.cl\/wp-content\/uploads\/2022\/07\/dsc7223-1_optimized-1030x527.jpg 1030w, https:\/\/radiorevelacionfm.cl\/wp-content\/uploads\/2022\/07\/dsc7223-1_optimized-768x393.jpg 768w, https:\/\/radiorevelacionfm.cl\/wp-content\/uploads\/2022\/07\/dsc7223-1_optimized-705x361.jpg 705w, https:\/\/radiorevelacionfm.cl\/wp-content\/uploads\/2022\/07\/dsc7223-1_optimized-600x307.jpg 600w\" sizes=\"(max-width: 1173px) 100vw, 1173px\" \/><\/div><\/div><\/div><\/div><div class=\"flex_column av_one_full  flex_column_div av-zero-column-padding first  avia-builder-el-2  el_after_av_one_full  el_before_av_one_full  column-top-margin\" style='border-radius:0px; '><section class=\"av_textblock_section \"  itemscope=\"itemscope\" itemtype=\"https:\/\/schema.org\/BlogPosting\" itemprop=\"blogPost\" ><div class='avia_textblock  '   itemprop=\"text\" ><p style=\"text-align: center;\"><strong><span style=\"font-size: 18pt;\">Ni\u00f1os\/as de Puerto Cisnes se preparan para interescolar de escalada en Coyhaique<\/span><\/strong><\/p>\n<div id=\"gtx-trans\" style=\"position: absolute; left: -50px; top: 4.31534px;\">\n<div class=\"gtx-trans-icon\"><\/div>\n<\/div>\n<\/div><\/section><\/div><div class=\"flex_column av_one_full  flex_column_div av-zero-column-padding first  avia-builder-el-4  el_after_av_one_full  el_before_av_hr  column-top-margin\" style='border-radius:0px; '><section class=\"av_textblock_section \"  itemscope=\"itemscope\" itemtype=\"https:\/\/schema.org\/BlogPosting\" itemprop=\"blogPost\" ><div class='avia_textblock  '   itemprop=\"text\" ><p style=\"text-align: justify;\">La entrenadora y directora del Taller de Escalada de Puerto Cisnes, Katherin Legue D\u00edaz, viaj\u00f3 con un grupo de ni\u00f1as y ni\u00f1os de la localidad a entrenar a Coyhaique con el objetivo de familiarizarse con los muros y con el recinto donde el 27 de agosto pr\u00f3ximo, se desarrollar\u00e1 el Campeonato Interescolar de Escalada.<\/p>\n<p style=\"text-align: justify;\">Es as\u00ed como el pasado s\u00e1bado, cinco j\u00f3venes de entre 9 y 10 a\u00f1os, primero entrenaron durante la ma\u00f1ana en el Galp\u00f3n Michay, para luego tener un descanso y dirigirse al Gimnasio Kosten Boulder, donde entrenaron en la tarde. Ambos recintos especializados en escalada.<\/p>\n<p style=\"text-align: justify;\">Para Legue, quien coordin\u00f3 esta salida a la capital regional, la actividad fue \u00abuna experiencia muy provechosa, muy entreten\u00eda, muy emocionante. Nuestros compa\u00f1eros de gimnasio Michay nos recibieron s\u00faper bien. Nos dieron una charla instructiva. Estuvimos escalando all\u00e1, conociendo, aprendiendo nuevas t\u00e9cnicas. Despu\u00e9s hicimos un receso, y nos cambiamos al gimnasio Konsten Boulder, que es donde va a ser la competencia\u00bb.<\/p>\n<p style=\"text-align: justify;\">Una de las ni\u00f1as que particip\u00f3 en la actividad, y que est\u00e1 prepar\u00e1ndose para el campeonato, es Amanda Saavedra, de 9 a\u00f1os, quien valor\u00f3 el entrenamiento en Coyhaique, \u00abme gust\u00f3 que ense\u00f1aran c\u00f3mo agarrarse, me gust\u00f3 el lugar donde fuimos porque era bien amplio para poder escalar. De hecho quiero ir de nuevo, quiero volver, porque me entretuve mucho escalando. Me gust\u00f3 ir a escalar porque pude practicar m\u00e1s\u00bb.<\/p>\n<p style=\"text-align: justify;\">Por su parte, una de las mam\u00e1s que acompa\u00f1aron al equipo en su viaje a la capital regional, fue Soledad, quien tambi\u00e9n hizo un balance de la actividad, \u00abestuvo muy buena, fue una actividad inicial para que los ni\u00f1os se reencontraran con los muros de escalada, conocieran muros diferentes y entrenaran en un lugar distinto al que hab\u00edan conocido en Puerto Cisnes. Me motiva que los ni\u00f1os puedan seguir practicando un deporte diferente a los tradicionales que tambi\u00e9n les significa desaf\u00edos, tomar decisiones\u00bb, concluy\u00f3.<\/p>\n<\/div><\/section><\/div><div  style='height:50px' class='hr hr-invisible   avia-builder-el-6  el_after_av_one_full  el_before_av_social_share '><span class='hr-inner ' ><span class='hr-inner-style'><\/span><\/span><\/div><\/p>\n<div  class='av-social-sharing-box  avia-builder-el-7  el_after_av_hr  el_before_av_hr  '><div class='av-share-box'><h5 class='av-share-link-description av-no-toc '>Compartir esta noticia<\/h5><ul class='av-share-box-list noLightbox'><li class='av-share-link av-social-link-facebook' ><a target=\"_blank\" aria-label=\"Compartir en Facebook\" href='https:\/\/www.facebook.com\/sharer.php?u=https:\/\/radiorevelacionfm.cl\/?p=19570&#038;t=Ni%C3%B1os%2Fas%20de%20Puerto%20Cisnes%20se%20preparan%20para%20interescolar%20de%20escalada%20en%20Coyhaique' aria-hidden='false' data-av_icon='\ue8f3' data-av_iconfont='entypo-fontello' title='' data-avia-related-tooltip='Compartir en Facebook' rel=\"noopener\"><span class='avia_hidden_link_text'>Compartir en Facebook<\/span><\/a><\/li><li class='av-share-link av-social-link-twitter' ><a target=\"_blank\" aria-label=\"Compartir en Twitter\" href='https:\/\/twitter.com\/share?text=Ni%C3%B1os%2Fas%20de%20Puerto%20Cisnes%20se%20preparan%20para%20interescolar%20de%20escalada%20en%20Coyhaique&#038;url=https:\/\/radiorevelacionfm.cl\/?p=19570' aria-hidden='false' data-av_icon='\ue8f1' data-av_iconfont='entypo-fontello' title='' data-avia-related-tooltip='Compartir en Twitter' rel=\"noopener\"><span class='avia_hidden_link_text'>Compartir en Twitter<\/span><\/a><\/li><li class='av-share-link av-social-link-whatsapp' ><a target=\"_blank\" aria-label=\"Compartir en Whatsapp\" href='https:\/\/api.whatsapp.com\/send?text=https:\/\/radiorevelacionfm.cl\/?p=19570' aria-hidden='false' data-av_icon='\uf232' data-av_iconfont='entypo-fontello' title='' data-avia-related-tooltip='Compartir en Whatsapp' rel=\"noopener\"><span class='avia_hidden_link_text'>Compartir en Whatsapp<\/span><\/a><\/li><li class='av-share-link av-social-link-linkedin' ><a target=\"_blank\" aria-label=\"Compartir en LinkedIn\" href='https:\/\/linkedin.com\/shareArticle?mini=true&#038;title=Ni%C3%B1os%2Fas%20de%20Puerto%20Cisnes%20se%20preparan%20para%20interescolar%20de%20escalada%20en%20Coyhaique&#038;url=https:\/\/radiorevelacionfm.cl\/?p=19570' aria-hidden='false' data-av_icon='\ue8fc' data-av_iconfont='entypo-fontello' title='' data-avia-related-tooltip='Compartir en LinkedIn' rel=\"noopener\"><span class='avia_hidden_link_text'>Compartir en LinkedIn<\/span><\/a><\/li><li class='av-share-link av-social-link-mail' ><a  aria-label=\"Compartir por correo\" href='mailto:?subject=Ni%C3%B1os%2Fas%20de%20Puerto%20Cisnes%20se%20preparan%20para%20interescolar%20de%20escalada%20en%20Coyhaique&#038;body=https:\/\/radiorevelacionfm.cl\/?p=19570' aria-hidden='false' data-av_icon='\ue805' data-av_iconfont='entypo-fontello' title='' data-avia-related-tooltip='Compartir por correo'><span class='avia_hidden_link_text'>Compartir por correo<\/span><\/a><\/li><\/ul><\/div><\/div>\n<div  style='height:50px' class='hr hr-invisible   avia-builder-el-8  el_after_av_social_share  el_before_av_comments_list '><span class='hr-inner ' ><span class='hr-inner-style'><\/span><\/span><\/div>\n<div  class='av-buildercomment  av-blog-meta-html-info-disabled av-blog-meta-tag-disabled  '><\/div>\n","protected":false},"excerpt":{"rendered":"","protected":false},"author":1,"featured_media":19571,"comment_status":"open","ping_status":"open","sticky":false,"template":"","format":"standard","meta":{"footnotes":""},"categories":[40],"tags":[],"class_list":["post-19570","post","type-post","status-publish","format-standard","has-post-thumbnail","hentry","category-deportes"],"jetpack_featured_media_url":"https:\/\/radiorevelacionfm.cl\/wp-content\/uploads\/2022\/07\/dsc7223-1_optimized.jpg","_links":{"self":[{"href":"https:\/\/radiorevelacionfm.cl\/index.php?rest_route=\/wp\/v2\/posts\/19570","targetHints":{"allow":["GET"]}}],"collection":[{"href":"https:\/\/radiorevelacionfm.cl\/index.php?rest_route=\/wp\/v2\/posts"}],"about":[{"href":"https:\/\/radiorevelacionfm.cl\/index.php?rest_route=\/wp\/v2\/types\/post"}],"author":[{"embeddable":true,"href":"https:\/\/radiorevelacionfm.cl\/index.php?rest_route=\/wp\/v2\/users\/1"}],"replies":[{"embeddable":true,"href":"https:\/\/radiorevelacionfm.cl\/index.php?rest_route=%2Fwp%2Fv2%2Fcomments&post=19570"}],"version-history":[{"count":2,"href":"https:\/\/radiorevelacionfm.cl\/index.php?rest_route=\/wp\/v2\/posts\/19570\/revisions"}],"predecessor-version":[{"id":19573,"href":"https:\/\/radiorevelacionfm.cl\/index.php?rest_route=\/wp\/v2\/posts\/19570\/revisions\/19573"}],"wp:featuredmedia":[{"embeddable":true,"href":"https:\/\/radiorevelacionfm.cl\/index.php?rest_route=\/wp\/v2\/media\/19571"}],"wp:attachment":[{"href":"https:\/\/radiorevelacionfm.cl\/index.php?rest_route=%2Fwp%2Fv2%2Fmedia&parent=19570"}],"wp:term":[{"taxonomy":"category","embeddable":true,"href":"https:\/\/radiorevelacionfm.cl\/index.php?rest_route=%2Fwp%2Fv2%2Fcategories&post=19570"},{"taxonomy":"post_tag","embeddable":true,"href":"https:\/\/radiorevelacionfm.cl\/index.php?rest_route=%2Fwp%2Fv2%2Ftags&post=19570"}],"curies":[{"name":"wp","href":"https:\/\/api.w.org\/{rel}","templated":true}]}}