{"id":19566,"date":"2022-07-23T12:06:52","date_gmt":"2022-07-23T15:06:52","guid":{"rendered":"https:\/\/radiorevelacionfm.cl\/?p=19566"},"modified":"2022-07-23T12:06:52","modified_gmt":"2022-07-23T15:06:52","slug":"en-lago-verde-realizan-encuentro-con-la-comunidad-para-dar-a-conocer-programas-de-agricultura","status":"publish","type":"post","link":"https:\/\/radiorevelacionfm.cl\/?p=19566","title":{"rendered":"En Lago Verde realizan encuentro con la comunidad para dar a conocer programas de Agricultura"},"content":{"rendered":"<div class=\"flex_column av_one_full  flex_column_div av-zero-column-padding first  avia-builder-el-0  el_before_av_one_full  avia-builder-el-first  \" style='border-radius:0px; '><div  class='avia-image-container  av-styling-    avia-builder-el-1  avia-builder-el-no-sibling  avia-align-center '  itemprop=\"image\" itemscope=\"itemscope\" itemtype=\"https:\/\/schema.org\/ImageObject\"  ><div class='avia-image-container-inner'><div class='avia-image-overlay-wrap'><img decoding=\"async\" class='wp-image-19567 avia-img-lazy-loading-not-19567 avia_image' src=\"https:\/\/radiorevelacionfm.cl\/wp-content\/uploads\/2022\/07\/1-2-1-1_optimized-1.jpg\" alt='' title='1-2-(1)-(1)_optimized (1)' height=\"600\" width=\"1032\"  itemprop=\"thumbnailUrl\" srcset=\"https:\/\/radiorevelacionfm.cl\/wp-content\/uploads\/2022\/07\/1-2-1-1_optimized-1.jpg 1032w, https:\/\/radiorevelacionfm.cl\/wp-content\/uploads\/2022\/07\/1-2-1-1_optimized-1-300x174.jpg 300w, https:\/\/radiorevelacionfm.cl\/wp-content\/uploads\/2022\/07\/1-2-1-1_optimized-1-1030x599.jpg 1030w, https:\/\/radiorevelacionfm.cl\/wp-content\/uploads\/2022\/07\/1-2-1-1_optimized-1-768x447.jpg 768w, https:\/\/radiorevelacionfm.cl\/wp-content\/uploads\/2022\/07\/1-2-1-1_optimized-1-705x410.jpg 705w, https:\/\/radiorevelacionfm.cl\/wp-content\/uploads\/2022\/07\/1-2-1-1_optimized-1-600x349.jpg 600w\" sizes=\"(max-width: 1032px) 100vw, 1032px\" \/><\/div><\/div><\/div><\/div><div class=\"flex_column av_one_full  flex_column_div av-zero-column-padding first  avia-builder-el-2  el_after_av_one_full  el_before_av_one_full  column-top-margin\" style='border-radius:0px; '><section class=\"av_textblock_section \"  itemscope=\"itemscope\" itemtype=\"https:\/\/schema.org\/BlogPosting\" itemprop=\"blogPost\" ><div class='avia_textblock  '   itemprop=\"text\" ><p style=\"text-align: center;\"><strong><span style=\"font-size: 18pt;\">En Lago Verde realizan encuentro con la comunidad para dar a conocer programas de Agricultura<\/span><\/strong><\/p>\n<div id=\"gtx-trans\" style=\"position: absolute; left: -50px; top: 4.31534px;\">\n<div class=\"gtx-trans-icon\"><\/div>\n<\/div>\n<\/div><\/section><\/div><div class=\"flex_column av_one_full  flex_column_div av-zero-column-padding first  avia-builder-el-4  el_after_av_one_full  el_before_av_hr  column-top-margin\" style='border-radius:0px; '><section class=\"av_textblock_section \"  itemscope=\"itemscope\" itemtype=\"https:\/\/schema.org\/BlogPosting\" itemprop=\"blogPost\" ><div class='avia_textblock  '   itemprop=\"text\" ><p style=\"text-align: justify;\">Acercar las pol\u00edticas p\u00fablicas y abordar los desaf\u00edos territoriales en materia de desarrollo silvoagropecuario, fue parte de lo planteado en el encuentro realizado en Lago verde. Instancia que reuni\u00f3 al alcalde de la comuna, dirigentes, comunidad y representantes de servicios p\u00fablicos de agricultura liderados por el seremi del ramo, Alan Espinoza Ortiz.<\/p>\n<p style=\"text-align: justify;\">Encuentro donde, junto con dar a conocer la puesta en marcha del apoyo a productores\/as no INDAP, se analiz\u00f3 las principales demandas de los campesinos y campesinas de la comuna.<\/p>\n<div class=\"code-block code-block-4\" style=\"text-align: justify;\">\n<div id=\"300x250-B\">En este sentido la Concejala, Carolina Loncochino, junto con destacar la entrega de forraje materializado a trav\u00e9s del Plan Siembra Por Chile y tras el convenio con la Municipalidad de Lago Verde, se\u00f1al\u00f3 que el encuentro sirve para avanzar en torno a plantear temas y ver formas de avanzar.<\/div>\n<\/div>\n<p style=\"text-align: justify;\">\u201cCon respecto a los alcances que tuvieron en la reuni\u00f3n de hoy d\u00eda, que finalmente fue extensa pero muy provechosa. Quiero decir que todos muy contentos, despu\u00e9s de la reuni\u00f3n seguimos conversando con las personas y todos con los agricultores que participaron est\u00e1n conformes\u201d, sostuvo.<\/p>\n<p style=\"text-align: justify;\">Por su parte, Leandra Provoste de la Junta de Vecinos El Turbio, destac\u00f3 el encuentro que permite acercar programas y herramientas del Ministerio de Agricultura.<\/p>\n<p style=\"text-align: justify;\">\u201cYo creo que qued\u00f3 como bastante claro el tema de informaci\u00f3n, el seremi se comprometi\u00f3 a que la informaci\u00f3n va a llegar a la comunidad para que puedan pertenecer a alg\u00fan proyecto o programa que difunden\u201d, se\u00f1al\u00f3.<\/p>\n<p style=\"text-align: justify;\">En este sentido el alcalde de la comuna, Nelson Opazo, destac\u00f3 la participaci\u00f3n en una instancia que busca fortalecer este sector econ\u00f3mico.<\/p>\n<p style=\"text-align: justify;\">\u201cAgradecidos de la buena reuni\u00f3n, de la participaci\u00f3n de la comunidad y naturalmente seguiremos haciendo el seguimiento respecto de los compromisos asumidos en esta reuni\u00f3n\u201d, concluy\u00f3<\/p>\n<p style=\"text-align: justify;\">En la reuni\u00f3n sostenida en el comedor del Comedor del Adulto Mayor de Lago Verde, asistieron los jefes de \u00e1reas de INDAP, SAG y CONAF, buscando entregar informaci\u00f3n sobre los programas y herramientas, en una modalidad que seg\u00fan subray\u00f3, el Seremi Alan Espinoza Ortiz, \u201cse ha estado realizando en toda la regi\u00f3n, buscando acercar la informaci\u00f3n de manera permanente y en terreno a las comunidades de Ays\u00e9n\u201d, sintetiz\u00f3.<\/p>\n<\/div><\/section><\/div><div  style='height:50px' class='hr hr-invisible   avia-builder-el-6  el_after_av_one_full  el_before_av_social_share '><span class='hr-inner ' ><span class='hr-inner-style'><\/span><\/span><\/div><\/p>\n<div  class='av-social-sharing-box  avia-builder-el-7  el_after_av_hr  el_before_av_hr  '><div class='av-share-box'><h5 class='av-share-link-description av-no-toc '>Compartir esta noticia<\/h5><ul class='av-share-box-list noLightbox'><li class='av-share-link av-social-link-facebook' ><a target=\"_blank\" aria-label=\"Compartir en Facebook\" href='https:\/\/www.facebook.com\/sharer.php?u=https:\/\/radiorevelacionfm.cl\/?p=19566&#038;t=En%20Lago%20Verde%20realizan%20encuentro%20con%20la%20comunidad%20para%20dar%20a%20conocer%20programas%20de%20Agricultura' aria-hidden='false' data-av_icon='\ue8f3' data-av_iconfont='entypo-fontello' title='' data-avia-related-tooltip='Compartir en Facebook' rel=\"noopener\"><span class='avia_hidden_link_text'>Compartir en Facebook<\/span><\/a><\/li><li class='av-share-link av-social-link-twitter' ><a target=\"_blank\" aria-label=\"Compartir en Twitter\" href='https:\/\/twitter.com\/share?text=En%20Lago%20Verde%20realizan%20encuentro%20con%20la%20comunidad%20para%20dar%20a%20conocer%20programas%20de%20Agricultura&#038;url=https:\/\/radiorevelacionfm.cl\/?p=19566' aria-hidden='false' data-av_icon='\ue8f1' data-av_iconfont='entypo-fontello' title='' data-avia-related-tooltip='Compartir en Twitter' rel=\"noopener\"><span class='avia_hidden_link_text'>Compartir en Twitter<\/span><\/a><\/li><li class='av-share-link av-social-link-whatsapp' ><a target=\"_blank\" aria-label=\"Compartir en Whatsapp\" href='https:\/\/api.whatsapp.com\/send?text=https:\/\/radiorevelacionfm.cl\/?p=19566' aria-hidden='false' data-av_icon='\uf232' data-av_iconfont='entypo-fontello' title='' data-avia-related-tooltip='Compartir en Whatsapp' rel=\"noopener\"><span class='avia_hidden_link_text'>Compartir en Whatsapp<\/span><\/a><\/li><li class='av-share-link av-social-link-linkedin' ><a target=\"_blank\" aria-label=\"Compartir en LinkedIn\" href='https:\/\/linkedin.com\/shareArticle?mini=true&#038;title=En%20Lago%20Verde%20realizan%20encuentro%20con%20la%20comunidad%20para%20dar%20a%20conocer%20programas%20de%20Agricultura&#038;url=https:\/\/radiorevelacionfm.cl\/?p=19566' aria-hidden='false' data-av_icon='\ue8fc' data-av_iconfont='entypo-fontello' title='' data-avia-related-tooltip='Compartir en LinkedIn' rel=\"noopener\"><span class='avia_hidden_link_text'>Compartir en LinkedIn<\/span><\/a><\/li><li class='av-share-link av-social-link-mail' ><a  aria-label=\"Compartir por correo\" href='mailto:?subject=En%20Lago%20Verde%20realizan%20encuentro%20con%20la%20comunidad%20para%20dar%20a%20conocer%20programas%20de%20Agricultura&#038;body=https:\/\/radiorevelacionfm.cl\/?p=19566' aria-hidden='false' data-av_icon='\ue805' data-av_iconfont='entypo-fontello' title='' data-avia-related-tooltip='Compartir por correo'><span class='avia_hidden_link_text'>Compartir por correo<\/span><\/a><\/li><\/ul><\/div><\/div>\n<div  style='height:50px' class='hr hr-invisible   avia-builder-el-8  el_after_av_social_share  el_before_av_comments_list '><span class='hr-inner ' ><span class='hr-inner-style'><\/span><\/span><\/div>\n<div  class='av-buildercomment  av-blog-meta-html-info-disabled av-blog-meta-tag-disabled  '><\/div>\n","protected":false},"excerpt":{"rendered":"","protected":false},"author":1,"featured_media":19567,"comment_status":"open","ping_status":"open","sticky":false,"template":"","format":"standard","meta":{"footnotes":""},"categories":[58],"tags":[],"class_list":["post-19566","post","type-post","status-publish","format-standard","has-post-thumbnail","hentry","category-agricultura"],"jetpack_featured_media_url":"https:\/\/radiorevelacionfm.cl\/wp-content\/uploads\/2022\/07\/1-2-1-1_optimized-1.jpg","_links":{"self":[{"href":"https:\/\/radiorevelacionfm.cl\/index.php?rest_route=\/wp\/v2\/posts\/19566","targetHints":{"allow":["GET"]}}],"collection":[{"href":"https:\/\/radiorevelacionfm.cl\/index.php?rest_route=\/wp\/v2\/posts"}],"about":[{"href":"https:\/\/radiorevelacionfm.cl\/index.php?rest_route=\/wp\/v2\/types\/post"}],"author":[{"embeddable":true,"href":"https:\/\/radiorevelacionfm.cl\/index.php?rest_route=\/wp\/v2\/users\/1"}],"replies":[{"embeddable":true,"href":"https:\/\/radiorevelacionfm.cl\/index.php?rest_route=%2Fwp%2Fv2%2Fcomments&post=19566"}],"version-history":[{"count":2,"href":"https:\/\/radiorevelacionfm.cl\/index.php?rest_route=\/wp\/v2\/posts\/19566\/revisions"}],"predecessor-version":[{"id":19569,"href":"https:\/\/radiorevelacionfm.cl\/index.php?rest_route=\/wp\/v2\/posts\/19566\/revisions\/19569"}],"wp:featuredmedia":[{"embeddable":true,"href":"https:\/\/radiorevelacionfm.cl\/index.php?rest_route=\/wp\/v2\/media\/19567"}],"wp:attachment":[{"href":"https:\/\/radiorevelacionfm.cl\/index.php?rest_route=%2Fwp%2Fv2%2Fmedia&parent=19566"}],"wp:term":[{"taxonomy":"category","embeddable":true,"href":"https:\/\/radiorevelacionfm.cl\/index.php?rest_route=%2Fwp%2Fv2%2Fcategories&post=19566"},{"taxonomy":"post_tag","embeddable":true,"href":"https:\/\/radiorevelacionfm.cl\/index.php?rest_route=%2Fwp%2Fv2%2Ftags&post=19566"}],"curies":[{"name":"wp","href":"https:\/\/api.w.org\/{rel}","templated":true}]}}