{"id":19562,"date":"2022-07-22T20:18:12","date_gmt":"2022-07-22T23:18:12","guid":{"rendered":"https:\/\/radiorevelacionfm.cl\/?p=19562"},"modified":"2022-07-22T20:18:12","modified_gmt":"2022-07-22T23:18:12","slug":"decretan-emergencia-agricola-en-siete-comunas-de-la-region-de-aysen","status":"publish","type":"post","link":"https:\/\/radiorevelacionfm.cl\/?p=19562","title":{"rendered":"Decretan Emergencia Agr\u00edcola en siete comunas de la regi\u00f3n de Ays\u00e9n"},"content":{"rendered":"<div class=\"flex_column av_one_full  flex_column_div av-zero-column-padding first  avia-builder-el-0  el_before_av_one_full  avia-builder-el-first  \" style='border-radius:0px; '><div  class='avia-image-container  av-styling-    avia-builder-el-1  avia-builder-el-no-sibling  avia-align-center '  itemprop=\"image\" itemscope=\"itemscope\" itemtype=\"https:\/\/schema.org\/ImageObject\"  ><div class='avia-image-container-inner'><div class='avia-image-overlay-wrap'><img decoding=\"async\" class='wp-image-19563 avia-img-lazy-loading-not-19563 avia_image' src=\"https:\/\/radiorevelacionfm.cl\/wp-content\/uploads\/2022\/07\/Animales-Aysen-1-1.jpg\" alt='' title='Animales Aysen (1) (1)' height=\"600\" width=\"800\"  itemprop=\"thumbnailUrl\" srcset=\"https:\/\/radiorevelacionfm.cl\/wp-content\/uploads\/2022\/07\/Animales-Aysen-1-1.jpg 800w, https:\/\/radiorevelacionfm.cl\/wp-content\/uploads\/2022\/07\/Animales-Aysen-1-1-300x225.jpg 300w, https:\/\/radiorevelacionfm.cl\/wp-content\/uploads\/2022\/07\/Animales-Aysen-1-1-768x576.jpg 768w, https:\/\/radiorevelacionfm.cl\/wp-content\/uploads\/2022\/07\/Animales-Aysen-1-1-705x529.jpg 705w, https:\/\/radiorevelacionfm.cl\/wp-content\/uploads\/2022\/07\/Animales-Aysen-1-1-600x450.jpg 600w\" sizes=\"(max-width: 800px) 100vw, 800px\" \/><\/div><\/div><\/div><\/div><div class=\"flex_column av_one_full  flex_column_div av-zero-column-padding first  avia-builder-el-2  el_after_av_one_full  el_before_av_one_full  column-top-margin\" style='border-radius:0px; '><section class=\"av_textblock_section \"  itemscope=\"itemscope\" itemtype=\"https:\/\/schema.org\/BlogPosting\" itemprop=\"blogPost\" ><div class='avia_textblock  '   itemprop=\"text\" ><p style=\"text-align: center;\"><strong><span style=\"font-size: 18pt;\">Decretan Emergencia Agr\u00edcola en siete comunas de la regi\u00f3n de Ays\u00e9n<\/span><\/strong><\/p>\n<div id=\"gtx-trans\" style=\"position: absolute; left: -50px; top: 4.31534px;\">\n<div class=\"gtx-trans-icon\"><\/div>\n<\/div>\n<\/div><\/section><\/div><div class=\"flex_column av_one_full  flex_column_div av-zero-column-padding first  avia-builder-el-4  el_after_av_one_full  el_before_av_hr  column-top-margin\" style='border-radius:0px; '><section class=\"av_textblock_section \"  itemscope=\"itemscope\" itemtype=\"https:\/\/schema.org\/BlogPosting\" itemprop=\"blogPost\" ><div class='avia_textblock  '   itemprop=\"text\" ><p style=\"text-align: justify;\">El Ministerio de Agricultura firm\u00f3 este viernes el Decreto de Emergencia Agr\u00edcola para siete comunas de la Regi\u00f3n de Ays\u00e9n, debido al sistema a frontal con precipitaciones de nieve y bajas temperaturas.<\/p>\n<p style=\"text-align: justify;\">En una resoluci\u00f3n que incluye las comunas de Coyhaique, R\u00edo Ib\u00e1\u00f1ez, Cochrane, Chile Chico, Lago Verde, O\u2019Higgins y Ays\u00e9n que ir\u00e1 en ayuda de productores agr\u00edcolas, ganaderos, forestales y ap\u00edcolas de las comunas indicadas.<\/p>\n<p style=\"text-align: justify;\">En este sentido la Gobernadora de Ays\u00e9n, Andrea Mac\u00edas Palma, destac\u00f3 que la declaraci\u00f3n de emergencia busca apoyar de manera colaborativa a la agricultura regional.<\/p>\n<p style=\"text-align: justify;\">\u201cSe\u00f1alar que el d\u00eda martes tuvimos una conversaci\u00f3n con el ministro donde expusimos esta necesidad para poder comenzar a actuar de manera preventiva frente a situaciones complejas que van a vivir nuestros peque\u00f1os campesinos y campesinas. Esto en relaci\u00f3n con la situaci\u00f3n clim\u00e1tica y haber tenido un verano muy seco. Por lo tanto, como Gobierno regional y su Consejo de manera preventiva y destacando el trabajo colaborativo con la Seremi de Agricultura, logramos que esto haga o\u00eddos en el nivel central y con esto como Gobierno Regional podemos activar recursos de emergencia para ir en apoyo directo a cada una de las personas que lo requieran\u201d, sostuvo.<\/p>\n<p style=\"text-align: justify;\">La medida fue solicitada por el Delegado Presidencial Regional, Rodrigo Araya Morales, en base a la recomendaci\u00f3n realizada por la Comisi\u00f3n Asesora Regional de Gesti\u00f3n Integral de Riesgos (CARGIR) que re\u00fane a los servicios del agro y a ONEMI.<\/p>\n<p style=\"text-align: justify;\">\u201cNos estamos anticipando el per\u00edodo de pariciones donde se va a requerir justamente alimentaci\u00f3n, en este minuto es una situaci\u00f3n de invierno normal en nuestra regi\u00f3n habitual, como era antes. Por lo tanto, esta es una medida que viene a trabajar preventivamente en este per\u00edodo que es tan importante para la agricultura familiar campesina y para todos los productores de nuestra regi\u00f3n. Y los recursos, por lo tanto, van a estar a disposici\u00f3n gracias a la colaboraci\u00f3n del Gobierno Regional y la voluntad de la Gobernadora para poder venir en ayuda de las necesidades que va a tener que levantar nuestra Seremi de Agricultura, con todos los territorios que est\u00e1n involucrados en esta declaraci\u00f3n\u201d, sintetiz\u00f3.<\/p>\n<p style=\"text-align: justify;\">El Seremi de Agricultura, Alan Espinoza Ortiz, se\u00f1al\u00f3 que la declaratoria es una medida que busca ser preventiva a los posibles efectos del invierno y la falta de forraje para la \u00e9poca de pariciones.<\/p>\n<p style=\"text-align: justify;\">\u201cEntendemos que este es un invierno normal, pero tambi\u00e9n entendemos que efectivamente la temperatura ha bajado y vamos a tener nieve m\u00e1s permanente en nuestros campos y ah\u00ed es donde las distintas instituciones del Ministerio Agricultura han trabajado. Esto lo elaboramos con un esfuerzo que ha realizado el INIA, haciendo un informe t\u00e9cnico, el Servicio Agr\u00edcola y Ganadero y tambi\u00e9n el INDAP. Tenemos todos nuestros equipos disponibles para poder ayudar y llegar de mejor manera y en tiempo oportuno\u201d, expres\u00f3.<\/p>\n<p style=\"text-align: justify;\">La emergencia agr\u00edcola genera una respuesta integral para las necesidades del sector rural, incluyendo la emergencia h\u00eddrica en que se encontraban las comunas de Lago Verde, Coyhaique, R\u00edo Ib\u00e1\u00f1ez, Chile Chico y Cochrane, decretada el d\u00eda 9 de marzo pasado, tras una primavera y un verano con pocas precipitaciones que afectaron la cosecha de pasto.<\/p>\n<p style=\"text-align: justify;\">Ante ello el Plan Siembra por Chile dispuso ya la entrega de bonos a 740 usuarios de Indap y la ayuda que, a trav\u00e9s de las municipalidades de Lago Verde, Coyhaique, Ib\u00e1\u00f1ez, Cochrane m\u00e1s la Delegaci\u00f3n Provincial Presidencial General Carrera, para materializar el apoyo a m\u00e1s de 800 productores\/as no Indap.<br \/>\nLa firma de la declaraci\u00f3n de emergencia por parte del Ministerio de Agricultura, solicitada a trav\u00e9s de la Delegaci\u00f3n Presidencial Regional, posibilita el levantamiento y catastro de productores y productoras afectadas, para materializar medidas a corto plazo de apoyo a las familias afectadas.<\/p>\n<\/div><\/section><\/div><div  style='height:50px' class='hr hr-invisible   avia-builder-el-6  el_after_av_one_full  el_before_av_social_share '><span class='hr-inner ' ><span class='hr-inner-style'><\/span><\/span><\/div><\/p>\n<div  class='av-social-sharing-box  avia-builder-el-7  el_after_av_hr  el_before_av_hr  '><div class='av-share-box'><h5 class='av-share-link-description av-no-toc '>Compartir esta noticia<\/h5><ul class='av-share-box-list noLightbox'><li class='av-share-link av-social-link-facebook' ><a target=\"_blank\" aria-label=\"Compartir en Facebook\" href='https:\/\/www.facebook.com\/sharer.php?u=https:\/\/radiorevelacionfm.cl\/?p=19562&#038;t=Decretan%20Emergencia%20Agr%C3%ADcola%20en%20siete%20comunas%20de%20la%20regi%C3%B3n%20de%20Ays%C3%A9n' aria-hidden='false' data-av_icon='\ue8f3' data-av_iconfont='entypo-fontello' title='' data-avia-related-tooltip='Compartir en Facebook' rel=\"noopener\"><span class='avia_hidden_link_text'>Compartir en Facebook<\/span><\/a><\/li><li class='av-share-link av-social-link-twitter' ><a target=\"_blank\" aria-label=\"Compartir en Twitter\" href='https:\/\/twitter.com\/share?text=Decretan%20Emergencia%20Agr%C3%ADcola%20en%20siete%20comunas%20de%20la%20regi%C3%B3n%20de%20Ays%C3%A9n&#038;url=https:\/\/radiorevelacionfm.cl\/?p=19562' aria-hidden='false' data-av_icon='\ue8f1' data-av_iconfont='entypo-fontello' title='' data-avia-related-tooltip='Compartir en Twitter' rel=\"noopener\"><span class='avia_hidden_link_text'>Compartir en Twitter<\/span><\/a><\/li><li class='av-share-link av-social-link-whatsapp' ><a target=\"_blank\" aria-label=\"Compartir en Whatsapp\" href='https:\/\/api.whatsapp.com\/send?text=https:\/\/radiorevelacionfm.cl\/?p=19562' aria-hidden='false' data-av_icon='\uf232' data-av_iconfont='entypo-fontello' title='' data-avia-related-tooltip='Compartir en Whatsapp' rel=\"noopener\"><span class='avia_hidden_link_text'>Compartir en Whatsapp<\/span><\/a><\/li><li class='av-share-link av-social-link-linkedin' ><a target=\"_blank\" aria-label=\"Compartir en LinkedIn\" href='https:\/\/linkedin.com\/shareArticle?mini=true&#038;title=Decretan%20Emergencia%20Agr%C3%ADcola%20en%20siete%20comunas%20de%20la%20regi%C3%B3n%20de%20Ays%C3%A9n&#038;url=https:\/\/radiorevelacionfm.cl\/?p=19562' aria-hidden='false' data-av_icon='\ue8fc' data-av_iconfont='entypo-fontello' title='' data-avia-related-tooltip='Compartir en LinkedIn' rel=\"noopener\"><span class='avia_hidden_link_text'>Compartir en LinkedIn<\/span><\/a><\/li><li class='av-share-link av-social-link-mail' ><a  aria-label=\"Compartir por correo\" href='mailto:?subject=Decretan%20Emergencia%20Agr%C3%ADcola%20en%20siete%20comunas%20de%20la%20regi%C3%B3n%20de%20Ays%C3%A9n&#038;body=https:\/\/radiorevelacionfm.cl\/?p=19562' aria-hidden='false' data-av_icon='\ue805' data-av_iconfont='entypo-fontello' title='' data-avia-related-tooltip='Compartir por correo'><span class='avia_hidden_link_text'>Compartir por correo<\/span><\/a><\/li><\/ul><\/div><\/div>\n<div  style='height:50px' class='hr hr-invisible   avia-builder-el-8  el_after_av_social_share  el_before_av_comments_list '><span class='hr-inner ' ><span class='hr-inner-style'><\/span><\/span><\/div>\n<div  class='av-buildercomment  av-blog-meta-html-info-disabled av-blog-meta-tag-disabled  '><\/div>\n","protected":false},"excerpt":{"rendered":"","protected":false},"author":1,"featured_media":19563,"comment_status":"open","ping_status":"open","sticky":false,"template":"","format":"standard","meta":{"footnotes":""},"categories":[58],"tags":[],"class_list":["post-19562","post","type-post","status-publish","format-standard","has-post-thumbnail","hentry","category-agricultura"],"jetpack_featured_media_url":"https:\/\/radiorevelacionfm.cl\/wp-content\/uploads\/2022\/07\/Animales-Aysen-1-1.jpg","_links":{"self":[{"href":"https:\/\/radiorevelacionfm.cl\/index.php?rest_route=\/wp\/v2\/posts\/19562","targetHints":{"allow":["GET"]}}],"collection":[{"href":"https:\/\/radiorevelacionfm.cl\/index.php?rest_route=\/wp\/v2\/posts"}],"about":[{"href":"https:\/\/radiorevelacionfm.cl\/index.php?rest_route=\/wp\/v2\/types\/post"}],"author":[{"embeddable":true,"href":"https:\/\/radiorevelacionfm.cl\/index.php?rest_route=\/wp\/v2\/users\/1"}],"replies":[{"embeddable":true,"href":"https:\/\/radiorevelacionfm.cl\/index.php?rest_route=%2Fwp%2Fv2%2Fcomments&post=19562"}],"version-history":[{"count":2,"href":"https:\/\/radiorevelacionfm.cl\/index.php?rest_route=\/wp\/v2\/posts\/19562\/revisions"}],"predecessor-version":[{"id":19565,"href":"https:\/\/radiorevelacionfm.cl\/index.php?rest_route=\/wp\/v2\/posts\/19562\/revisions\/19565"}],"wp:featuredmedia":[{"embeddable":true,"href":"https:\/\/radiorevelacionfm.cl\/index.php?rest_route=\/wp\/v2\/media\/19563"}],"wp:attachment":[{"href":"https:\/\/radiorevelacionfm.cl\/index.php?rest_route=%2Fwp%2Fv2%2Fmedia&parent=19562"}],"wp:term":[{"taxonomy":"category","embeddable":true,"href":"https:\/\/radiorevelacionfm.cl\/index.php?rest_route=%2Fwp%2Fv2%2Fcategories&post=19562"},{"taxonomy":"post_tag","embeddable":true,"href":"https:\/\/radiorevelacionfm.cl\/index.php?rest_route=%2Fwp%2Fv2%2Ftags&post=19562"}],"curies":[{"name":"wp","href":"https:\/\/api.w.org\/{rel}","templated":true}]}}