{"id":1956,"date":"2021-01-20T10:58:41","date_gmt":"2021-01-20T13:58:41","guid":{"rendered":"https:\/\/radiorevelacionfm.cl\/?p=1956"},"modified":"2021-01-20T10:58:41","modified_gmt":"2021-01-20T13:58:41","slug":"un-trabajo-coordinado-con-la-comunidad-ha-permitido-que-lago-verde-sea-la-unica-comuna-sin-covid","status":"publish","type":"post","link":"https:\/\/radiorevelacionfm.cl\/?p=1956","title":{"rendered":"Un trabajo coordinado con la comunidad ha permitido que Lago Verde sea la \u00fanica comuna sin Covid"},"content":{"rendered":"<div class=\"flex_column av_one_full  flex_column_div av-zero-column-padding first  avia-builder-el-0  el_before_av_one_full  avia-builder-el-first  \" style='border-radius:0px; '><div  class='avia-image-container  av-styling-    avia-builder-el-1  avia-builder-el-no-sibling  avia-align-center '  itemprop=\"image\" itemscope=\"itemscope\" itemtype=\"https:\/\/schema.org\/ImageObject\"  ><div class='avia-image-container-inner'><div class='avia-image-overlay-wrap'><img decoding=\"async\" class='wp-image-0 avia-img-lazy-loading-not-0 avia_image' src=\"https:\/\/radiorevelacionfm.cl\/wp-content\/uploads\/2021\/01\/LAGO-VERDE-1-1.jpeg\" alt='' title=''   itemprop=\"thumbnailUrl\"  \/><\/div><\/div><\/div><\/div><div class=\"flex_column av_one_full  flex_column_div av-zero-column-padding first  avia-builder-el-2  el_after_av_one_full  el_before_av_one_full  column-top-margin\" style='border-radius:0px; '><section class=\"av_textblock_section \"  itemscope=\"itemscope\" itemtype=\"https:\/\/schema.org\/BlogPosting\" itemprop=\"blogPost\" ><div class='avia_textblock  '   itemprop=\"text\" ><p style=\"text-align: center;\"><span style=\"font-size: 18pt;\"><strong>Un trabajo coordinado con la comunidad ha permitido que Lago Verde sea la \u00fanica comuna sin Covid <\/strong><\/span><\/p>\n<div id=\"gtx-trans\" style=\"position: absolute; left: -50px; top: 4.31534px;\">\n<div class=\"gtx-trans-icon\"><\/div>\n<\/div>\n<\/div><\/section><\/div><div class=\"flex_column av_one_full  flex_column_div av-zero-column-padding first  avia-builder-el-4  el_after_av_one_full  el_before_av_hr  column-top-margin\" style='border-radius:0px; '><section class=\"av_textblock_section \"  itemscope=\"itemscope\" itemtype=\"https:\/\/schema.org\/BlogPosting\" itemprop=\"blogPost\" ><div class='avia_textblock  '   itemprop=\"text\" ><p style=\"text-align: justify;\">Alcalde cree que la responsabilidad de los vecinos y vecinas sumadas a las acciones preventivas que ha desarrollado la Municipalidad, han permitido que esta zona se mantenga en esa privilegiada situaci\u00f3n.<\/p>\n<p style=\"text-align: justify;\">En tiempos de pandemia es muy importante el auto cuidado y seguir todas las medidas preventivas que la autoridad sanitaria ha difundido a diario para evitar contagios de coronavirus. Lamentablemente en nuestro pa\u00eds y en la regi\u00f3n de Ays\u00e9n las distintas ciudades, regiones y comunas han presentados casos positivos de Covid \u2013 19. Pero es importante destacar que, Lago Verde es la \u00fanica comuna en Chile que no presenta casos de esta enfermedad.<\/p>\n<p style=\"text-align: justify;\">Algo que mantiene contentos y tranquilos a todos los habitantes de Villa Amengual, Tapera, Rio Cisnes y Lago Verde. Esto tambi\u00e9n lo han destacado diversos medios de comunicaci\u00f3n a nivel nacional y por supuesto su representante comunal, el Alcalde Nelson Opazo L\u00f3pez.<\/p>\n<p style=\"text-align: justify;\">\u201cHemos estado instalados a nivel de pa\u00eds en el foco de la noticia, donde nos han estado llamando y preguntando cu\u00e1l es nuestra visi\u00f3n, cu\u00e1les son nuestras preocupaciones, nuestras formas de trabajo, los factores y las razones por los cuales se mantiene libre de Covid la comuna. Nosotros expresamos que este es el gran m\u00e9rito de la comuna de mantenerse libre de Covid al d\u00eda de hoy, de casos que se hayan generado en el territorio, b\u00e1sicamente todo est\u00e1 circunscrito a la disciplina y la responsabilidad de sus habitantes\u201d.<\/p>\n<p style=\"text-align: justify;\">El trabajo coordinado entre la ciudadan\u00eda y la Municipalidad ha dado positivos resultados para que la comuna de Lago Verde, permanezca sin casos de coronavirus desde que comenz\u00f3 esta pandemia, recalc\u00f3 el edil Nelson Opazo.<\/p>\n<p style=\"text-align: justify;\">\u201cTodo esto se logra especialmente en el cuidado al momento de salir de la comuna y el cuidado que nuestros vecinos han demostrado. Tambi\u00e9n est\u00e1n las decisiones que se han tomado en esta administraci\u00f3n, como son los apoyos en materias de alimentaci\u00f3n, los operativos, entre otras acciones que eviten los desplazamientos. Lo que significa adem\u00e1s el no inicio de clases presenciales que aumenten los riesgos, los diferentes procesos de sanitizaci\u00f3n y los requerimientos a la autoridad sanitaria respecto a los controles de acceso\u201d.<\/p>\n<p style=\"text-align: justify;\">La m\u00e1xima autoridad comunal puso en valor tambien la gran inversi\u00f3n p\u00fablica que ha tenido y se proyecta para los pr\u00f3ximos meses en la zona, lo que ha facilitado los temas de empleos y por ende es una importante alternativa para que los vecinos y vecinas de Lago Verde, no tengan desplazarse a otras comunas para tener ingresos. Esto claramente ayuda a mantener en cero los casos de coronavirus en el territorio, tal como lo han evidenciado todos los reportes oficiales que emite la autoridad sanitaria a diario.<\/p>\n<p style=\"text-align: justify;\">El que Lago Verde se conozca a nivel nacional como la \u00fanica comuna de Chile libre de Covid, es una muy buena publicidad para la pr\u00f3xima temporada de turismo, ya que, durante estos meses de verano el llamado que ha hecho el Alcalde Nelson Opazo y la comunidad es, a no visitar la comuna de Lago Verde, privilegiando el auto cuidado y las medidas preventivas.<\/p>\n<\/div><\/section><\/div><div  style='height:50px' class='hr hr-invisible   avia-builder-el-6  el_after_av_one_full  el_before_av_social_share '><span class='hr-inner ' ><span class='hr-inner-style'><\/span><\/span><\/div><\/p>\n<div  class='av-social-sharing-box  avia-builder-el-7  el_after_av_hr  el_before_av_hr  '><div class='av-share-box'><h5 class='av-share-link-description av-no-toc '>Compartir esta noticia<\/h5><ul class='av-share-box-list noLightbox'><li class='av-share-link av-social-link-facebook' ><a target=\"_blank\" aria-label=\"Compartir en Facebook\" href='https:\/\/www.facebook.com\/sharer.php?u=https:\/\/radiorevelacionfm.cl\/?p=1956&#038;t=Un%20trabajo%20coordinado%20con%20la%20comunidad%20ha%20permitido%20que%20Lago%20Verde%20sea%20la%20%C3%BAnica%20comuna%20sin%20Covid' aria-hidden='false' data-av_icon='\ue8f3' data-av_iconfont='entypo-fontello' title='' data-avia-related-tooltip='Compartir en Facebook' rel=\"noopener\"><span class='avia_hidden_link_text'>Compartir en Facebook<\/span><\/a><\/li><li class='av-share-link av-social-link-twitter' ><a target=\"_blank\" aria-label=\"Compartir en Twitter\" href='https:\/\/twitter.com\/share?text=Un%20trabajo%20coordinado%20con%20la%20comunidad%20ha%20permitido%20que%20Lago%20Verde%20sea%20la%20%C3%BAnica%20comuna%20sin%20Covid&#038;url=https:\/\/radiorevelacionfm.cl\/?p=1956' aria-hidden='false' data-av_icon='\ue8f1' data-av_iconfont='entypo-fontello' title='' data-avia-related-tooltip='Compartir en Twitter' rel=\"noopener\"><span class='avia_hidden_link_text'>Compartir en Twitter<\/span><\/a><\/li><li class='av-share-link av-social-link-whatsapp' ><a target=\"_blank\" aria-label=\"Compartir en Whatsapp\" href='https:\/\/api.whatsapp.com\/send?text=https:\/\/radiorevelacionfm.cl\/?p=1956' aria-hidden='false' data-av_icon='\uf232' data-av_iconfont='entypo-fontello' title='' data-avia-related-tooltip='Compartir en Whatsapp' rel=\"noopener\"><span class='avia_hidden_link_text'>Compartir en Whatsapp<\/span><\/a><\/li><li class='av-share-link av-social-link-linkedin' ><a target=\"_blank\" aria-label=\"Compartir en LinkedIn\" href='https:\/\/linkedin.com\/shareArticle?mini=true&#038;title=Un%20trabajo%20coordinado%20con%20la%20comunidad%20ha%20permitido%20que%20Lago%20Verde%20sea%20la%20%C3%BAnica%20comuna%20sin%20Covid&#038;url=https:\/\/radiorevelacionfm.cl\/?p=1956' aria-hidden='false' data-av_icon='\ue8fc' data-av_iconfont='entypo-fontello' title='' data-avia-related-tooltip='Compartir en LinkedIn' rel=\"noopener\"><span class='avia_hidden_link_text'>Compartir en LinkedIn<\/span><\/a><\/li><li class='av-share-link av-social-link-mail' ><a  aria-label=\"Compartir por correo\" href='mailto:?subject=Un%20trabajo%20coordinado%20con%20la%20comunidad%20ha%20permitido%20que%20Lago%20Verde%20sea%20la%20%C3%BAnica%20comuna%20sin%20Covid&#038;body=https:\/\/radiorevelacionfm.cl\/?p=1956' aria-hidden='false' data-av_icon='\ue805' data-av_iconfont='entypo-fontello' title='' data-avia-related-tooltip='Compartir por correo'><span class='avia_hidden_link_text'>Compartir por correo<\/span><\/a><\/li><\/ul><\/div><\/div>\n<div  style='height:50px' class='hr hr-invisible   avia-builder-el-8  el_after_av_social_share  el_before_av_comments_list '><span class='hr-inner ' ><span class='hr-inner-style'><\/span><\/span><\/div>\n<div  class='av-buildercomment  av-blog-meta-html-info-disabled av-blog-meta-tag-disabled  '><\/div>\n","protected":false},"excerpt":{"rendered":"","protected":false},"author":1,"featured_media":0,"comment_status":"open","ping_status":"open","sticky":false,"template":"","format":"standard","meta":{"footnotes":""},"categories":[38],"tags":[],"class_list":["post-1956","post","type-post","status-publish","format-standard","hentry","category-regional"],"jetpack_featured_media_url":"","_links":{"self":[{"href":"https:\/\/radiorevelacionfm.cl\/index.php?rest_route=\/wp\/v2\/posts\/1956","targetHints":{"allow":["GET"]}}],"collection":[{"href":"https:\/\/radiorevelacionfm.cl\/index.php?rest_route=\/wp\/v2\/posts"}],"about":[{"href":"https:\/\/radiorevelacionfm.cl\/index.php?rest_route=\/wp\/v2\/types\/post"}],"author":[{"embeddable":true,"href":"https:\/\/radiorevelacionfm.cl\/index.php?rest_route=\/wp\/v2\/users\/1"}],"replies":[{"embeddable":true,"href":"https:\/\/radiorevelacionfm.cl\/index.php?rest_route=%2Fwp%2Fv2%2Fcomments&post=1956"}],"version-history":[{"count":1,"href":"https:\/\/radiorevelacionfm.cl\/index.php?rest_route=\/wp\/v2\/posts\/1956\/revisions"}],"predecessor-version":[{"id":1958,"href":"https:\/\/radiorevelacionfm.cl\/index.php?rest_route=\/wp\/v2\/posts\/1956\/revisions\/1958"}],"wp:attachment":[{"href":"https:\/\/radiorevelacionfm.cl\/index.php?rest_route=%2Fwp%2Fv2%2Fmedia&parent=1956"}],"wp:term":[{"taxonomy":"category","embeddable":true,"href":"https:\/\/radiorevelacionfm.cl\/index.php?rest_route=%2Fwp%2Fv2%2Fcategories&post=1956"},{"taxonomy":"post_tag","embeddable":true,"href":"https:\/\/radiorevelacionfm.cl\/index.php?rest_route=%2Fwp%2Fv2%2Ftags&post=1956"}],"curies":[{"name":"wp","href":"https:\/\/api.w.org\/{rel}","templated":true}]}}