{"id":19544,"date":"2022-08-01T11:55:15","date_gmt":"2022-08-01T14:55:15","guid":{"rendered":"https:\/\/radiorevelacionfm.cl\/?p=19544"},"modified":"2022-08-01T11:55:51","modified_gmt":"2022-08-01T14:55:51","slug":"mas-de-7-mil-familias-fueron-seleccionadas-en-el-primer-llamado-de-2022-al-subsidio-para-sectores-medios","status":"publish","type":"post","link":"https:\/\/radiorevelacionfm.cl\/?p=19544","title":{"rendered":"M\u00e1s de 7 mil familias fueron seleccionadas en el primer llamado de 2022 al Subsidio para Sectores Medios"},"content":{"rendered":"<div class=\"flex_column av_one_full  flex_column_div av-zero-column-padding first  avia-builder-el-0  el_before_av_one_full  avia-builder-el-first  \" style='border-radius:0px; '><div  class='avia-image-container  av-styling-    avia-builder-el-1  avia-builder-el-no-sibling  avia-align-center '  itemprop=\"image\" itemscope=\"itemscope\" itemtype=\"https:\/\/schema.org\/ImageObject\"  ><div class='avia-image-container-inner'><div class='avia-image-overlay-wrap'><img decoding=\"async\" class='wp-image-9590 avia-img-lazy-loading-not-9590 avia_image' src=\"https:\/\/radiorevelacionfm.cl\/wp-content\/uploads\/2021\/10\/foto-archivo-casas-coyhaique-1_optimized.jpg\" alt='' title='foto-archivo-casas-coyhaique-(1)_optimized' height=\"600\" width=\"1071\"  itemprop=\"thumbnailUrl\" srcset=\"https:\/\/radiorevelacionfm.cl\/wp-content\/uploads\/2021\/10\/foto-archivo-casas-coyhaique-1_optimized.jpg 1071w, https:\/\/radiorevelacionfm.cl\/wp-content\/uploads\/2021\/10\/foto-archivo-casas-coyhaique-1_optimized-300x168.jpg 300w, https:\/\/radiorevelacionfm.cl\/wp-content\/uploads\/2021\/10\/foto-archivo-casas-coyhaique-1_optimized-1030x577.jpg 1030w, https:\/\/radiorevelacionfm.cl\/wp-content\/uploads\/2021\/10\/foto-archivo-casas-coyhaique-1_optimized-768x430.jpg 768w, https:\/\/radiorevelacionfm.cl\/wp-content\/uploads\/2021\/10\/foto-archivo-casas-coyhaique-1_optimized-705x395.jpg 705w, https:\/\/radiorevelacionfm.cl\/wp-content\/uploads\/2021\/10\/foto-archivo-casas-coyhaique-1_optimized-600x336.jpg 600w\" sizes=\"(max-width: 1071px) 100vw, 1071px\" \/><\/div><\/div><\/div><\/div>\n<div class=\"flex_column av_one_full  flex_column_div av-zero-column-padding first  avia-builder-el-2  el_after_av_one_full  el_before_av_one_full  column-top-margin\" style='border-radius:0px; '><section class=\"av_textblock_section \"  itemscope=\"itemscope\" itemtype=\"https:\/\/schema.org\/BlogPosting\" itemprop=\"blogPost\" ><div class='avia_textblock  '   itemprop=\"text\" ><p style=\"text-align: center;\"><strong><span style=\"font-size: 18pt;\">M\u00e1s de 7 mil familias fueron seleccionadas en el primer llamado de 2022 al Subsidio para Sectores Medios<\/span><\/strong><\/p>\n<div id=\"gtx-trans\" style=\"position: absolute; left: -50px; top: 4.31534px;\">\n<div class=\"gtx-trans-icon\"><\/div>\n<\/div>\n<\/div><\/section><\/div>\n<div class=\"flex_column av_one_full  flex_column_div av-zero-column-padding first  avia-builder-el-4  el_after_av_one_full  el_before_av_hr  column-top-margin\" style='border-radius:0px; '><section class=\"av_textblock_section \"  itemscope=\"itemscope\" itemtype=\"https:\/\/schema.org\/BlogPosting\" itemprop=\"blogPost\" ><div class='avia_textblock  '   itemprop=\"text\" ><p style=\"font-weight: 400; text-align: justify;\">El Ministerio de Vivienda y Urbanismo dio a conocer el listado de familias seleccionadas en el primer llamado de 2022 al Subsidio para Sectores Medios (DS1), programa que permite a las familias adquirir una vivienda nueva o usada, en zonas urbanas o rurales, as\u00ed como a aquellas que cuenten con sitio propio construir una en \u00e9l. Cuenta con tres tramos de postulaci\u00f3n para acceder a viviendas de hasta 1.100 UF, 1.600 UF y 2.200 UF. Est\u00e1 destinado a familias que no son propietarias de una vivienda, que cuentan con capacidad de ahorro, acceso a cr\u00e9dito hipotecario y\/o recursos propios, pero que requieren de la ayuda del Estado para acceder a una soluci\u00f3n habitacional definitiva.<\/p>\n<p style=\"font-weight: 400; text-align: justify;\">En este primer llamado, que tuvo sus postulaciones abiertas entre el 19 y 29 de abril pasado,\u00a07.336 familias fueron seleccionadas, 6.955 de ellas en la modalidad de adquisici\u00f3n de viviendas y 381 en construcci\u00f3n en sitio propio y\/o densificaci\u00f3n predial. Respecto de la distribuci\u00f3n por tramos de postulaci\u00f3n, el 63% de los seleccionados corresponde al Tramo 1 y 2, en tanto que un 36% al Tramo 3. En cuanto a la participaci\u00f3n regional, el 72% de los beneficiados provienen de las regiones de Valpara\u00edso al Biob\u00edo, que se corresponde a las zonas en las que se concentra la mayor necesidad de viviendas en el pa\u00eds.<\/p>\n<p style=\"font-weight: 400; text-align: justify;\">Al respecto, el ministro de Vivienda y Urbanismo, Carlos Montes, indic\u00f3 que \u201cgracias a este subsidio, miles de familias de los sectores de ingresos medios de todo Chile pueden acceder a una vivienda. El Presidente Gabriel Boric nos ha encomendado la misi\u00f3n de abordar con sentido de urgencia la necesidad de viviendas que existe en nuestro pa\u00eds, para lo que estamos implementando el Plan de Emergencia Habitacional, as\u00ed como diversificar las formas en que las familias acceden a la vivienda. El desaf\u00edo que tenemos como Gobierno es abrir esos caminos que tambi\u00e9n incluyan a los sectores medios y se sumen a alternativas que ya existen, como el Subsidio DS1\u201d.<\/p>\n<p style=\"font-weight: 400; text-align: justify;\">Para este primer llamado, se dispuso de una serie de medidas para facilitar la postulaci\u00f3n y potenciar la selecci\u00f3n de aquellos sectores con mayores necesidades, destacando entre ellas:<\/p>\n<p style=\"font-weight: 400; text-align: justify;\">&#8211;\u00a0\u00a0\u00a0\u00a0\u00a0\u00a0\u00a0\u00a0Eliminaci\u00f3n de exigencia de preaprobaci\u00f3n de cr\u00e9dito.<\/p>\n<p style=\"font-weight: 400; text-align: justify;\">&#8211;\u00a0\u00a0\u00a0\u00a0\u00a0\u00a0\u00a0\u00a0Ampliaci\u00f3n vigencia de documentos de postulaci\u00f3n.<\/p>\n<p style=\"font-weight: 400; text-align: justify;\">&#8211;\u00a0\u00a0\u00a0\u00a0\u00a0\u00a0\u00a0\u00a0Flexibilidad en presentaci\u00f3n de documentos de postulaci\u00f3n para postulantes de llamados anteriores.<\/p>\n<p style=\"font-weight: 400; text-align: justify;\">Asimismo, en consideraci\u00f3n de la contingencia sanitaria, la atenci\u00f3n para los postulantes se efectu\u00f3 en forma digital, disponi\u00e9ndose de tres v\u00edas para postular:<\/p>\n<p style=\"font-weight: 400; text-align: justify;\">&#8211;\u00a0\u00a0\u00a0\u00a0\u00a0\u00a0\u00a0\u00a0Postulaci\u00f3n autom\u00e1tica: destinada a los postulantes no seleccionados del segundo llamado de 2021 (efectuado en octubre de 2021).<\/p>\n<p style=\"font-weight: 400; text-align: justify;\">&#8211;\u00a0\u00a0\u00a0\u00a0\u00a0\u00a0\u00a0\u00a0Postulaci\u00f3n en l\u00ednea: se accede con Clave \u00danica.<\/p>\n<p style=\"font-weight: 400; text-align: justify;\">&#8211;\u00a0\u00a0\u00a0\u00a0\u00a0\u00a0\u00a0\u00a0Solicitud de postulaci\u00f3n v\u00eda formulario de contacto.<\/p>\n<p style=\"font-weight: 400; text-align: justify;\">Entre los principales requisitos para postular a este subsidio se encuentran:<\/p>\n<p style=\"font-weight: 400; text-align: justify;\">&#8211; Acreditar una cuenta de ahorro con una antig\u00fcedad m\u00ednima de 12 meses y contar con el ahorro m\u00ednimo exigido seg\u00fan tramo.<\/p>\n<p style=\"font-weight: 400; text-align: justify;\">&#8211; Tener Registro Social de Hogares (RSH) y no superar el tramo de calificaci\u00f3n socioecon\u00f3mica que exige la alternativa (60%, 80% y estar inscrito).<\/p>\n<p style=\"font-weight: 400; text-align: justify;\">Asimismo,\u00a0respecto de los aportes que entrega este subsidio a las familias que resulten beneficiadas, estos depender\u00e1n tanto de la modalidad a la que se postule (adquisici\u00f3n o construcci\u00f3n en sitio propio) como del tramo de precio m\u00e1ximo de la vivienda. En el siguiente recuadro, se indican los detalles*:<\/p>\n<p style=\"font-weight: 400; text-align: justify;\"><strong>\u00a0<\/strong><\/p>\n<table style=\"font-weight: 400;\" width=\"585\">\n<tbody>\n<tr>\n<td width=\"179\"><strong>Modalidad<\/strong><\/td>\n<td width=\"66\"><strong>Tramo<\/strong><\/td>\n<td width=\"142\"><strong>Precio m\u00e1ximo vivienda UF<\/strong><\/td>\n<td width=\"198\"><strong>Subsidio m\u00e1ximo\u00a0UF<\/strong><\/td>\n<\/tr>\n<tr>\n<td rowspan=\"3\" width=\"179\"><strong>Adquisici\u00f3n<\/strong><\/td>\n<td width=\"66\">Tramo 1<\/td>\n<td width=\"142\">1.100<\/td>\n<td width=\"198\">600 (fijo)<\/td>\n<\/tr>\n<tr>\n<td width=\"66\">Tramo 2<\/td>\n<td width=\"142\">1.600<\/td>\n<td width=\"198\">Entre 250 y 550<\/td>\n<\/tr>\n<tr>\n<td width=\"66\">Tramo 3<\/td>\n<td width=\"142\">2.200<\/td>\n<td width=\"198\">Entre 250 y 400<\/td>\n<\/tr>\n<tr>\n<td rowspan=\"2\" width=\"179\"><strong>Construcci\u00f3n en Sitio Propio<\/strong><\/td>\n<td width=\"66\">Tramo 2<\/td>\n<td width=\"142\">1.600<\/td>\n<td width=\"198\">600 (fijo)<\/td>\n<\/tr>\n<tr>\n<td width=\"66\">Tramo 3<\/td>\n<td width=\"142\">2.200<\/td>\n<td width=\"198\">400 (fijo)<\/td>\n<\/tr>\n<\/tbody>\n<\/table>\n<p style=\"font-weight: 400; text-align: justify;\">*\u00a0Las zonas extremas (regiones de Arica y Parinacota, Tarapac\u00e1, Antofagasta, Atacama, Ays\u00e9n y Magallanes) tienen topes de viviendas y montos de subsidios diferentes.<\/p>\n<p style=\"font-weight: 400; text-align: justify;\">Las postulaciones para el segundo llamado al subsidio DS1 de 2022 estar\u00e1n abiertas en octubre pr\u00f3ximo (fechas por definir), por lo que se recuerda a las familias interesadas en participar del proceso, que su ahorro m\u00ednimo debe estar depositado al 30 de septiembre.<\/p>\n<p style=\"font-weight: 400; text-align: justify;\">Para m\u00e1s informaci\u00f3n sobre requisitos para postular y condiciones del Subsidio para Sectores Medios DS1, visite <a href=\"http:\/\/www.minvu.cl\/\" data-saferedirecturl=\"https:\/\/www.google.com\/url?q=http:\/\/www.minvu.cl&amp;source=gmail&amp;ust=1658588140533000&amp;usg=AOvVaw35zLWyZtANxWucBIDaoqi-\"><strong>www.minvu.cl<\/strong><\/a><\/p>\n<\/div><\/section><\/div><div  style='height:50px' class='hr hr-invisible   avia-builder-el-6  el_after_av_one_full  el_before_av_social_share '><span class='hr-inner ' ><span class='hr-inner-style'><\/span><\/span><\/div><\/p>\n<div  class='av-social-sharing-box  avia-builder-el-7  el_after_av_hr  el_before_av_hr  '><div class='av-share-box'><h5 class='av-share-link-description av-no-toc '>Compartir esta noticia<\/h5><ul class='av-share-box-list noLightbox'><li class='av-share-link av-social-link-facebook' ><a target=\"_blank\" aria-label=\"Compartir en Facebook\" href='https:\/\/www.facebook.com\/sharer.php?u=https:\/\/radiorevelacionfm.cl\/?p=19544&#038;t=M%C3%A1s%20de%207%20mil%20familias%20fueron%20seleccionadas%20en%20el%20primer%20llamado%20de%202022%20al%20Subsidio%20para%20Sectores%20Medios' aria-hidden='false' data-av_icon='\ue8f3' data-av_iconfont='entypo-fontello' title='' data-avia-related-tooltip='Compartir en Facebook' rel=\"noopener\"><span class='avia_hidden_link_text'>Compartir en Facebook<\/span><\/a><\/li><li class='av-share-link av-social-link-twitter' ><a target=\"_blank\" aria-label=\"Compartir en Twitter\" href='https:\/\/twitter.com\/share?text=M%C3%A1s%20de%207%20mil%20familias%20fueron%20seleccionadas%20en%20el%20primer%20llamado%20de%202022%20al%20Subsidio%20para%20Sectores%20Medios&#038;url=https:\/\/radiorevelacionfm.cl\/?p=19544' aria-hidden='false' data-av_icon='\ue8f1' data-av_iconfont='entypo-fontello' title='' data-avia-related-tooltip='Compartir en Twitter' rel=\"noopener\"><span class='avia_hidden_link_text'>Compartir en Twitter<\/span><\/a><\/li><li class='av-share-link av-social-link-whatsapp' ><a target=\"_blank\" aria-label=\"Compartir en Whatsapp\" href='https:\/\/api.whatsapp.com\/send?text=https:\/\/radiorevelacionfm.cl\/?p=19544' aria-hidden='false' data-av_icon='\uf232' data-av_iconfont='entypo-fontello' title='' data-avia-related-tooltip='Compartir en Whatsapp' rel=\"noopener\"><span class='avia_hidden_link_text'>Compartir en Whatsapp<\/span><\/a><\/li><li class='av-share-link av-social-link-linkedin' ><a target=\"_blank\" aria-label=\"Compartir en LinkedIn\" href='https:\/\/linkedin.com\/shareArticle?mini=true&#038;title=M%C3%A1s%20de%207%20mil%20familias%20fueron%20seleccionadas%20en%20el%20primer%20llamado%20de%202022%20al%20Subsidio%20para%20Sectores%20Medios&#038;url=https:\/\/radiorevelacionfm.cl\/?p=19544' aria-hidden='false' data-av_icon='\ue8fc' data-av_iconfont='entypo-fontello' title='' data-avia-related-tooltip='Compartir en LinkedIn' rel=\"noopener\"><span class='avia_hidden_link_text'>Compartir en LinkedIn<\/span><\/a><\/li><li class='av-share-link av-social-link-mail' ><a  aria-label=\"Compartir por correo\" href='mailto:?subject=M%C3%A1s%20de%207%20mil%20familias%20fueron%20seleccionadas%20en%20el%20primer%20llamado%20de%202022%20al%20Subsidio%20para%20Sectores%20Medios&#038;body=https:\/\/radiorevelacionfm.cl\/?p=19544' aria-hidden='false' data-av_icon='\ue805' data-av_iconfont='entypo-fontello' title='' data-avia-related-tooltip='Compartir por correo'><span class='avia_hidden_link_text'>Compartir por correo<\/span><\/a><\/li><\/ul><\/div><\/div>\n<div  style='height:50px' class='hr hr-invisible   avia-builder-el-8  el_after_av_social_share  el_before_av_comments_list '><span class='hr-inner ' ><span class='hr-inner-style'><\/span><\/span><\/div>\n<div  class='av-buildercomment  av-blog-meta-html-info-disabled av-blog-meta-tag-disabled  '><\/div>\n","protected":false},"excerpt":{"rendered":"","protected":false},"author":1,"featured_media":9590,"comment_status":"open","ping_status":"open","sticky":false,"template":"","format":"standard","meta":{"footnotes":""},"categories":[57],"tags":[],"class_list":["post-19544","post","type-post","status-publish","format-standard","has-post-thumbnail","hentry","category-vivienda"],"jetpack_featured_media_url":"https:\/\/radiorevelacionfm.cl\/wp-content\/uploads\/2021\/10\/foto-archivo-casas-coyhaique-1_optimized.jpg","_links":{"self":[{"href":"https:\/\/radiorevelacionfm.cl\/index.php?rest_route=\/wp\/v2\/posts\/19544","targetHints":{"allow":["GET"]}}],"collection":[{"href":"https:\/\/radiorevelacionfm.cl\/index.php?rest_route=\/wp\/v2\/posts"}],"about":[{"href":"https:\/\/radiorevelacionfm.cl\/index.php?rest_route=\/wp\/v2\/types\/post"}],"author":[{"embeddable":true,"href":"https:\/\/radiorevelacionfm.cl\/index.php?rest_route=\/wp\/v2\/users\/1"}],"replies":[{"embeddable":true,"href":"https:\/\/radiorevelacionfm.cl\/index.php?rest_route=%2Fwp%2Fv2%2Fcomments&post=19544"}],"version-history":[{"count":3,"href":"https:\/\/radiorevelacionfm.cl\/index.php?rest_route=\/wp\/v2\/posts\/19544\/revisions"}],"predecessor-version":[{"id":19862,"href":"https:\/\/radiorevelacionfm.cl\/index.php?rest_route=\/wp\/v2\/posts\/19544\/revisions\/19862"}],"wp:featuredmedia":[{"embeddable":true,"href":"https:\/\/radiorevelacionfm.cl\/index.php?rest_route=\/wp\/v2\/media\/9590"}],"wp:attachment":[{"href":"https:\/\/radiorevelacionfm.cl\/index.php?rest_route=%2Fwp%2Fv2%2Fmedia&parent=19544"}],"wp:term":[{"taxonomy":"category","embeddable":true,"href":"https:\/\/radiorevelacionfm.cl\/index.php?rest_route=%2Fwp%2Fv2%2Fcategories&post=19544"},{"taxonomy":"post_tag","embeddable":true,"href":"https:\/\/radiorevelacionfm.cl\/index.php?rest_route=%2Fwp%2Fv2%2Ftags&post=19544"}],"curies":[{"name":"wp","href":"https:\/\/api.w.org\/{rel}","templated":true}]}}