{"id":19531,"date":"2022-07-22T10:35:20","date_gmt":"2022-07-22T13:35:20","guid":{"rendered":"https:\/\/radiorevelacionfm.cl\/?p=19531"},"modified":"2022-07-22T10:35:20","modified_gmt":"2022-07-22T13:35:20","slug":"dialogo-ciudadano-de-bienes-nacionales-se-traslado-a-puerto-cisnes","status":"publish","type":"post","link":"https:\/\/radiorevelacionfm.cl\/?p=19531","title":{"rendered":"Di\u00e1logo ciudadano de Bienes Nacionales se traslad\u00f3 a Puerto Cisnes"},"content":{"rendered":"<div class=\"flex_column av_one_full  flex_column_div av-zero-column-padding first  avia-builder-el-0  el_before_av_one_full  avia-builder-el-first  \" style='border-radius:0px; '><div  class='avia-image-container  av-styling-    avia-builder-el-1  avia-builder-el-no-sibling  avia-align-center '  itemprop=\"image\" itemscope=\"itemscope\" itemtype=\"https:\/\/schema.org\/ImageObject\"  ><div class='avia-image-container-inner'><div class='avia-image-overlay-wrap'><img decoding=\"async\" class='wp-image-19533 avia-img-lazy-loading-not-19533 avia_image' src=\"https:\/\/radiorevelacionfm.cl\/wp-content\/uploads\/2022\/07\/3-80-2_optimized-1.jpg\" alt='' title='3-(80)-(2)_optimized (1)' height=\"600\" width=\"958\"  itemprop=\"thumbnailUrl\" srcset=\"https:\/\/radiorevelacionfm.cl\/wp-content\/uploads\/2022\/07\/3-80-2_optimized-1.jpg 958w, https:\/\/radiorevelacionfm.cl\/wp-content\/uploads\/2022\/07\/3-80-2_optimized-1-300x188.jpg 300w, https:\/\/radiorevelacionfm.cl\/wp-content\/uploads\/2022\/07\/3-80-2_optimized-1-768x481.jpg 768w, https:\/\/radiorevelacionfm.cl\/wp-content\/uploads\/2022\/07\/3-80-2_optimized-1-705x442.jpg 705w, https:\/\/radiorevelacionfm.cl\/wp-content\/uploads\/2022\/07\/3-80-2_optimized-1-600x376.jpg 600w\" sizes=\"(max-width: 958px) 100vw, 958px\" \/><\/div><\/div><\/div><\/div><div class=\"flex_column av_one_full  flex_column_div av-zero-column-padding first  avia-builder-el-2  el_after_av_one_full  el_before_av_one_full  column-top-margin\" style='border-radius:0px; '><section class=\"av_textblock_section \"  itemscope=\"itemscope\" itemtype=\"https:\/\/schema.org\/BlogPosting\" itemprop=\"blogPost\" ><div class='avia_textblock  '   itemprop=\"text\" ><p style=\"text-align: center;\"><strong><span style=\"font-size: 18pt;\">Di\u00e1logo ciudadano de Bienes Nacionales se traslad\u00f3 a Puerto Cisnes<\/span><\/strong><\/p>\n<div id=\"gtx-trans\" style=\"position: absolute; left: -50px; top: 4.31534px;\">\n<div class=\"gtx-trans-icon\"><\/div>\n<\/div>\n<\/div><\/section><\/div><div class=\"flex_column av_one_full  flex_column_div av-zero-column-padding first  avia-builder-el-4  el_after_av_one_full  el_before_av_hr  column-top-margin\" style='border-radius:0px; '><section class=\"av_textblock_section \"  itemscope=\"itemscope\" itemtype=\"https:\/\/schema.org\/BlogPosting\" itemprop=\"blogPost\" ><div class='avia_textblock  '   itemprop=\"text\" ><p style=\"text-align: justify;\">La agenda desarrollada por la Seremi de Bienes Nacionales Ays\u00e9n, Irina Morend Valdebenito, en la comuna de Cisnes, contempl\u00f3, entre otras actividades, atenciones de p\u00fablico, en la sede del Club Deportivo F\u00e9nix, entrevista en radio local, participaci\u00f3n en el Concejo Municipal, reuni\u00f3n con comit\u00e9s de vivienda; culminando la jornada en un encuentro abierto a toda la comunidad cisnence, actividad de di\u00e1logo desarrollada en el auditorio del\u00a0 Liceo Arturo Prat Chac\u00f3n, en la que tambi\u00e9n participaron la Seremi de Vivienda y Urbanismo Ays\u00e9n, Paulina Ruz Delf\u00edn, el Delegado Presidencial Provincial de Ays\u00e9n, Jorge Salfate Aguayo, el Alcalde de Cisnes, Francisco Roncagliolo, dirigentes sociales y vecinos.<\/p>\n<p style=\"text-align: justify;\">De esta manera, la cartera a cargo de la administraci\u00f3n de los inmuebles fiscales, completa su segundo ejercicio de di\u00e1logo, el primero de ellos se desarroll\u00f3 en la comuna de Tortel a principios del mes de julio. \u201cBuscamos establecer mecanismos estables de relaci\u00f3n con las comunidades y sus organizaciones, esto nos permitir\u00e1 ir tomando mejores decisiones y atingentes a cada territorio. En ese sentido, nuestro objetivo es constituir mesas trabajo conjuntas y bajo condiciones de transparencia, equidad y justicia social, esto implica, dar a conocer nuestros procesos internos, sus plazos y normativas, tener una comunicaci\u00f3n fluida con informaci\u00f3n clara, tanto desde las localidades hacia las instituciones y viceversa, esto nos permitir\u00e1 conocer a nuestros usuarios y las diversas realidades, para as\u00ed conducir de forma m\u00e1s justa la toma de decisiones, respectivamente\u201d, expuso, Morend Valdebenito.<\/p>\n<p style=\"text-align: justify;\">Asimismo, el alcalde de Cisnes, Francisco Roncagliolo, manifest\u00f3 la disposici\u00f3n desde su administraci\u00f3n para el trabajo asociativo. \u201cEs s\u00faper importante generar un trabajo colaborativo, que vaya de la mano con los intereses de la comuna y de sus habitantes y obviamente que si sumamos a los servicios p\u00fablicos al desarrollo de Cisnes salimos fortalecidos. Hoy con las Seremis de Vivienda y Urbanismo y Bienes Nacionales, buscamos las formas de coordinaci\u00f3n y de esa forma ir resolviendo temas de necesidad habitacional y de ocupaciones\u201d.<\/p>\n<p style=\"text-align: justify;\">Respecto de las principales demandas, Gloria Cadag\u00e1n Opazo, presidenta de la Junta de Vecinos Barrio Alto de Puerto Cisnes, indic\u00f3 que \u201cpara nosotros como comunidad es s\u00faper importante que se generen est\u00e1s instancias, de que las autoridades est\u00e9n en el territorio y que las demandas se levanten desde los vecinos, que planteen sus inquietudes y se busquen los canales para dar soluciones a las diferentes demandas que tienen relaci\u00f3n con Bienes Nacionales, tenemos vecinos en tomas de terreno y otros que buscan regular sus ocupaciones\u201d.<\/p>\n<p style=\"text-align: justify;\">Jos\u00e9 Ru\u00edz, quien vive hace 30 a\u00f1os en Puerto Cisnes, valor\u00f3 la instancia de di\u00e1logo, donde expuso su motivaci\u00f3n por regularizar su actividad productiva. \u201cMi proyecto consiste en replicar lo que se hace mucho en la zona de Chilo\u00e9, plantando \u00e1rboles de manzana limona y ciruelos de la regi\u00f3n. Ac\u00e1 hay muchos vecinos que trabajan con animales y en invernaderos, lo que, en estos tiempos, en que est\u00e1 todo m\u00e1s caro, se hace cada vez m\u00e1s necesario\u201d.<\/p>\n<p style=\"text-align: justify;\">Estos primeros ejercicios de di\u00e1logo buscan generar un primer v\u00ednculo con las comunidades, identificar los principales requerimientos, comprometer la participaci\u00f3n permanente de los representantes de las organizaciones comunitarias y definir mecanismos de retroalimentaci\u00f3n.<\/p>\n<\/div><\/section><\/div><div  style='height:50px' class='hr hr-invisible   avia-builder-el-6  el_after_av_one_full  el_before_av_social_share '><span class='hr-inner ' ><span class='hr-inner-style'><\/span><\/span><\/div><\/p>\n<div  class='av-social-sharing-box  avia-builder-el-7  el_after_av_hr  el_before_av_hr  '><div class='av-share-box'><h5 class='av-share-link-description av-no-toc '>Compartir esta noticia<\/h5><ul class='av-share-box-list noLightbox'><li class='av-share-link av-social-link-facebook' ><a target=\"_blank\" aria-label=\"Compartir en Facebook\" href='https:\/\/www.facebook.com\/sharer.php?u=https:\/\/radiorevelacionfm.cl\/?p=19531&#038;t=Di%C3%A1logo%20ciudadano%20de%20Bienes%20Nacionales%20se%20traslad%C3%B3%20a%20Puerto%20Cisnes' aria-hidden='false' data-av_icon='\ue8f3' data-av_iconfont='entypo-fontello' title='' data-avia-related-tooltip='Compartir en Facebook' rel=\"noopener\"><span class='avia_hidden_link_text'>Compartir en Facebook<\/span><\/a><\/li><li class='av-share-link av-social-link-twitter' ><a target=\"_blank\" aria-label=\"Compartir en Twitter\" href='https:\/\/twitter.com\/share?text=Di%C3%A1logo%20ciudadano%20de%20Bienes%20Nacionales%20se%20traslad%C3%B3%20a%20Puerto%20Cisnes&#038;url=https:\/\/radiorevelacionfm.cl\/?p=19531' aria-hidden='false' data-av_icon='\ue8f1' data-av_iconfont='entypo-fontello' title='' data-avia-related-tooltip='Compartir en Twitter' rel=\"noopener\"><span class='avia_hidden_link_text'>Compartir en Twitter<\/span><\/a><\/li><li class='av-share-link av-social-link-whatsapp' ><a target=\"_blank\" aria-label=\"Compartir en Whatsapp\" href='https:\/\/api.whatsapp.com\/send?text=https:\/\/radiorevelacionfm.cl\/?p=19531' aria-hidden='false' data-av_icon='\uf232' data-av_iconfont='entypo-fontello' title='' data-avia-related-tooltip='Compartir en Whatsapp' rel=\"noopener\"><span class='avia_hidden_link_text'>Compartir en Whatsapp<\/span><\/a><\/li><li class='av-share-link av-social-link-linkedin' ><a target=\"_blank\" aria-label=\"Compartir en LinkedIn\" href='https:\/\/linkedin.com\/shareArticle?mini=true&#038;title=Di%C3%A1logo%20ciudadano%20de%20Bienes%20Nacionales%20se%20traslad%C3%B3%20a%20Puerto%20Cisnes&#038;url=https:\/\/radiorevelacionfm.cl\/?p=19531' aria-hidden='false' data-av_icon='\ue8fc' data-av_iconfont='entypo-fontello' title='' data-avia-related-tooltip='Compartir en LinkedIn' rel=\"noopener\"><span class='avia_hidden_link_text'>Compartir en LinkedIn<\/span><\/a><\/li><li class='av-share-link av-social-link-mail' ><a  aria-label=\"Compartir por correo\" href='mailto:?subject=Di%C3%A1logo%20ciudadano%20de%20Bienes%20Nacionales%20se%20traslad%C3%B3%20a%20Puerto%20Cisnes&#038;body=https:\/\/radiorevelacionfm.cl\/?p=19531' aria-hidden='false' data-av_icon='\ue805' data-av_iconfont='entypo-fontello' title='' data-avia-related-tooltip='Compartir por correo'><span class='avia_hidden_link_text'>Compartir por correo<\/span><\/a><\/li><\/ul><\/div><\/div>\n<div  style='height:50px' class='hr hr-invisible   avia-builder-el-8  el_after_av_social_share  el_before_av_comments_list '><span class='hr-inner ' ><span class='hr-inner-style'><\/span><\/span><\/div>\n<div  class='av-buildercomment  av-blog-meta-html-info-disabled av-blog-meta-tag-disabled  '><\/div>\n","protected":false},"excerpt":{"rendered":"","protected":false},"author":1,"featured_media":19533,"comment_status":"open","ping_status":"open","sticky":false,"template":"","format":"standard","meta":{"footnotes":""},"categories":[38],"tags":[],"class_list":["post-19531","post","type-post","status-publish","format-standard","has-post-thumbnail","hentry","category-regional"],"jetpack_featured_media_url":"https:\/\/radiorevelacionfm.cl\/wp-content\/uploads\/2022\/07\/3-80-2_optimized-1.jpg","_links":{"self":[{"href":"https:\/\/radiorevelacionfm.cl\/index.php?rest_route=\/wp\/v2\/posts\/19531","targetHints":{"allow":["GET"]}}],"collection":[{"href":"https:\/\/radiorevelacionfm.cl\/index.php?rest_route=\/wp\/v2\/posts"}],"about":[{"href":"https:\/\/radiorevelacionfm.cl\/index.php?rest_route=\/wp\/v2\/types\/post"}],"author":[{"embeddable":true,"href":"https:\/\/radiorevelacionfm.cl\/index.php?rest_route=\/wp\/v2\/users\/1"}],"replies":[{"embeddable":true,"href":"https:\/\/radiorevelacionfm.cl\/index.php?rest_route=%2Fwp%2Fv2%2Fcomments&post=19531"}],"version-history":[{"count":2,"href":"https:\/\/radiorevelacionfm.cl\/index.php?rest_route=\/wp\/v2\/posts\/19531\/revisions"}],"predecessor-version":[{"id":19541,"href":"https:\/\/radiorevelacionfm.cl\/index.php?rest_route=\/wp\/v2\/posts\/19531\/revisions\/19541"}],"wp:featuredmedia":[{"embeddable":true,"href":"https:\/\/radiorevelacionfm.cl\/index.php?rest_route=\/wp\/v2\/media\/19533"}],"wp:attachment":[{"href":"https:\/\/radiorevelacionfm.cl\/index.php?rest_route=%2Fwp%2Fv2%2Fmedia&parent=19531"}],"wp:term":[{"taxonomy":"category","embeddable":true,"href":"https:\/\/radiorevelacionfm.cl\/index.php?rest_route=%2Fwp%2Fv2%2Fcategories&post=19531"},{"taxonomy":"post_tag","embeddable":true,"href":"https:\/\/radiorevelacionfm.cl\/index.php?rest_route=%2Fwp%2Fv2%2Ftags&post=19531"}],"curies":[{"name":"wp","href":"https:\/\/api.w.org\/{rel}","templated":true}]}}