{"id":19524,"date":"2022-07-21T19:14:29","date_gmt":"2022-07-21T22:14:29","guid":{"rendered":"https:\/\/radiorevelacionfm.cl\/?p=19524"},"modified":"2022-07-21T19:14:29","modified_gmt":"2022-07-21T22:14:29","slug":"carabineros-de-puerto-aysen-detuvo-en-tiempo-record-a-dos-sujetos-de-coyhaique-por-robo-en-ferreteria","status":"publish","type":"post","link":"https:\/\/radiorevelacionfm.cl\/?p=19524","title":{"rendered":"Carabineros de Puerto Ays\u00e9n detuvo en tiempo r\u00e9cord a dos sujetos de Coyhaique por robo en ferreter\u00eda"},"content":{"rendered":"<div class=\"flex_column av_one_full  flex_column_div av-zero-column-padding first  avia-builder-el-0  el_before_av_one_full  avia-builder-el-first  \" style='border-radius:0px; '><div  class='avia-image-container  av-styling-    avia-builder-el-1  avia-builder-el-no-sibling  avia-align-center '  itemprop=\"image\" itemscope=\"itemscope\" itemtype=\"https:\/\/schema.org\/ImageObject\"  ><div class='avia-image-container-inner'><div class='avia-image-overlay-wrap'><img decoding=\"async\" class='wp-image-19525 avia-img-lazy-loading-not-19525 avia_image' src=\"https:\/\/radiorevelacionfm.cl\/wp-content\/uploads\/2022\/07\/img_5468-1_optimized-1.jpg\" alt='' title='img_5468-(1)_optimized (1)' height=\"600\" width=\"900\"  itemprop=\"thumbnailUrl\" srcset=\"https:\/\/radiorevelacionfm.cl\/wp-content\/uploads\/2022\/07\/img_5468-1_optimized-1.jpg 900w, https:\/\/radiorevelacionfm.cl\/wp-content\/uploads\/2022\/07\/img_5468-1_optimized-1-300x200.jpg 300w, https:\/\/radiorevelacionfm.cl\/wp-content\/uploads\/2022\/07\/img_5468-1_optimized-1-768x512.jpg 768w, https:\/\/radiorevelacionfm.cl\/wp-content\/uploads\/2022\/07\/img_5468-1_optimized-1-705x470.jpg 705w, https:\/\/radiorevelacionfm.cl\/wp-content\/uploads\/2022\/07\/img_5468-1_optimized-1-600x400.jpg 600w\" sizes=\"(max-width: 900px) 100vw, 900px\" \/><\/div><\/div><\/div><\/div><div class=\"flex_column av_one_full  flex_column_div av-zero-column-padding first  avia-builder-el-2  el_after_av_one_full  el_before_av_one_full  column-top-margin\" style='border-radius:0px; '><section class=\"av_textblock_section \"  itemscope=\"itemscope\" itemtype=\"https:\/\/schema.org\/BlogPosting\" itemprop=\"blogPost\" ><div class='avia_textblock  '   itemprop=\"text\" ><p style=\"text-align: center;\"><strong><span style=\"font-size: 18pt;\">Carabineros de Puerto Ays\u00e9n detuvo en tiempo r\u00e9cord a dos sujetos de Coyhaique por robo en ferreter\u00eda<\/span><\/strong><\/p>\n<div id=\"gtx-trans\" style=\"position: absolute; left: -50px; top: 4.31534px;\">\n<div class=\"gtx-trans-icon\"><\/div>\n<\/div>\n<\/div><\/section><\/div><div class=\"flex_column av_one_full  flex_column_div av-zero-column-padding first  avia-builder-el-4  el_after_av_one_full  el_before_av_hr  column-top-margin\" style='border-radius:0px; '><section class=\"av_textblock_section \"  itemscope=\"itemscope\" itemtype=\"https:\/\/schema.org\/BlogPosting\" itemprop=\"blogPost\" ><div class='avia_textblock  '   itemprop=\"text\" ><p class=\"v1MsoNormal\" style=\"text-align: justify;\">Una oportuna denuncia motiv\u00f3 una r\u00e1pida respuesta por parte de Carabineros de dotaci\u00f3n de la 2da. Comisar\u00eda de Puerto Ays\u00e9n, quienes lograron sorprender en situaci\u00f3n de flagrancia a dos sujetos -entre ellos un menor de edad- siendo detenidos por el delito de robo en lugar no habitado, hecho que afect\u00f3 a una ferreter\u00eda en la ciudad porte\u00f1a.<\/p>\n<p class=\"v1MsoNormal\" style=\"text-align: justify;\">Seg\u00fan indic\u00f3 el Subcomisario de los Servicios de esta Unidad, Capit\u00e1n Jaime Esparza, el hecho fue conocido por el personal -alrededor de las 21:00 horas del mi\u00e9rcoles- en virtud de un llamado an\u00f3nimo, quien habr\u00eda divisado a dos sujetos sobrepasando el cierre perimetral de una ferreter\u00eda ubicada en calle Sargento Aldea en la comuna de Ays\u00e9n.<\/p>\n<p class=\"v1MsoNormal\" style=\"text-align: justify;\">\u00abEs as\u00ed como se derivan patrullas al lugar, quienes constatan personas ingresando a su interior y se inicia un seguimiento, quienes saltan panderetas ingresando a domicilios colindantes a este local comercial, logrando finalmente su detenci\u00f3n en uno de estos domicilios, siendo identificados dos sujetos \u2013uno de 19 y otro de 15 a\u00f1os de edad- ambos de la comuna de Coyhaique\u00bb, detall\u00f3 el Oficial.<\/p>\n<p class=\"v1MsoNormal\" style=\"text-align: justify;\">Los antecedentes del procedimiento fueron puestos en conocimiento de la Fiscal\u00eda local de Puerto Ays\u00e9n, siendo dispuesta la concurrencia de personal especializado de la Secci\u00f3n de Investigaci\u00f3n Policial (S.I.P) de esta Unidad, con la finalidad de efectuar indagatorias y levantamientos de registros de c\u00e1maras de seguridad permitiendo vincular a dichas personas con el sitio del suceso.<\/p>\n<p class=\"v1MsoNormal\" style=\"text-align: justify;\">\u00abEstos individuos aprovechando la oscuridad y que no se encontraban personas en su interior, utilizan herramientas para romper accesos, ingresando hacia el \u00e1rea administrativa del local, forzando la caja fuerte y sustrayendo desde su interior dinero en efectivo\u00bb, se\u00f1al\u00f3 el Subcomisario de los Servicios.<\/p>\n<p class=\"v1MsoNormal\" style=\"text-align: justify;\">Seg\u00fan indic\u00f3 el Capit\u00e1n Esparza, con la detenci\u00f3n de ambos sujetos, Carabineros logr\u00f3 recuperar el dinero en efectivo, la cual sumado a los da\u00f1os a la propiedad, alcanza un aval\u00fao de alrededor de 500 mil pesos.<\/p>\n<p class=\"v1MsoNormal\" style=\"text-align: justify;\">Los antecedentes del procedimiento fueron puestos en conocimiento de la Fiscal\u00eda, en tanto que ambos aprehendidos fueron derivados a la audiencia de control de detenci\u00f3n por este hecho.<\/p>\n<\/div><\/section><\/div><div  style='height:50px' class='hr hr-invisible   avia-builder-el-6  el_after_av_one_full  el_before_av_social_share '><span class='hr-inner ' ><span class='hr-inner-style'><\/span><\/span><\/div><\/p>\n<div  class='av-social-sharing-box  avia-builder-el-7  el_after_av_hr  el_before_av_hr  '><div class='av-share-box'><h5 class='av-share-link-description av-no-toc '>Compartir esta noticia<\/h5><ul class='av-share-box-list noLightbox'><li class='av-share-link av-social-link-facebook' ><a target=\"_blank\" aria-label=\"Compartir en Facebook\" href='https:\/\/www.facebook.com\/sharer.php?u=https:\/\/radiorevelacionfm.cl\/?p=19524&#038;t=Carabineros%20de%20Puerto%20Ays%C3%A9n%20detuvo%20en%20tiempo%20r%C3%A9cord%20a%20dos%20sujetos%20de%20Coyhaique%20por%20robo%20en%20ferreter%C3%ADa' aria-hidden='false' data-av_icon='\ue8f3' data-av_iconfont='entypo-fontello' title='' data-avia-related-tooltip='Compartir en Facebook' rel=\"noopener\"><span class='avia_hidden_link_text'>Compartir en Facebook<\/span><\/a><\/li><li class='av-share-link av-social-link-twitter' ><a target=\"_blank\" aria-label=\"Compartir en Twitter\" href='https:\/\/twitter.com\/share?text=Carabineros%20de%20Puerto%20Ays%C3%A9n%20detuvo%20en%20tiempo%20r%C3%A9cord%20a%20dos%20sujetos%20de%20Coyhaique%20por%20robo%20en%20ferreter%C3%ADa&#038;url=https:\/\/radiorevelacionfm.cl\/?p=19524' aria-hidden='false' data-av_icon='\ue8f1' data-av_iconfont='entypo-fontello' title='' data-avia-related-tooltip='Compartir en Twitter' rel=\"noopener\"><span class='avia_hidden_link_text'>Compartir en Twitter<\/span><\/a><\/li><li class='av-share-link av-social-link-whatsapp' ><a target=\"_blank\" aria-label=\"Compartir en Whatsapp\" href='https:\/\/api.whatsapp.com\/send?text=https:\/\/radiorevelacionfm.cl\/?p=19524' aria-hidden='false' data-av_icon='\uf232' data-av_iconfont='entypo-fontello' title='' data-avia-related-tooltip='Compartir en Whatsapp' rel=\"noopener\"><span class='avia_hidden_link_text'>Compartir en Whatsapp<\/span><\/a><\/li><li class='av-share-link av-social-link-linkedin' ><a target=\"_blank\" aria-label=\"Compartir en LinkedIn\" href='https:\/\/linkedin.com\/shareArticle?mini=true&#038;title=Carabineros%20de%20Puerto%20Ays%C3%A9n%20detuvo%20en%20tiempo%20r%C3%A9cord%20a%20dos%20sujetos%20de%20Coyhaique%20por%20robo%20en%20ferreter%C3%ADa&#038;url=https:\/\/radiorevelacionfm.cl\/?p=19524' aria-hidden='false' data-av_icon='\ue8fc' data-av_iconfont='entypo-fontello' title='' data-avia-related-tooltip='Compartir en LinkedIn' rel=\"noopener\"><span class='avia_hidden_link_text'>Compartir en LinkedIn<\/span><\/a><\/li><li class='av-share-link av-social-link-mail' ><a  aria-label=\"Compartir por correo\" href='mailto:?subject=Carabineros%20de%20Puerto%20Ays%C3%A9n%20detuvo%20en%20tiempo%20r%C3%A9cord%20a%20dos%20sujetos%20de%20Coyhaique%20por%20robo%20en%20ferreter%C3%ADa&#038;body=https:\/\/radiorevelacionfm.cl\/?p=19524' aria-hidden='false' data-av_icon='\ue805' data-av_iconfont='entypo-fontello' title='' data-avia-related-tooltip='Compartir por correo'><span class='avia_hidden_link_text'>Compartir por correo<\/span><\/a><\/li><\/ul><\/div><\/div>\n<div  style='height:50px' class='hr hr-invisible   avia-builder-el-8  el_after_av_social_share  el_before_av_comments_list '><span class='hr-inner ' ><span class='hr-inner-style'><\/span><\/span><\/div>\n<div  class='av-buildercomment  av-blog-meta-html-info-disabled av-blog-meta-tag-disabled  '><\/div>\n","protected":false},"excerpt":{"rendered":"","protected":false},"author":1,"featured_media":19525,"comment_status":"open","ping_status":"open","sticky":false,"template":"","format":"standard","meta":{"footnotes":""},"categories":[36],"tags":[],"class_list":["post-19524","post","type-post","status-publish","format-standard","has-post-thumbnail","hentry","category-policial"],"jetpack_featured_media_url":"https:\/\/radiorevelacionfm.cl\/wp-content\/uploads\/2022\/07\/img_5468-1_optimized-1.jpg","_links":{"self":[{"href":"https:\/\/radiorevelacionfm.cl\/index.php?rest_route=\/wp\/v2\/posts\/19524","targetHints":{"allow":["GET"]}}],"collection":[{"href":"https:\/\/radiorevelacionfm.cl\/index.php?rest_route=\/wp\/v2\/posts"}],"about":[{"href":"https:\/\/radiorevelacionfm.cl\/index.php?rest_route=\/wp\/v2\/types\/post"}],"author":[{"embeddable":true,"href":"https:\/\/radiorevelacionfm.cl\/index.php?rest_route=\/wp\/v2\/users\/1"}],"replies":[{"embeddable":true,"href":"https:\/\/radiorevelacionfm.cl\/index.php?rest_route=%2Fwp%2Fv2%2Fcomments&post=19524"}],"version-history":[{"count":2,"href":"https:\/\/radiorevelacionfm.cl\/index.php?rest_route=\/wp\/v2\/posts\/19524\/revisions"}],"predecessor-version":[{"id":19527,"href":"https:\/\/radiorevelacionfm.cl\/index.php?rest_route=\/wp\/v2\/posts\/19524\/revisions\/19527"}],"wp:featuredmedia":[{"embeddable":true,"href":"https:\/\/radiorevelacionfm.cl\/index.php?rest_route=\/wp\/v2\/media\/19525"}],"wp:attachment":[{"href":"https:\/\/radiorevelacionfm.cl\/index.php?rest_route=%2Fwp%2Fv2%2Fmedia&parent=19524"}],"wp:term":[{"taxonomy":"category","embeddable":true,"href":"https:\/\/radiorevelacionfm.cl\/index.php?rest_route=%2Fwp%2Fv2%2Fcategories&post=19524"},{"taxonomy":"post_tag","embeddable":true,"href":"https:\/\/radiorevelacionfm.cl\/index.php?rest_route=%2Fwp%2Fv2%2Ftags&post=19524"}],"curies":[{"name":"wp","href":"https:\/\/api.w.org\/{rel}","templated":true}]}}