{"id":19521,"date":"2022-07-22T11:26:44","date_gmt":"2022-07-22T14:26:44","guid":{"rendered":"https:\/\/radiorevelacionfm.cl\/?p=19521"},"modified":"2022-07-22T11:26:44","modified_gmt":"2022-07-22T14:26:44","slug":"red-pro-emprendimiento-e-innovacion-de-aysen-tenemos-un-ecosistema-que-puede-y-quiere-colaborar-para-hacer-crecer-las-mipymes-en-la-region","status":"publish","type":"post","link":"https:\/\/radiorevelacionfm.cl\/?p=19521","title":{"rendered":"Red Pro Emprendimiento e Innovaci\u00f3n de Ays\u00e9n: \u201cTenemos un ecosistema que puede y quiere colaborar para hacer crecer las MIPYMES en la regi\u00f3n\u201d"},"content":{"rendered":"<div class=\"flex_column av_one_full  flex_column_div av-zero-column-padding first  avia-builder-el-0  el_before_av_one_full  avia-builder-el-first  \" style='border-radius:0px; '><div  class='avia-image-container  av-styling-    avia-builder-el-1  avia-builder-el-no-sibling  avia-align-center '  itemprop=\"image\" itemscope=\"itemscope\" itemtype=\"https:\/\/schema.org\/ImageObject\"  ><div class='avia-image-container-inner'><div class='avia-image-overlay-wrap'><img decoding=\"async\" class='wp-image-19522 avia-img-lazy-loading-not-19522 avia_image' src=\"https:\/\/radiorevelacionfm.cl\/wp-content\/uploads\/2022\/07\/nota-emprendimiento-1_optimized.jpeg\" alt='' title='nota-emprendimiento-(1)_optimized' height=\"600\" width=\"900\"  itemprop=\"thumbnailUrl\" srcset=\"https:\/\/radiorevelacionfm.cl\/wp-content\/uploads\/2022\/07\/nota-emprendimiento-1_optimized.jpeg 900w, https:\/\/radiorevelacionfm.cl\/wp-content\/uploads\/2022\/07\/nota-emprendimiento-1_optimized-300x200.jpeg 300w, https:\/\/radiorevelacionfm.cl\/wp-content\/uploads\/2022\/07\/nota-emprendimiento-1_optimized-768x512.jpeg 768w, https:\/\/radiorevelacionfm.cl\/wp-content\/uploads\/2022\/07\/nota-emprendimiento-1_optimized-705x470.jpeg 705w, https:\/\/radiorevelacionfm.cl\/wp-content\/uploads\/2022\/07\/nota-emprendimiento-1_optimized-600x400.jpeg 600w\" sizes=\"(max-width: 900px) 100vw, 900px\" \/><\/div><\/div><\/div><\/div><div class=\"flex_column av_one_full  flex_column_div av-zero-column-padding first  avia-builder-el-2  el_after_av_one_full  el_before_av_one_full  column-top-margin\" style='border-radius:0px; '><section class=\"av_textblock_section \"  itemscope=\"itemscope\" itemtype=\"https:\/\/schema.org\/BlogPosting\" itemprop=\"blogPost\" ><div class='avia_textblock  '   itemprop=\"text\" ><p style=\"text-align: center;\"><strong><span style=\"font-size: 18pt;\">Red Pro Emprendimiento e Innovaci\u00f3n de Ays\u00e9n: \u201cTenemos un ecosistema que puede y quiere colaborar para hacer crecer las MIPYMES en la regi\u00f3n\u201d<\/span><\/strong><\/p>\n<div id=\"gtx-trans\" style=\"position: absolute; left: -50px; top: 4.31534px;\">\n<div class=\"gtx-trans-icon\"><\/div>\n<\/div>\n<\/div><\/section><\/div><div class=\"flex_column av_one_full  flex_column_div av-zero-column-padding first  avia-builder-el-4  el_after_av_one_full  el_before_av_hr  column-top-margin\" style='border-radius:0px; '><section class=\"av_textblock_section \"  itemscope=\"itemscope\" itemtype=\"https:\/\/schema.org\/BlogPosting\" itemprop=\"blogPost\" ><div class='avia_textblock  '   itemprop=\"text\" ><p style=\"text-align: justify;\">Con la clara intenci\u00f3n de apoyar al desarrollo de emprendedores y emprendedoras de la regi\u00f3n, nace la Red Pro Emprendimiento e Innovaci\u00f3n de Ays\u00e9n, quienes, a trav\u00e9s de la identificaci\u00f3n y acci\u00f3n sobre las brechas que afectan al desarrollo de estos, as\u00ed c\u00f3mo la correcta canalizaci\u00f3n de la oferta de las organizaciones que la componen (actores de la triple h\u00e9lice del desarrollo econ\u00f3mico social; P\u00fablico, Privado y Academia) busca proyectar a los emprendedores en un crecimiento robusto y sostenible en el tiempo. Acompa\u00f1amiento permanente, generaci\u00f3n de estrategia y financiamiento son s\u00f3lo algunos de los servicios que ofrecen las organizaciones que componen esta Red.<\/p>\n<p style=\"text-align: justify;\">Las primeras conversaciones que han ido generando la uni\u00f3n de los miembros de ecosistema, nace, por decirlo de alguna manera, como consecuencia del natural devenir de personas que quieren, con total sinceridad, incrementar el impacto de sus organizaciones en los resultados por parte de los emprendedores y emprendedoras que apoyan. Esta fue la semilla que luego germin\u00f3 hasta convertirse en un \u00e1rbol con diferentes ramas, cada una con una funci\u00f3n espec\u00edfica pero unidas al mismo tronco que es la colaboraci\u00f3n.<\/p>\n<p style=\"text-align: justify;\">Gonzalo Marf\u00e1n, explica que, por medio de este c\u00edrculo virtuoso, se busca contribuir al ecosistema generando las conexiones que permitan mejorar las posibilidades de \u00e9xito de los nuevos negocios de diferentes y diversos emprendedores locales a trav\u00e9s de la canalizaci\u00f3n de la entrega de servicios como los de incubaci\u00f3n, aceleraci\u00f3n, acceso a financiamiento, espacios de trabajo y el traspaso de metodolog\u00edas sobre emprendimiento e innovaci\u00f3n.<\/p>\n<p style=\"text-align: justify;\">\u201cSon varios los actores regionales que en este momento est\u00e1n ofreciendo diferentes alternativas para fortalecer a los emprendedores, incluyendo distintos grados de acompa\u00f1amiento, desde capacitaciones y mentor\u00edas, e incluso orientaciones a los emprendedores. Tenemos cursos de marketing digital, plan de negocios e incluso estamos actualizando constantemente nuestra base de noticias y financiamientos disponibles para las distintas fases de sus negocios, que van desde las ideas, hasta proyectos ya consolidados y que requieren pasar al siguiente nivel\u201d, indic\u00f3 Marf\u00e1n.<\/p>\n<p style=\"text-align: justify;\">Sabemos, indic\u00f3 Marf\u00e1n, que algo que llama la atenci\u00f3n a los emprendedores es la b\u00fasqueda de financiamiento, lo cual es informado en nuestras redes pero, al mismo tiempo, es importante saber que es el financiamiento el que se debe adecuar a su proyecto, no el proyecto al financiamiento, ya que moldear nuestro negocio s\u00f3lo por obtener un fondo, puede implicar alejarnos del \u00e9xito en el largo plazo. Todo fondo requiere un gran trabajo en su implementaci\u00f3n. Por otra parte, es importante que los emprendedores al momento de buscar financiamiento lean las bases de postulaciones y as\u00ed saber si califican o no seg\u00fan el tipo de empresa que tengan, ya que diferentes servicios ofrecen fondos para diferentes tipos de emprendedores y necesidades.<\/p>\n<table width=\"623\">\n<tbody>\n<tr>\n<td width=\"132\"><strong>DEFINICI\u00d3N<\/strong><\/td>\n<td width=\"283\"><strong>MONTO DE VENTAS<\/strong><\/td>\n<td width=\"208\"><strong>TRABAJADORES<\/strong><\/td>\n<\/tr>\n<tr>\n<td width=\"132\">Microempresa<\/td>\n<td width=\"283\">Ventas anuales inferiores a 2.400 UF<\/td>\n<td width=\"208\">1 a 9 personas<\/td>\n<\/tr>\n<tr>\n<td width=\"132\">Peque\u00f1a empresa<\/td>\n<td width=\"283\">ventas anuales entre 2.400 y 25.000 UF<\/td>\n<td width=\"208\">10 y 59 personas<\/td>\n<\/tr>\n<tr>\n<td width=\"132\">Mediana empresa<\/td>\n<td width=\"283\">ventas anuales entre 25.000 y 100.000 UF<\/td>\n<td width=\"208\">50 y 199 trabajadores<\/td>\n<\/tr>\n<tr>\n<td width=\"132\">Empresas grandes<\/td>\n<td width=\"283\">Ventas sobre 100.000 UF<\/td>\n<td width=\"208\">200 trabajadores contratados o m\u00e1s<\/td>\n<\/tr>\n<\/tbody>\n<\/table>\n<p style=\"text-align: justify;\">Finalmente, Gonzalo Marf\u00e1n invit\u00f3 a los emprendedores a mantenerse informados del que hacer de la Red por medio de sus diferentes canales de comunicaci\u00f3n como su Facebook, Instagram y su p\u00e1gina web <a href=\"http:\/\/www.patagoniaemprende.cl\">www.patagoniaemprende.cl<\/a>.<\/p>\n<\/div><\/section><\/div><div  style='height:50px' class='hr hr-invisible   avia-builder-el-6  el_after_av_one_full  el_before_av_social_share '><span class='hr-inner ' ><span class='hr-inner-style'><\/span><\/span><\/div><\/p>\n<div  class='av-social-sharing-box  avia-builder-el-7  el_after_av_hr  el_before_av_hr  '><div class='av-share-box'><h5 class='av-share-link-description av-no-toc '>Compartir esta noticia<\/h5><ul class='av-share-box-list noLightbox'><li class='av-share-link av-social-link-facebook' ><a target=\"_blank\" aria-label=\"Compartir en Facebook\" href='https:\/\/www.facebook.com\/sharer.php?u=https:\/\/radiorevelacionfm.cl\/?p=19521&#038;t=Red%20Pro%20Emprendimiento%20e%20Innovaci%C3%B3n%20de%20Ays%C3%A9n%3A%20%E2%80%9CTenemos%20un%20ecosistema%20que%20puede%20y%20quiere%20colaborar%20para%20hacer%20crecer%20las%20MIPYMES%20en%20la%20regi%C3%B3n%E2%80%9D' aria-hidden='false' data-av_icon='\ue8f3' data-av_iconfont='entypo-fontello' title='' data-avia-related-tooltip='Compartir en Facebook' rel=\"noopener\"><span class='avia_hidden_link_text'>Compartir en Facebook<\/span><\/a><\/li><li class='av-share-link av-social-link-twitter' ><a target=\"_blank\" aria-label=\"Compartir en Twitter\" href='https:\/\/twitter.com\/share?text=Red%20Pro%20Emprendimiento%20e%20Innovaci%C3%B3n%20de%20Ays%C3%A9n%3A%20%E2%80%9CTenemos%20un%20ecosistema%20que%20puede%20y%20quiere%20colaborar%20para%20hacer%20crecer%20las%20MIPYMES%20en%20la%20regi%C3%B3n%E2%80%9D&#038;url=https:\/\/radiorevelacionfm.cl\/?p=19521' aria-hidden='false' data-av_icon='\ue8f1' data-av_iconfont='entypo-fontello' title='' data-avia-related-tooltip='Compartir en Twitter' rel=\"noopener\"><span class='avia_hidden_link_text'>Compartir en Twitter<\/span><\/a><\/li><li class='av-share-link av-social-link-whatsapp' ><a target=\"_blank\" aria-label=\"Compartir en Whatsapp\" href='https:\/\/api.whatsapp.com\/send?text=https:\/\/radiorevelacionfm.cl\/?p=19521' aria-hidden='false' data-av_icon='\uf232' data-av_iconfont='entypo-fontello' title='' data-avia-related-tooltip='Compartir en Whatsapp' rel=\"noopener\"><span class='avia_hidden_link_text'>Compartir en Whatsapp<\/span><\/a><\/li><li class='av-share-link av-social-link-linkedin' ><a target=\"_blank\" aria-label=\"Compartir en LinkedIn\" href='https:\/\/linkedin.com\/shareArticle?mini=true&#038;title=Red%20Pro%20Emprendimiento%20e%20Innovaci%C3%B3n%20de%20Ays%C3%A9n%3A%20%E2%80%9CTenemos%20un%20ecosistema%20que%20puede%20y%20quiere%20colaborar%20para%20hacer%20crecer%20las%20MIPYMES%20en%20la%20regi%C3%B3n%E2%80%9D&#038;url=https:\/\/radiorevelacionfm.cl\/?p=19521' aria-hidden='false' data-av_icon='\ue8fc' data-av_iconfont='entypo-fontello' title='' data-avia-related-tooltip='Compartir en LinkedIn' rel=\"noopener\"><span class='avia_hidden_link_text'>Compartir en LinkedIn<\/span><\/a><\/li><li class='av-share-link av-social-link-mail' ><a  aria-label=\"Compartir por correo\" href='mailto:?subject=Red%20Pro%20Emprendimiento%20e%20Innovaci%C3%B3n%20de%20Ays%C3%A9n%3A%20%E2%80%9CTenemos%20un%20ecosistema%20que%20puede%20y%20quiere%20colaborar%20para%20hacer%20crecer%20las%20MIPYMES%20en%20la%20regi%C3%B3n%E2%80%9D&#038;body=https:\/\/radiorevelacionfm.cl\/?p=19521' aria-hidden='false' data-av_icon='\ue805' data-av_iconfont='entypo-fontello' title='' data-avia-related-tooltip='Compartir por correo'><span class='avia_hidden_link_text'>Compartir por correo<\/span><\/a><\/li><\/ul><\/div><\/div>\n<div  style='height:50px' class='hr hr-invisible   avia-builder-el-8  el_after_av_social_share  el_before_av_comments_list '><span class='hr-inner ' ><span class='hr-inner-style'><\/span><\/span><\/div>\n<div  class='av-buildercomment  av-blog-meta-html-info-disabled av-blog-meta-tag-disabled  '><\/div>\n","protected":false},"excerpt":{"rendered":"","protected":false},"author":1,"featured_media":19522,"comment_status":"open","ping_status":"open","sticky":false,"template":"","format":"standard","meta":{"footnotes":""},"categories":[38],"tags":[],"class_list":["post-19521","post","type-post","status-publish","format-standard","has-post-thumbnail","hentry","category-regional"],"jetpack_featured_media_url":"https:\/\/radiorevelacionfm.cl\/wp-content\/uploads\/2022\/07\/nota-emprendimiento-1_optimized.jpeg","_links":{"self":[{"href":"https:\/\/radiorevelacionfm.cl\/index.php?rest_route=\/wp\/v2\/posts\/19521","targetHints":{"allow":["GET"]}}],"collection":[{"href":"https:\/\/radiorevelacionfm.cl\/index.php?rest_route=\/wp\/v2\/posts"}],"about":[{"href":"https:\/\/radiorevelacionfm.cl\/index.php?rest_route=\/wp\/v2\/types\/post"}],"author":[{"embeddable":true,"href":"https:\/\/radiorevelacionfm.cl\/index.php?rest_route=\/wp\/v2\/users\/1"}],"replies":[{"embeddable":true,"href":"https:\/\/radiorevelacionfm.cl\/index.php?rest_route=%2Fwp%2Fv2%2Fcomments&post=19521"}],"version-history":[{"count":2,"href":"https:\/\/radiorevelacionfm.cl\/index.php?rest_route=\/wp\/v2\/posts\/19521\/revisions"}],"predecessor-version":[{"id":19543,"href":"https:\/\/radiorevelacionfm.cl\/index.php?rest_route=\/wp\/v2\/posts\/19521\/revisions\/19543"}],"wp:featuredmedia":[{"embeddable":true,"href":"https:\/\/radiorevelacionfm.cl\/index.php?rest_route=\/wp\/v2\/media\/19522"}],"wp:attachment":[{"href":"https:\/\/radiorevelacionfm.cl\/index.php?rest_route=%2Fwp%2Fv2%2Fmedia&parent=19521"}],"wp:term":[{"taxonomy":"category","embeddable":true,"href":"https:\/\/radiorevelacionfm.cl\/index.php?rest_route=%2Fwp%2Fv2%2Fcategories&post=19521"},{"taxonomy":"post_tag","embeddable":true,"href":"https:\/\/radiorevelacionfm.cl\/index.php?rest_route=%2Fwp%2Fv2%2Ftags&post=19521"}],"curies":[{"name":"wp","href":"https:\/\/api.w.org\/{rel}","templated":true}]}}