{"id":1952,"date":"2021-01-20T11:22:34","date_gmt":"2021-01-20T14:22:34","guid":{"rendered":"https:\/\/radiorevelacionfm.cl\/?p=1952"},"modified":"2021-01-20T11:53:57","modified_gmt":"2021-01-20T14:53:57","slug":"auxiliar-del-hospital-de-puerto-aysen-fue-la-primera-persona-en-recibir-la-vacuna-pfizer","status":"publish","type":"post","link":"https:\/\/radiorevelacionfm.cl\/?p=1952","title":{"rendered":"Auxiliar del Hospital fue la primera persona en recibir la vacuna Pfizer en Puerto Ays\u00e9n"},"content":{"rendered":"<div class=\"flex_column av_one_full  flex_column_div av-zero-column-padding first  avia-builder-el-0  el_before_av_one_full  avia-builder-el-first  \" style='border-radius:0px; '><div  class='avia-image-container  av-styling-    avia-builder-el-1  avia-builder-el-no-sibling  avia-align-center '  itemprop=\"image\" itemscope=\"itemscope\" itemtype=\"https:\/\/schema.org\/ImageObject\"  ><div class='avia-image-container-inner'><div class='avia-image-overlay-wrap'><img decoding=\"async\" class='wp-image-0 avia-img-lazy-loading-not-0 avia_image' src=\"https:\/\/radiorevelacionfm.cl\/wp-content\/uploads\/2021\/01\/3-4-1-scaled.jpg\" alt='' title=''   itemprop=\"thumbnailUrl\"  \/><\/div><\/div><\/div><\/div>\n<div class=\"flex_column av_one_full  flex_column_div av-zero-column-padding first  avia-builder-el-2  el_after_av_one_full  el_before_av_one_full  column-top-margin\" style='border-radius:0px; '><section class=\"av_textblock_section \"  itemscope=\"itemscope\" itemtype=\"https:\/\/schema.org\/BlogPosting\" itemprop=\"blogPost\" ><div class='avia_textblock  '   itemprop=\"text\" ><p style=\"text-align: center;\"><span style=\"font-size: 18pt;\"><strong>Auxiliar del Hospital fue la primera persona en recibir la vacuna Pfizer en Puerto Ays\u00e9n<\/strong><\/span><\/p>\n<div id=\"gtx-trans\" style=\"position: absolute; left: -50px; top: 4.31534px;\">\n<div class=\"gtx-trans-icon\"><\/div>\n<\/div>\n<\/div><\/section><\/div><div class=\"flex_column av_one_full  flex_column_div av-zero-column-padding first  avia-builder-el-4  el_after_av_one_full  el_before_av_hr  column-top-margin\" style='border-radius:0px; '><section class=\"av_textblock_section \"  itemscope=\"itemscope\" itemtype=\"https:\/\/schema.org\/BlogPosting\" itemprop=\"blogPost\" ><div class='avia_textblock  '   itemprop=\"text\" ><p style=\"text-align: justify;\">La se\u00f1ora Mar\u00eda Cay\u00fan Cuyul, auxiliar del Hospital de Puerto Ays\u00e9n durante la tarde de este lunes recibi\u00f3 la primera dosis de la vacuna contra el Covid-19 que es voluntario y gratuito para la poblaci\u00f3n objetivo y que en esta primera etapa la recibir\u00e1n los funcionarios de los distintos centros asistenciales de la salud que as\u00ed lo requieran.<\/p>\n<p style=\"text-align: justify;\">Carabineros y la Polic\u00eda de Investigaciones escoltaron la vacuna para que llegara hasta el Hospital local en donde tambi\u00e9n fueron distribuidas al personal del Cesfam como al Cescof de Puerto Chacabuco. En este importante hito estuvo presente el Gobernador Manuel Ortiz Torres quien resalt\u00f3 este inicio de vacunaci\u00f3n contra el Covid-19 en la comuna \u201cjunto al Director del Hospital Gabriel Rab\u00ed tuvimos la oportunidad de acompa\u00f1ar a la se\u00f1ora Mar\u00eda que ha sido la primera persona de nuestra comuna que ha sido inoculada con la vacuna contra el Covid-19, esto es una gran satisfacci\u00f3n poder como Gobierno estar aqu\u00ed en estos momentos porque hay que recordar que el 24 de diciembre el Presidente Pi\u00f1era recibe en el aeropuerto de Santiago las primeras dosis de esta vacuna que nos ha afectado hace bastante tiempo\u201d.<\/p>\n<p style=\"text-align: justify;\">De la cantidad de vacunas y de la importancia de este primer paso para prevenir el contagio del Covid-19 el Director (s) del Hospital local Dr. Gabriel Rab\u00ed indicaba \u201ccomo dec\u00eda el Gobernador, estamos muy contentos de la llegada de esta primera remeza de la vacuna, en donde llegan m\u00e1s de 300 dosis que se van a repartir a los distintos dispositivos de Puerto Ays\u00e9n, esto es una gran importancia debido a que llega a reforzar el trabajo dentro del hospital y del personal de salud como personal mayor expuesto que nos va a permitir una protecci\u00f3n mayor para poder otorgar una buena cobertura de lo que son los pacientes durante la pandemia\u201d.<\/p>\n<p style=\"text-align: justify;\">El Programa Nacional de Inmunizaciones (PNI) del Ministerio de Salud se encuentra en proceso de implementaci\u00f3n de la campa\u00f1a de vacunaci\u00f3n contra COVID-19. Entre los pilares de esta estrategia est\u00e1 la preparaci\u00f3n log\u00edstica en toda la cadena de suministro, la cual se planifica semanalmente, en el marco de lo establecido por el PNI en la priorizaci\u00f3n de la poblaci\u00f3n objetivo y el abastecimiento confirmado por los Laboratorios proveedores.<\/p>\n<\/div><\/section><\/div><\/p>\n<div  style='height:50px' class='hr hr-invisible   avia-builder-el-6  el_after_av_one_full  el_before_av_social_share '><span class='hr-inner ' ><span class='hr-inner-style'><\/span><\/span><\/div>\n<div  class='av-social-sharing-box  avia-builder-el-7  el_after_av_hr  el_before_av_hr  '><div class='av-share-box'><h5 class='av-share-link-description av-no-toc '>Compartir esta noticia<\/h5><ul class='av-share-box-list noLightbox'><li class='av-share-link av-social-link-facebook' ><a target=\"_blank\" aria-label=\"Compartir en Facebook\" href='https:\/\/www.facebook.com\/sharer.php?u=https:\/\/radiorevelacionfm.cl\/?p=1952&#038;t=Auxiliar%20del%20Hospital%20fue%20la%20primera%20persona%20en%20recibir%20la%20vacuna%20Pfizer%20en%20Puerto%20Ays%C3%A9n' aria-hidden='false' data-av_icon='\ue8f3' data-av_iconfont='entypo-fontello' title='' data-avia-related-tooltip='Compartir en Facebook' rel=\"noopener\"><span class='avia_hidden_link_text'>Compartir en Facebook<\/span><\/a><\/li><li class='av-share-link av-social-link-twitter' ><a target=\"_blank\" aria-label=\"Compartir en Twitter\" href='https:\/\/twitter.com\/share?text=Auxiliar%20del%20Hospital%20fue%20la%20primera%20persona%20en%20recibir%20la%20vacuna%20Pfizer%20en%20Puerto%20Ays%C3%A9n&#038;url=https:\/\/radiorevelacionfm.cl\/?p=1952' aria-hidden='false' data-av_icon='\ue8f1' data-av_iconfont='entypo-fontello' title='' data-avia-related-tooltip='Compartir en Twitter' rel=\"noopener\"><span class='avia_hidden_link_text'>Compartir en Twitter<\/span><\/a><\/li><li class='av-share-link av-social-link-whatsapp' ><a target=\"_blank\" aria-label=\"Compartir en Whatsapp\" href='https:\/\/api.whatsapp.com\/send?text=https:\/\/radiorevelacionfm.cl\/?p=1952' aria-hidden='false' data-av_icon='\uf232' data-av_iconfont='entypo-fontello' title='' data-avia-related-tooltip='Compartir en Whatsapp' rel=\"noopener\"><span class='avia_hidden_link_text'>Compartir en Whatsapp<\/span><\/a><\/li><li class='av-share-link av-social-link-linkedin' ><a target=\"_blank\" aria-label=\"Compartir en LinkedIn\" href='https:\/\/linkedin.com\/shareArticle?mini=true&#038;title=Auxiliar%20del%20Hospital%20fue%20la%20primera%20persona%20en%20recibir%20la%20vacuna%20Pfizer%20en%20Puerto%20Ays%C3%A9n&#038;url=https:\/\/radiorevelacionfm.cl\/?p=1952' aria-hidden='false' data-av_icon='\ue8fc' data-av_iconfont='entypo-fontello' title='' data-avia-related-tooltip='Compartir en LinkedIn' rel=\"noopener\"><span class='avia_hidden_link_text'>Compartir en LinkedIn<\/span><\/a><\/li><li class='av-share-link av-social-link-mail' ><a  aria-label=\"Compartir por correo\" href='mailto:?subject=Auxiliar%20del%20Hospital%20fue%20la%20primera%20persona%20en%20recibir%20la%20vacuna%20Pfizer%20en%20Puerto%20Ays%C3%A9n&#038;body=https:\/\/radiorevelacionfm.cl\/?p=1952' aria-hidden='false' data-av_icon='\ue805' data-av_iconfont='entypo-fontello' title='' data-avia-related-tooltip='Compartir por correo'><span class='avia_hidden_link_text'>Compartir por correo<\/span><\/a><\/li><\/ul><\/div><\/div>\n<div  style='height:50px' class='hr hr-invisible   avia-builder-el-8  el_after_av_social_share  el_before_av_comments_list '><span class='hr-inner ' ><span class='hr-inner-style'><\/span><\/span><\/div>\n<div  class='av-buildercomment  av-blog-meta-html-info-disabled av-blog-meta-tag-disabled  '><\/div>\n","protected":false},"excerpt":{"rendered":"","protected":false},"author":1,"featured_media":0,"comment_status":"open","ping_status":"open","sticky":false,"template":"","format":"standard","meta":{"footnotes":""},"categories":[46],"tags":[],"class_list":["post-1952","post","type-post","status-publish","format-standard","hentry","category-salud"],"jetpack_featured_media_url":"","_links":{"self":[{"href":"https:\/\/radiorevelacionfm.cl\/index.php?rest_route=\/wp\/v2\/posts\/1952","targetHints":{"allow":["GET"]}}],"collection":[{"href":"https:\/\/radiorevelacionfm.cl\/index.php?rest_route=\/wp\/v2\/posts"}],"about":[{"href":"https:\/\/radiorevelacionfm.cl\/index.php?rest_route=\/wp\/v2\/types\/post"}],"author":[{"embeddable":true,"href":"https:\/\/radiorevelacionfm.cl\/index.php?rest_route=\/wp\/v2\/users\/1"}],"replies":[{"embeddable":true,"href":"https:\/\/radiorevelacionfm.cl\/index.php?rest_route=%2Fwp%2Fv2%2Fcomments&post=1952"}],"version-history":[{"count":3,"href":"https:\/\/radiorevelacionfm.cl\/index.php?rest_route=\/wp\/v2\/posts\/1952\/revisions"}],"predecessor-version":[{"id":1959,"href":"https:\/\/radiorevelacionfm.cl\/index.php?rest_route=\/wp\/v2\/posts\/1952\/revisions\/1959"}],"wp:attachment":[{"href":"https:\/\/radiorevelacionfm.cl\/index.php?rest_route=%2Fwp%2Fv2%2Fmedia&parent=1952"}],"wp:term":[{"taxonomy":"category","embeddable":true,"href":"https:\/\/radiorevelacionfm.cl\/index.php?rest_route=%2Fwp%2Fv2%2Fcategories&post=1952"},{"taxonomy":"post_tag","embeddable":true,"href":"https:\/\/radiorevelacionfm.cl\/index.php?rest_route=%2Fwp%2Fv2%2Ftags&post=1952"}],"curies":[{"name":"wp","href":"https:\/\/api.w.org\/{rel}","templated":true}]}}