{"id":19518,"date":"2022-07-21T18:44:50","date_gmt":"2022-07-21T21:44:50","guid":{"rendered":"https:\/\/radiorevelacionfm.cl\/?p=19518"},"modified":"2022-07-21T18:44:50","modified_gmt":"2022-07-21T21:44:50","slug":"fiscalia-de-aysen-logra-condena-de-10-anos-para-imputado-por-violacion-de-adulta-mayor","status":"publish","type":"post","link":"https:\/\/radiorevelacionfm.cl\/?p=19518","title":{"rendered":"Fiscal\u00eda de Ays\u00e9n logra condena de 10 a\u00f1os para imputado por violaci\u00f3n de adulta mayor"},"content":{"rendered":"<div class=\"flex_column av_one_full  flex_column_div av-zero-column-padding first  avia-builder-el-0  el_before_av_one_full  avia-builder-el-first  \" style='border-radius:0px; '><div  class='avia-image-container  av-styling-    avia-builder-el-1  avia-builder-el-no-sibling  avia-align-center '  itemprop=\"image\" itemscope=\"itemscope\" itemtype=\"https:\/\/schema.org\/ImageObject\"  ><div class='avia-image-container-inner'><div class='avia-image-overlay-wrap'><img decoding=\"async\" class='wp-image-13714 avia-img-lazy-loading-not-13714 avia_image' src=\"https:\/\/radiorevelacionfm.cl\/wp-content\/uploads\/2022\/02\/Fiscalia-Aysen-2-2.jpg\" alt='' title='Fiscalia Aysen-2-2' height=\"600\" width=\"899\"  itemprop=\"thumbnailUrl\" srcset=\"https:\/\/radiorevelacionfm.cl\/wp-content\/uploads\/2022\/02\/Fiscalia-Aysen-2-2.jpg 899w, https:\/\/radiorevelacionfm.cl\/wp-content\/uploads\/2022\/02\/Fiscalia-Aysen-2-2-300x200.jpg 300w, https:\/\/radiorevelacionfm.cl\/wp-content\/uploads\/2022\/02\/Fiscalia-Aysen-2-2-768x513.jpg 768w, https:\/\/radiorevelacionfm.cl\/wp-content\/uploads\/2022\/02\/Fiscalia-Aysen-2-2-705x471.jpg 705w, https:\/\/radiorevelacionfm.cl\/wp-content\/uploads\/2022\/02\/Fiscalia-Aysen-2-2-600x400.jpg 600w\" sizes=\"(max-width: 899px) 100vw, 899px\" \/><\/div><\/div><\/div><\/div><div class=\"flex_column av_one_full  flex_column_div av-zero-column-padding first  avia-builder-el-2  el_after_av_one_full  el_before_av_one_full  column-top-margin\" style='border-radius:0px; '><section class=\"av_textblock_section \"  itemscope=\"itemscope\" itemtype=\"https:\/\/schema.org\/BlogPosting\" itemprop=\"blogPost\" ><div class='avia_textblock  '   itemprop=\"text\" ><h1 class=\"entry-title\" style=\"text-align: center;\"><\/h1>\n<p style=\"text-align: center;\"><strong><span style=\"font-size: 18pt;\">Fiscal\u00eda de Ays\u00e9n logra condena de 10 a\u00f1os para imputado por violaci\u00f3n de adulta mayor<\/span><\/strong><\/p>\n<header class=\"td-post-title\"><\/header>\n<header class=\"td-post-title\"><\/header>\n<div id=\"gtx-trans\" style=\"position: absolute; left: -50px; top: 4.31534px;\">\n<div class=\"gtx-trans-icon\"><\/div>\n<\/div>\n<\/div><\/section><\/div><div class=\"flex_column av_one_full  flex_column_div av-zero-column-padding first  avia-builder-el-4  el_after_av_one_full  el_before_av_hr  column-top-margin\" style='border-radius:0px; '><section class=\"av_textblock_section \"  itemscope=\"itemscope\" itemtype=\"https:\/\/schema.org\/BlogPosting\" itemprop=\"blogPost\" ><div class='avia_textblock  '   itemprop=\"text\" ><p style=\"text-align: justify;\">Tras una investigaci\u00f3n dirigida por la Fiscal\u00eda Local de Ays\u00e9n, el Tribunal de Juicio Oral en Lo Penal conden\u00f3 a un imputado de 33 a\u00f1os, a la pena de 10 a\u00f1os de presidio mayor en su grado m\u00ednimo, como autor del delito de violaci\u00f3n cometido en contra de una v\u00edctima de 70 a\u00f1os, hecho ocurrido el 19 de noviembre de 2021 en la comuna de Ays\u00e9n. El autor era el conviviente de la hija de la v\u00edctima.<\/p>\n<p style=\"text-align: justify;\">La investigaci\u00f3n del caso fue dirigida por el fiscal Pedro Poblete, quien solicit\u00f3 pericias al Servicio M\u00e9dico Legal y diligencias a Carabineros, contribuciones que resultaron fundamentales para probar el hecho.<\/p>\n<p style=\"text-align: justify;\">PRUEBAS Y DILIGENCIAS<\/p>\n<p style=\"text-align: justify;\">Sobre este juicio el fiscal Pedro Poblete dijo que \u201cla prueba rendida, en particular el testimonio de la v\u00edctima y de su hija, como tambi\u00e9n de los funcionarios de Carabineros que acudieron a la brevedad al llamado de auxilio y que fueron testigos presenciales de la agresi\u00f3n, junto con el testimonio de la perito del Servicio M\u00e9dico Legal que realiz\u00f3 el peritaje sexol\u00f3gico, fueron determinantes para forjar la convicci\u00f3n del Tribunal respecto de la ocurrencia del hecho y de la participaci\u00f3n culpable del acusado\u201d.<\/p>\n<p style=\"text-align: justify;\">El fiscal Poblete agreg\u00f3 que \u201cel Tribunal para establecer la pena, tuvo presente la solicitada por el Ministerio P\u00fablico y el Centro de Atenci\u00f3n a V\u00edctimas de Delitos Violentos, en atenci\u00f3n a la gravedad del delito y las circunstancias de comisi\u00f3n, habi\u00e9ndose verificado este hecho en la casa de la v\u00edctima, quien es una mujer adulta mayor\u201d.<\/p>\n<p style=\"text-align: justify;\">La afectada declar\u00f3 en el juicio, actividad que fue apoyada por la Unidad de Atenci\u00f3n a V\u00edctimas y Testigos de la Fiscal\u00eda Regional de Ays\u00e9n. El sentenciado deber\u00e1 cumplir la pena de forma efectiva, es decir, sin ning\u00fan tipo de beneficios.<\/p>\n<p style=\"text-align: justify;\">La sentencia, fue dictada por los jueces orales M\u00f3nica Coloma Pulgar, Pablo Freire Gavil\u00e1n y Rosal\u00eda Mansilla Quiroz.<\/p>\n<\/div><\/section><\/div><div  style='height:50px' class='hr hr-invisible   avia-builder-el-6  el_after_av_one_full  el_before_av_social_share '><span class='hr-inner ' ><span class='hr-inner-style'><\/span><\/span><\/div><\/p>\n<div  class='av-social-sharing-box  avia-builder-el-7  el_after_av_hr  el_before_av_hr  '><div class='av-share-box'><h5 class='av-share-link-description av-no-toc '>Compartir esta noticia<\/h5><ul class='av-share-box-list noLightbox'><li class='av-share-link av-social-link-facebook' ><a target=\"_blank\" aria-label=\"Compartir en Facebook\" href='https:\/\/www.facebook.com\/sharer.php?u=https:\/\/radiorevelacionfm.cl\/?p=19518&#038;t=Fiscal%C3%ADa%20de%20Ays%C3%A9n%20logra%20condena%20de%2010%20a%C3%B1os%20para%20imputado%20por%20violaci%C3%B3n%20de%20adulta%20mayor' aria-hidden='false' data-av_icon='\ue8f3' data-av_iconfont='entypo-fontello' title='' data-avia-related-tooltip='Compartir en Facebook' rel=\"noopener\"><span class='avia_hidden_link_text'>Compartir en Facebook<\/span><\/a><\/li><li class='av-share-link av-social-link-twitter' ><a target=\"_blank\" aria-label=\"Compartir en Twitter\" href='https:\/\/twitter.com\/share?text=Fiscal%C3%ADa%20de%20Ays%C3%A9n%20logra%20condena%20de%2010%20a%C3%B1os%20para%20imputado%20por%20violaci%C3%B3n%20de%20adulta%20mayor&#038;url=https:\/\/radiorevelacionfm.cl\/?p=19518' aria-hidden='false' data-av_icon='\ue8f1' data-av_iconfont='entypo-fontello' title='' data-avia-related-tooltip='Compartir en Twitter' rel=\"noopener\"><span class='avia_hidden_link_text'>Compartir en Twitter<\/span><\/a><\/li><li class='av-share-link av-social-link-whatsapp' ><a target=\"_blank\" aria-label=\"Compartir en Whatsapp\" href='https:\/\/api.whatsapp.com\/send?text=https:\/\/radiorevelacionfm.cl\/?p=19518' aria-hidden='false' data-av_icon='\uf232' data-av_iconfont='entypo-fontello' title='' data-avia-related-tooltip='Compartir en Whatsapp' rel=\"noopener\"><span class='avia_hidden_link_text'>Compartir en Whatsapp<\/span><\/a><\/li><li class='av-share-link av-social-link-linkedin' ><a target=\"_blank\" aria-label=\"Compartir en LinkedIn\" href='https:\/\/linkedin.com\/shareArticle?mini=true&#038;title=Fiscal%C3%ADa%20de%20Ays%C3%A9n%20logra%20condena%20de%2010%20a%C3%B1os%20para%20imputado%20por%20violaci%C3%B3n%20de%20adulta%20mayor&#038;url=https:\/\/radiorevelacionfm.cl\/?p=19518' aria-hidden='false' data-av_icon='\ue8fc' data-av_iconfont='entypo-fontello' title='' data-avia-related-tooltip='Compartir en LinkedIn' rel=\"noopener\"><span class='avia_hidden_link_text'>Compartir en LinkedIn<\/span><\/a><\/li><li class='av-share-link av-social-link-mail' ><a  aria-label=\"Compartir por correo\" href='mailto:?subject=Fiscal%C3%ADa%20de%20Ays%C3%A9n%20logra%20condena%20de%2010%20a%C3%B1os%20para%20imputado%20por%20violaci%C3%B3n%20de%20adulta%20mayor&#038;body=https:\/\/radiorevelacionfm.cl\/?p=19518' aria-hidden='false' data-av_icon='\ue805' data-av_iconfont='entypo-fontello' title='' data-avia-related-tooltip='Compartir por correo'><span class='avia_hidden_link_text'>Compartir por correo<\/span><\/a><\/li><\/ul><\/div><\/div>\n<div  style='height:50px' class='hr hr-invisible   avia-builder-el-8  el_after_av_social_share  el_before_av_comments_list '><span class='hr-inner ' ><span class='hr-inner-style'><\/span><\/span><\/div>\n<div  class='av-buildercomment  av-blog-meta-html-info-disabled av-blog-meta-tag-disabled  '><\/div>\n","protected":false},"excerpt":{"rendered":"","protected":false},"author":1,"featured_media":13714,"comment_status":"open","ping_status":"open","sticky":false,"template":"","format":"standard","meta":{"footnotes":""},"categories":[55],"tags":[],"class_list":["post-19518","post","type-post","status-publish","format-standard","has-post-thumbnail","hentry","category-justicia"],"jetpack_featured_media_url":"https:\/\/radiorevelacionfm.cl\/wp-content\/uploads\/2022\/02\/Fiscalia-Aysen-2-2.jpg","_links":{"self":[{"href":"https:\/\/radiorevelacionfm.cl\/index.php?rest_route=\/wp\/v2\/posts\/19518","targetHints":{"allow":["GET"]}}],"collection":[{"href":"https:\/\/radiorevelacionfm.cl\/index.php?rest_route=\/wp\/v2\/posts"}],"about":[{"href":"https:\/\/radiorevelacionfm.cl\/index.php?rest_route=\/wp\/v2\/types\/post"}],"author":[{"embeddable":true,"href":"https:\/\/radiorevelacionfm.cl\/index.php?rest_route=\/wp\/v2\/users\/1"}],"replies":[{"embeddable":true,"href":"https:\/\/radiorevelacionfm.cl\/index.php?rest_route=%2Fwp%2Fv2%2Fcomments&post=19518"}],"version-history":[{"count":2,"href":"https:\/\/radiorevelacionfm.cl\/index.php?rest_route=\/wp\/v2\/posts\/19518\/revisions"}],"predecessor-version":[{"id":19520,"href":"https:\/\/radiorevelacionfm.cl\/index.php?rest_route=\/wp\/v2\/posts\/19518\/revisions\/19520"}],"wp:featuredmedia":[{"embeddable":true,"href":"https:\/\/radiorevelacionfm.cl\/index.php?rest_route=\/wp\/v2\/media\/13714"}],"wp:attachment":[{"href":"https:\/\/radiorevelacionfm.cl\/index.php?rest_route=%2Fwp%2Fv2%2Fmedia&parent=19518"}],"wp:term":[{"taxonomy":"category","embeddable":true,"href":"https:\/\/radiorevelacionfm.cl\/index.php?rest_route=%2Fwp%2Fv2%2Fcategories&post=19518"},{"taxonomy":"post_tag","embeddable":true,"href":"https:\/\/radiorevelacionfm.cl\/index.php?rest_route=%2Fwp%2Fv2%2Ftags&post=19518"}],"curies":[{"name":"wp","href":"https:\/\/api.w.org\/{rel}","templated":true}]}}