{"id":19510,"date":"2022-07-22T13:06:17","date_gmt":"2022-07-22T16:06:17","guid":{"rendered":"https:\/\/radiorevelacionfm.cl\/?p=19510"},"modified":"2022-07-22T13:06:17","modified_gmt":"2022-07-22T16:06:17","slug":"daniela-garcia-la-nueva-cara-visible-del-hogar-de-cristo-en-aysen","status":"publish","type":"post","link":"https:\/\/radiorevelacionfm.cl\/?p=19510","title":{"rendered":"Daniela Garc\u00eda, la nueva cara visible del Hogar de Cristo en Ays\u00e9n"},"content":{"rendered":"<div class=\"flex_column av_one_full  flex_column_div av-zero-column-padding first  avia-builder-el-0  el_before_av_one_full  avia-builder-el-first  \" style='border-radius:0px; '><div  class='avia-image-container  av-styling-    avia-builder-el-1  avia-builder-el-no-sibling  avia-align-center '  itemprop=\"image\" itemscope=\"itemscope\" itemtype=\"https:\/\/schema.org\/ImageObject\"  ><div class='avia-image-container-inner'><div class='avia-image-overlay-wrap'><img decoding=\"async\" class='wp-image-19511 avia-img-lazy-loading-not-19511 avia_image' src=\"https:\/\/radiorevelacionfm.cl\/wp-content\/uploads\/2022\/07\/AL7A9607_original1-1-1.jpg\" alt='' title='AL7A9607_original1 (1) (1)' height=\"600\" width=\"972\"  itemprop=\"thumbnailUrl\" srcset=\"https:\/\/radiorevelacionfm.cl\/wp-content\/uploads\/2022\/07\/AL7A9607_original1-1-1.jpg 972w, https:\/\/radiorevelacionfm.cl\/wp-content\/uploads\/2022\/07\/AL7A9607_original1-1-1-300x185.jpg 300w, https:\/\/radiorevelacionfm.cl\/wp-content\/uploads\/2022\/07\/AL7A9607_original1-1-1-768x474.jpg 768w, https:\/\/radiorevelacionfm.cl\/wp-content\/uploads\/2022\/07\/AL7A9607_original1-1-1-705x435.jpg 705w, https:\/\/radiorevelacionfm.cl\/wp-content\/uploads\/2022\/07\/AL7A9607_original1-1-1-600x370.jpg 600w\" sizes=\"(max-width: 972px) 100vw, 972px\" \/><\/div><\/div><\/div><\/div><div class=\"flex_column av_one_full  flex_column_div av-zero-column-padding first  avia-builder-el-2  el_after_av_one_full  el_before_av_one_full  column-top-margin\" style='border-radius:0px; '><section class=\"av_textblock_section \"  itemscope=\"itemscope\" itemtype=\"https:\/\/schema.org\/BlogPosting\" itemprop=\"blogPost\" ><div class='avia_textblock  '   itemprop=\"text\" ><p style=\"text-align: center;\"><strong><span style=\"font-size: 18pt;\">Daniela Garc\u00eda, la nueva cara visible del Hogar de Cristo en Ays\u00e9n<\/span><\/strong><\/p>\n<div id=\"gtx-trans\" style=\"position: absolute; left: -50px; top: 4.31534px;\">\n<div class=\"gtx-trans-icon\"><\/div>\n<\/div>\n<\/div><\/section><\/div><div class=\"flex_column av_one_full  flex_column_div av-zero-column-padding first  avia-builder-el-4  el_after_av_one_full  el_before_av_hr  column-top-margin\" style='border-radius:0px; '><section class=\"av_textblock_section \"  itemscope=\"itemscope\" itemtype=\"https:\/\/schema.org\/BlogPosting\" itemprop=\"blogPost\" ><div class='avia_textblock  '   itemprop=\"text\" ><p style=\"text-align: justify;\">A la experta en pobreza del Hogar de Cristo en Ays\u00e9n, como a todos, le preocupa la inflaci\u00f3n que afecta al pa\u00eds. Su organizaci\u00f3n ya estima un d\u00e9ficit de mil 200 millones de pesos por el alza del IPC. Pero al mismo tiempo la llena de esperanza que, pese a todas las dificultades econ\u00f3micas y de todo tipo, diez hombres en situaci\u00f3n de calle de la Hospeder\u00eda de Coyhaique quieran aprender a leer y a escribir, y asistan a clases sin falta. \u201cEso es dignidad\u201d, dice.<\/p>\n<p style=\"text-align: justify;\">Esta joven trabajadora social de 34 a\u00f1os, es la nueva cara de la organizaci\u00f3n del padre Hurtado, en Ays\u00e9n. Una causa social con gran presencia en Coyhaique, donde funcionan una Hospeder\u00eda, que acoge a 37 personas en situaci\u00f3n de calle; un Programa de Atenci\u00f3n Domiciliaria (PADAM), que vincula a personas mayores con las redes de asistencia sanitaria de su territorio; y un Programa de Acogida, donde viven 20 personas en situaci\u00f3n de calle, que adem\u00e1s sufren problemas de consumo. A esto se suman otra Hospeder\u00eda en Ays\u00e9n, que recibe a 22 personas en extrema pobreza y otro Programa de Acogida, que alberga a 20 personas en situaci\u00f3n de calle.<\/p>\n<p style=\"text-align: justify;\">Que los programas sociales de Hogar de Cristo funcionen igual que una casa, con el agregado de que reciben a los m\u00e1s pobres entre los pobres, hace que el alza del IPC -cuya variaci\u00f3n de precios podr\u00eda superar el 12% anual- los afecte a\u00fan m\u00e1s duro.<\/p>\n<p style=\"text-align: justify;\">\u201cEsa diferencia nos est\u00e1 golpeando, sobre todo la fuerte alza de los precios de los alimentos. Y de los gastos b\u00e1sicos: del combustible, tan necesario para pasar este tan fr\u00edo invierno, y de los productos de aseo y sanitarios, porque la emergencia por COVID-19 no amaina\u201d, dice Andrea.<\/p>\n<p style=\"text-align: justify;\"><strong>\u00bfQu\u00e9 medidas est\u00e1n tomando al respecto?<\/strong><\/p>\n<p style=\"text-align: justify;\">Como cualquier casa chilena, nos estamos ajustando. La \u00fanica diferencia es que para nosotros est\u00e1 en juego la vida de 33 mil personas que dependen diariamente de que el Hogar de Cristo siga entregando alimentos, medicamentos, abrigo y\u00a0 compa\u00f1\u00eda. Es un tema de vida o muerte para miles de personas.<\/p>\n<p style=\"text-align: justify;\">Andrea se refiere a los m\u00e1s de 16 mil adultos en situaci\u00f3n de calle, con discapacidad mental, con consumo problem\u00e1tico de alcohol y otras drogas; de adultos mayores; de ni\u00f1os, ni\u00f1as y adolescentes excluidos del sistema escolar; de lactantes y p\u00e1rvulos de los territorios m\u00e1s cr\u00edticos del pa\u00eds; de los marginados del mercado laboral, cuya vida se ha encarecido a\u00fan m\u00e1s por el alza de los precios.<\/p>\n<p style=\"text-align: justify;\">\u201cEn Coyhaique, hay adultos mayores que necesitan que lleguemos a sus hogares con medicamentos y alimentos, una tarea que se ha encarecido fuertemente. El solo hecho de llegar a ellos nos significa un gasto en bencina superior al mill\u00f3n y medio de pesos al mes, por eso el alza de precios, es un tema de vida o muerte. Si el alza contin\u00faa y no tenemos dinero para el traslado, la comida o los medicamentos, \u00bfqui\u00e9n cuidar\u00e1 de ellos?\u201d.<\/p>\n<p style=\"text-align: justify;\">Sucede lo mismo con los gastos de alimentaci\u00f3n, de calefacci\u00f3n, de transporte, de aseo e higiene. Para Hogar de Cristo, el alza del IPC es una suma que se multiplica en el total cada mes y tiene estimando un d\u00e9ficit presupuestario de mil 200 millones de pesos en su operaci\u00f3n nacional.<\/p>\n<p style=\"text-align: justify;\"><strong>\u00bfQu\u00e9 \u00edtems son los m\u00e1s afectados en Ays\u00e9n? <\/strong><\/p>\n<p style=\"text-align: justify;\">La calefacci\u00f3n, por lejos. En la Hospeder\u00eda de Coyhaique nos abrigamos con caldera a pellet y, en el caso de Ays\u00e9n, con caldera a gas. Por un lado, tenemos el alza de los valores y, por el otro, la estaci\u00f3n de invierno, que est\u00e1 siendo particularmente fr\u00edo, y siempre significa un gasto doble en calefacci\u00f3n.<\/p>\n<p style=\"text-align: justify;\"><strong>\u00bfSe han visto obligados a eliminar parte de su servicio?<\/strong><\/p>\n<p style=\"text-align: justify;\">No, el est\u00e1ndar de calidad que entregamos en nuestros programas se tiene que mantener igual, no hay excusas, es un tema de derechos humanos que no se puede abandonar. Pero la realidad nos est\u00e1 golpeado y hay que ajustarse. En alimentaci\u00f3n, por ejemplo, hemos cambiado el men\u00fa de las comidas y si antes se com\u00eda carne cuatro veces a la semana, hoy se come s\u00f3lo dos veces a la semana. La idea es mantener el servicio pero bajando los costos.<\/p>\n<p style=\"text-align: justify;\">Andrea asumi\u00f3 la jefatura de Hogar de Cristo hace tres a\u00f1os, en medio de movilizaciones sociales, una pandemia y la actual crisis econ\u00f3mica. Afirma que esos desaf\u00edos le han entregado mayor fortaleza a la hora de tomar decisiones dif\u00edciles. \u201cNo han sido a\u00f1os f\u00e1ciles para nadie. Nosotros hemos tenido que mantener viva la causa del padre Hurtado a pesar de todo, en medio de la muerte de participantes y compa\u00f1eros de trabajo, y casi no tuvimos tiempo de hacer el duelo de aquellos que partieron en estos a\u00f1os. Es fuerte, pero no hemos tenido elecci\u00f3n. Las personas m\u00e1s pobres no dejan de necesitar ayuda porque golpea una pandemia, un estallido social o una inflaci\u00f3n; es m\u00e1s, las necesidades se acrecientan\u201d.<\/p>\n<p style=\"text-align: justify;\"><strong>\u00bfQu\u00e9 direcci\u00f3n le quieres dar al Hogar de Cristo en este territorio, tan hermoso y tan lejano?<\/strong><\/p>\n<p style=\"text-align: justify;\">Quiero que la causa del Hogar de Cristo se vuelva a abrir a las personas, y con eso me refiero a volver a ser un lugar cercano para los vecinos. Quiero volver a abrir las puertas del Hogar de Cristo, para que la gente venga, para que conozcan de qu\u00e9 se trata esta misi\u00f3n. Yo s\u00e9 el efecto que tiene esta causa en las personas; aquel que cruza las puertas del Hogar no volver\u00e1 a ser el mismo despu\u00e9s de irse.<\/p>\n<p style=\"text-align: justify;\"><strong>\u00bfQu\u00e9 causa te transform\u00f3 a ti?<\/strong><\/p>\n<p style=\"text-align: justify;\">Antes yo trabajaba con ni\u00f1os vulnerados, eso me marc\u00f3 de por vida. Hoy me conmueve mucho el esfuerzo de las personas en situaci\u00f3n de calle que est\u00e1n asistiendo a la escuela de alfabetizaci\u00f3n que instalamos en el Programa de Acogida de Coyhaique; es un esfuerzo tan digno. Hablamos de diez adultos que quieren aprender a leer, a escribir. En el fondo, personas que quieren salir adelante, es muy emocionante, tienen clases lunes, mi\u00e9rcoles y viernes, y asisten sin falta.<\/p>\n<\/div><\/section><\/div><div  style='height:50px' class='hr hr-invisible   avia-builder-el-6  el_after_av_one_full  el_before_av_social_share '><span class='hr-inner ' ><span class='hr-inner-style'><\/span><\/span><\/div><\/p>\n<div  class='av-social-sharing-box  avia-builder-el-7  el_after_av_hr  el_before_av_hr  '><div class='av-share-box'><h5 class='av-share-link-description av-no-toc '>Compartir esta noticia<\/h5><ul class='av-share-box-list noLightbox'><li class='av-share-link av-social-link-facebook' ><a target=\"_blank\" aria-label=\"Compartir en Facebook\" href='https:\/\/www.facebook.com\/sharer.php?u=https:\/\/radiorevelacionfm.cl\/?p=19510&#038;t=Daniela%20Garc%C3%ADa%2C%20la%20nueva%20cara%20visible%20del%20Hogar%20de%20Cristo%20en%20Ays%C3%A9n' aria-hidden='false' data-av_icon='\ue8f3' data-av_iconfont='entypo-fontello' title='' data-avia-related-tooltip='Compartir en Facebook' rel=\"noopener\"><span class='avia_hidden_link_text'>Compartir en Facebook<\/span><\/a><\/li><li class='av-share-link av-social-link-twitter' ><a target=\"_blank\" aria-label=\"Compartir en Twitter\" href='https:\/\/twitter.com\/share?text=Daniela%20Garc%C3%ADa%2C%20la%20nueva%20cara%20visible%20del%20Hogar%20de%20Cristo%20en%20Ays%C3%A9n&#038;url=https:\/\/radiorevelacionfm.cl\/?p=19510' aria-hidden='false' data-av_icon='\ue8f1' data-av_iconfont='entypo-fontello' title='' data-avia-related-tooltip='Compartir en Twitter' rel=\"noopener\"><span class='avia_hidden_link_text'>Compartir en Twitter<\/span><\/a><\/li><li class='av-share-link av-social-link-whatsapp' ><a target=\"_blank\" aria-label=\"Compartir en Whatsapp\" href='https:\/\/api.whatsapp.com\/send?text=https:\/\/radiorevelacionfm.cl\/?p=19510' aria-hidden='false' data-av_icon='\uf232' data-av_iconfont='entypo-fontello' title='' data-avia-related-tooltip='Compartir en Whatsapp' rel=\"noopener\"><span class='avia_hidden_link_text'>Compartir en Whatsapp<\/span><\/a><\/li><li class='av-share-link av-social-link-linkedin' ><a target=\"_blank\" aria-label=\"Compartir en LinkedIn\" href='https:\/\/linkedin.com\/shareArticle?mini=true&#038;title=Daniela%20Garc%C3%ADa%2C%20la%20nueva%20cara%20visible%20del%20Hogar%20de%20Cristo%20en%20Ays%C3%A9n&#038;url=https:\/\/radiorevelacionfm.cl\/?p=19510' aria-hidden='false' data-av_icon='\ue8fc' data-av_iconfont='entypo-fontello' title='' data-avia-related-tooltip='Compartir en LinkedIn' rel=\"noopener\"><span class='avia_hidden_link_text'>Compartir en LinkedIn<\/span><\/a><\/li><li class='av-share-link av-social-link-mail' ><a  aria-label=\"Compartir por correo\" href='mailto:?subject=Daniela%20Garc%C3%ADa%2C%20la%20nueva%20cara%20visible%20del%20Hogar%20de%20Cristo%20en%20Ays%C3%A9n&#038;body=https:\/\/radiorevelacionfm.cl\/?p=19510' aria-hidden='false' data-av_icon='\ue805' data-av_iconfont='entypo-fontello' title='' data-avia-related-tooltip='Compartir por correo'><span class='avia_hidden_link_text'>Compartir por correo<\/span><\/a><\/li><\/ul><\/div><\/div>\n<div  style='height:50px' class='hr hr-invisible   avia-builder-el-8  el_after_av_social_share  el_before_av_comments_list '><span class='hr-inner ' ><span class='hr-inner-style'><\/span><\/span><\/div>\n<div  class='av-buildercomment  av-blog-meta-html-info-disabled av-blog-meta-tag-disabled  '><\/div>\n","protected":false},"excerpt":{"rendered":"","protected":false},"author":1,"featured_media":19511,"comment_status":"open","ping_status":"open","sticky":false,"template":"","format":"standard","meta":{"footnotes":""},"categories":[50],"tags":[],"class_list":["post-19510","post","type-post","status-publish","format-standard","has-post-thumbnail","hentry","category-cartas-y-opinion"],"jetpack_featured_media_url":"https:\/\/radiorevelacionfm.cl\/wp-content\/uploads\/2022\/07\/AL7A9607_original1-1-1.jpg","_links":{"self":[{"href":"https:\/\/radiorevelacionfm.cl\/index.php?rest_route=\/wp\/v2\/posts\/19510","targetHints":{"allow":["GET"]}}],"collection":[{"href":"https:\/\/radiorevelacionfm.cl\/index.php?rest_route=\/wp\/v2\/posts"}],"about":[{"href":"https:\/\/radiorevelacionfm.cl\/index.php?rest_route=\/wp\/v2\/types\/post"}],"author":[{"embeddable":true,"href":"https:\/\/radiorevelacionfm.cl\/index.php?rest_route=\/wp\/v2\/users\/1"}],"replies":[{"embeddable":true,"href":"https:\/\/radiorevelacionfm.cl\/index.php?rest_route=%2Fwp%2Fv2%2Fcomments&post=19510"}],"version-history":[{"count":2,"href":"https:\/\/radiorevelacionfm.cl\/index.php?rest_route=\/wp\/v2\/posts\/19510\/revisions"}],"predecessor-version":[{"id":19546,"href":"https:\/\/radiorevelacionfm.cl\/index.php?rest_route=\/wp\/v2\/posts\/19510\/revisions\/19546"}],"wp:featuredmedia":[{"embeddable":true,"href":"https:\/\/radiorevelacionfm.cl\/index.php?rest_route=\/wp\/v2\/media\/19511"}],"wp:attachment":[{"href":"https:\/\/radiorevelacionfm.cl\/index.php?rest_route=%2Fwp%2Fv2%2Fmedia&parent=19510"}],"wp:term":[{"taxonomy":"category","embeddable":true,"href":"https:\/\/radiorevelacionfm.cl\/index.php?rest_route=%2Fwp%2Fv2%2Fcategories&post=19510"},{"taxonomy":"post_tag","embeddable":true,"href":"https:\/\/radiorevelacionfm.cl\/index.php?rest_route=%2Fwp%2Fv2%2Ftags&post=19510"}],"curies":[{"name":"wp","href":"https:\/\/api.w.org\/{rel}","templated":true}]}}