{"id":19506,"date":"2022-07-21T17:54:15","date_gmt":"2022-07-21T20:54:15","guid":{"rendered":"https:\/\/radiorevelacionfm.cl\/?p=19506"},"modified":"2022-07-21T17:54:15","modified_gmt":"2022-07-21T20:54:15","slug":"diputada-raphael-lamenta-pobreza-del-plan-de-emergencia-habitacional-para-aysen","status":"publish","type":"post","link":"https:\/\/radiorevelacionfm.cl\/?p=19506","title":{"rendered":"Diputada Raphael lamenta pobreza del Plan de Emergencia Habitacional para Ays\u00e9n"},"content":{"rendered":"<div class=\"flex_column av_one_full  flex_column_div av-zero-column-padding first  avia-builder-el-0  el_before_av_one_full  avia-builder-el-first  \" style='border-radius:0px; '><div  class='avia-image-container  av-styling-    avia-builder-el-1  avia-builder-el-no-sibling  avia-align-center '  itemprop=\"image\" itemscope=\"itemscope\" itemtype=\"https:\/\/schema.org\/ImageObject\"  ><div class='avia-image-container-inner'><div class='avia-image-overlay-wrap'><img decoding=\"async\" class='wp-image-19507 avia-img-lazy-loading-not-19507 avia_image' src=\"https:\/\/radiorevelacionfm.cl\/wp-content\/uploads\/2022\/07\/DIP-POR-VIVIENDAS2-1-1.jpg\" alt='' title='DIP POR VIVIENDAS2 (1) (1)' height=\"600\" width=\"900\"  itemprop=\"thumbnailUrl\" srcset=\"https:\/\/radiorevelacionfm.cl\/wp-content\/uploads\/2022\/07\/DIP-POR-VIVIENDAS2-1-1.jpg 900w, https:\/\/radiorevelacionfm.cl\/wp-content\/uploads\/2022\/07\/DIP-POR-VIVIENDAS2-1-1-300x200.jpg 300w, https:\/\/radiorevelacionfm.cl\/wp-content\/uploads\/2022\/07\/DIP-POR-VIVIENDAS2-1-1-768x512.jpg 768w, https:\/\/radiorevelacionfm.cl\/wp-content\/uploads\/2022\/07\/DIP-POR-VIVIENDAS2-1-1-705x470.jpg 705w, https:\/\/radiorevelacionfm.cl\/wp-content\/uploads\/2022\/07\/DIP-POR-VIVIENDAS2-1-1-600x400.jpg 600w\" sizes=\"(max-width: 900px) 100vw, 900px\" \/><\/div><\/div><\/div><\/div><div class=\"flex_column av_one_full  flex_column_div av-zero-column-padding first  avia-builder-el-2  el_after_av_one_full  el_before_av_one_full  column-top-margin\" style='border-radius:0px; '><section class=\"av_textblock_section \"  itemscope=\"itemscope\" itemtype=\"https:\/\/schema.org\/BlogPosting\" itemprop=\"blogPost\" ><div class='avia_textblock  '   itemprop=\"text\" ><p style=\"text-align: center;\"><span style=\"font-size: 18pt;\"><strong>Diputada Raphael lamenta pobreza del Plan de Emergencia Habitacional para Ays\u00e9n <\/strong><\/span><\/p>\n<div id=\"gtx-trans\" style=\"position: absolute; left: -50px; top: 4.31534px;\">\n<div class=\"gtx-trans-icon\"><\/div>\n<\/div>\n<\/div><\/section><\/div><div class=\"flex_column av_one_full  flex_column_div av-zero-column-padding first  avia-builder-el-4  el_after_av_one_full  el_before_av_hr  column-top-margin\" style='border-radius:0px; '><section class=\"av_textblock_section \"  itemscope=\"itemscope\" itemtype=\"https:\/\/schema.org\/BlogPosting\" itemprop=\"blogPost\" ><div class='avia_textblock  '   itemprop=\"text\" ><p style=\"text-align: justify;\">Frente al anunci\u00f3 gubernamental con el Plan de Emergencia Habitacional se cit\u00f3 en sesi\u00f3n especial de la C\u00e1mara de Diputados para abordar el grave d\u00e9ficit habitacional que afecta al pa\u00eds y las actuales y futuras \u00a0pol\u00edticas que implementar\u00e1 el Gobierno para mejorar el acceso a la vivienda, para lo que la Diputada Raphael, integrante de la comisi\u00f3n de vivienda de la corporaci\u00f3n, intervino entregando sugerencias, adem\u00e1s de expresar sus inquietudes frente a la propuesta de arriendo para la clase media y sectores m\u00e1s vulnerables del pa\u00eds.<\/p>\n<p style=\"text-align: justify;\">En relaci\u00f3n a lo argumentado por la legisladora dio a conocer la situaci\u00f3n actual en la regi\u00f3n de Ays\u00e9n, la que presenta un d\u00e9ficit habitacional de 5.943 viviendas, citando la propuesta del gobierno que considera dentro de su programa una meta de 1.239 viviendas. \u201cEsta cifra entregada por el gobierno, considera las 694 obras que ya est\u00e1n en ejecuci\u00f3n, por tanto la meta del gobierno es de 599 viviendas adicionales y no de 1.239 nuevas construcciones durante su mandato, desconoci\u00e9ndose cuantas de esas 599 ser\u00e1n para su pol\u00edtica de arriendo\u201d, puntualiz\u00f3 la Diputada Raphael.<\/p>\n<p style=\"text-align: justify;\">As\u00ed mismo, dentro de su intervenci\u00f3n dio a conocer los problemas de los distintos comit\u00e9s habitacionales de la regi\u00f3n, citando a los conjuntos Chacras G1 y G2 de la comuna de Coyhaique, que ya cuentan con terrenos liberados y disponibles de una superficie de 72 hect\u00e1reas y que los proyectos actuales contemplan 2.154 soluciones habitacionales.<\/p>\n<p style=\"text-align: justify;\">En su intervenci\u00f3n, la Diputada tambi\u00e9n hizo menci\u00f3n a localidades como Puerto Ays\u00e9n, Tortel, Cochrane, Puerto Tranquilo, R\u00edo Ib\u00e1\u00f1ez, Puerto Cisnes, \u00d1irehuao o Amengual, esta ultima peque\u00f1a localidad, donde el comit\u00e9 habitacional lleva esperando m\u00e1s de 30 a\u00f1os por una vivienda propia.<\/p>\n<p style=\"text-align: justify;\"><strong>Propuestas <\/strong><\/p>\n<p style=\"text-align: justify;\">Junto con dar a conocer la presente realidad de los comit\u00e9s habitacionales de la regi\u00f3n, la Diputada entreg\u00f3 al ministro Montes, una serie de propuestas para poder avanzar en mejoras habitacionales para las familias de clase media y vulnerables del pa\u00eds, las que tienen que ver con: 1. Generar con rapidez el traspaso de terreno de Bienes Nacionales ya identificado y solicitado por Serviu para Comit\u00e9s Habitacionales que teniendo su terreno pueden comenzar a generar sus proyectos.\u00a02. Darle celeridad a la compra de terrenos a particulares por parte del Serviu, para comit\u00e9s habitacionales que por largo tiempo han estado en b\u00fasqueda de terrenos y hoy que los han encontrado, s\u00f3lo est\u00e1n a la espera de este proceso del Serviu.\u00a03. Que el Ministerio de Vivienda permita que la Chacra G se aborde por las Entidades Patrocinante por Proyectos, respetando el Plan Urbano Habitacional. Esto permitir\u00e1 acortar los tiempos de espera para las 1.014 familias que pertenecen a estos Comit\u00e9s Habitacionales.<\/p>\n<p style=\"text-align: justify;\">Finalmente, la legisladora enfatiz\u00f3 \u201cSi bien aqu\u00ed se est\u00e1 abordando la problem\u00e1tica habitacional con una propuesta algo innovadora al consagrar el derecho a la vivienda digna y adecuada a nivel constitucional en Chile, esto no responde a los problemas y demandas que tienen cientos de chilenos: que es contar con una propiedad, con una seguridad econ\u00f3mica y con la posibilidad de heredarla a sus hijos. Se est\u00e1 jugando con las necesidades y expectativas de la gente\u201d.<\/p>\n<\/div><\/section><\/div><div  style='height:50px' class='hr hr-invisible   avia-builder-el-6  el_after_av_one_full  el_before_av_social_share '><span class='hr-inner ' ><span class='hr-inner-style'><\/span><\/span><\/div><\/p>\n<div  class='av-social-sharing-box  avia-builder-el-7  el_after_av_hr  el_before_av_hr  '><div class='av-share-box'><h5 class='av-share-link-description av-no-toc '>Compartir esta noticia<\/h5><ul class='av-share-box-list noLightbox'><li class='av-share-link av-social-link-facebook' ><a target=\"_blank\" aria-label=\"Compartir en Facebook\" href='https:\/\/www.facebook.com\/sharer.php?u=https:\/\/radiorevelacionfm.cl\/?p=19506&#038;t=Diputada%20Raphael%20lamenta%20pobreza%20del%20Plan%20de%20Emergencia%20Habitacional%20para%20Ays%C3%A9n' aria-hidden='false' data-av_icon='\ue8f3' data-av_iconfont='entypo-fontello' title='' data-avia-related-tooltip='Compartir en Facebook' rel=\"noopener\"><span class='avia_hidden_link_text'>Compartir en Facebook<\/span><\/a><\/li><li class='av-share-link av-social-link-twitter' ><a target=\"_blank\" aria-label=\"Compartir en Twitter\" href='https:\/\/twitter.com\/share?text=Diputada%20Raphael%20lamenta%20pobreza%20del%20Plan%20de%20Emergencia%20Habitacional%20para%20Ays%C3%A9n&#038;url=https:\/\/radiorevelacionfm.cl\/?p=19506' aria-hidden='false' data-av_icon='\ue8f1' data-av_iconfont='entypo-fontello' title='' data-avia-related-tooltip='Compartir en Twitter' rel=\"noopener\"><span class='avia_hidden_link_text'>Compartir en Twitter<\/span><\/a><\/li><li class='av-share-link av-social-link-whatsapp' ><a target=\"_blank\" aria-label=\"Compartir en Whatsapp\" href='https:\/\/api.whatsapp.com\/send?text=https:\/\/radiorevelacionfm.cl\/?p=19506' aria-hidden='false' data-av_icon='\uf232' data-av_iconfont='entypo-fontello' title='' data-avia-related-tooltip='Compartir en Whatsapp' rel=\"noopener\"><span class='avia_hidden_link_text'>Compartir en Whatsapp<\/span><\/a><\/li><li class='av-share-link av-social-link-linkedin' ><a target=\"_blank\" aria-label=\"Compartir en LinkedIn\" href='https:\/\/linkedin.com\/shareArticle?mini=true&#038;title=Diputada%20Raphael%20lamenta%20pobreza%20del%20Plan%20de%20Emergencia%20Habitacional%20para%20Ays%C3%A9n&#038;url=https:\/\/radiorevelacionfm.cl\/?p=19506' aria-hidden='false' data-av_icon='\ue8fc' data-av_iconfont='entypo-fontello' title='' data-avia-related-tooltip='Compartir en LinkedIn' rel=\"noopener\"><span class='avia_hidden_link_text'>Compartir en LinkedIn<\/span><\/a><\/li><li class='av-share-link av-social-link-mail' ><a  aria-label=\"Compartir por correo\" href='mailto:?subject=Diputada%20Raphael%20lamenta%20pobreza%20del%20Plan%20de%20Emergencia%20Habitacional%20para%20Ays%C3%A9n&#038;body=https:\/\/radiorevelacionfm.cl\/?p=19506' aria-hidden='false' data-av_icon='\ue805' data-av_iconfont='entypo-fontello' title='' data-avia-related-tooltip='Compartir por correo'><span class='avia_hidden_link_text'>Compartir por correo<\/span><\/a><\/li><\/ul><\/div><\/div>\n<div  style='height:50px' class='hr hr-invisible   avia-builder-el-8  el_after_av_social_share  el_before_av_comments_list '><span class='hr-inner ' ><span class='hr-inner-style'><\/span><\/span><\/div>\n<div  class='av-buildercomment  av-blog-meta-html-info-disabled av-blog-meta-tag-disabled  '><\/div>\n","protected":false},"excerpt":{"rendered":"","protected":false},"author":1,"featured_media":19507,"comment_status":"open","ping_status":"open","sticky":false,"template":"","format":"standard","meta":{"footnotes":""},"categories":[35],"tags":[],"class_list":["post-19506","post","type-post","status-publish","format-standard","has-post-thumbnail","hentry","category-politica"],"jetpack_featured_media_url":"https:\/\/radiorevelacionfm.cl\/wp-content\/uploads\/2022\/07\/DIP-POR-VIVIENDAS2-1-1.jpg","_links":{"self":[{"href":"https:\/\/radiorevelacionfm.cl\/index.php?rest_route=\/wp\/v2\/posts\/19506","targetHints":{"allow":["GET"]}}],"collection":[{"href":"https:\/\/radiorevelacionfm.cl\/index.php?rest_route=\/wp\/v2\/posts"}],"about":[{"href":"https:\/\/radiorevelacionfm.cl\/index.php?rest_route=\/wp\/v2\/types\/post"}],"author":[{"embeddable":true,"href":"https:\/\/radiorevelacionfm.cl\/index.php?rest_route=\/wp\/v2\/users\/1"}],"replies":[{"embeddable":true,"href":"https:\/\/radiorevelacionfm.cl\/index.php?rest_route=%2Fwp%2Fv2%2Fcomments&post=19506"}],"version-history":[{"count":2,"href":"https:\/\/radiorevelacionfm.cl\/index.php?rest_route=\/wp\/v2\/posts\/19506\/revisions"}],"predecessor-version":[{"id":19514,"href":"https:\/\/radiorevelacionfm.cl\/index.php?rest_route=\/wp\/v2\/posts\/19506\/revisions\/19514"}],"wp:featuredmedia":[{"embeddable":true,"href":"https:\/\/radiorevelacionfm.cl\/index.php?rest_route=\/wp\/v2\/media\/19507"}],"wp:attachment":[{"href":"https:\/\/radiorevelacionfm.cl\/index.php?rest_route=%2Fwp%2Fv2%2Fmedia&parent=19506"}],"wp:term":[{"taxonomy":"category","embeddable":true,"href":"https:\/\/radiorevelacionfm.cl\/index.php?rest_route=%2Fwp%2Fv2%2Fcategories&post=19506"},{"taxonomy":"post_tag","embeddable":true,"href":"https:\/\/radiorevelacionfm.cl\/index.php?rest_route=%2Fwp%2Fv2%2Ftags&post=19506"}],"curies":[{"name":"wp","href":"https:\/\/api.w.org\/{rel}","templated":true}]}}