{"id":1948,"date":"2021-01-20T10:26:06","date_gmt":"2021-01-20T13:26:06","guid":{"rendered":"https:\/\/radiorevelacionfm.cl\/?p=1948"},"modified":"2021-01-20T10:26:06","modified_gmt":"2021-01-20T13:26:06","slug":"amplian-plazo-para-postular-a-becas-laborales-y-lanza-nuevos-cursos-en-linea-mujer-digital-2021","status":"publish","type":"post","link":"https:\/\/radiorevelacionfm.cl\/?p=1948","title":{"rendered":"Ampl\u00edan plazo para postular a Becas Laborales y lanza nuevos cursos en l\u00ednea \u201cMujer Digital 2021\u201d"},"content":{"rendered":"<div class=\"flex_column av_one_full  flex_column_div av-zero-column-padding first  avia-builder-el-0  el_before_av_one_full  avia-builder-el-first  \" style='border-radius:0px; '><div  class='avia-image-container  av-styling-    avia-builder-el-1  avia-builder-el-no-sibling  avia-align-center '  itemprop=\"image\" itemscope=\"itemscope\" itemtype=\"https:\/\/schema.org\/ImageObject\"  ><div class='avia-image-container-inner'><div class='avia-image-overlay-wrap'><img decoding=\"async\" class='wp-image-0 avia-img-lazy-loading-not-0 avia_image' src=\"https:\/\/radiorevelacionfm.cl\/wp-content\/uploads\/2021\/01\/Seremi-y-Directora-1.jpeg\" alt='' title=''   itemprop=\"thumbnailUrl\"  \/><\/div><\/div><\/div><\/div><div class=\"flex_column av_one_full  flex_column_div av-zero-column-padding first  avia-builder-el-2  el_after_av_one_full  el_before_av_one_full  column-top-margin\" style='border-radius:0px; '><section class=\"av_textblock_section \"  itemscope=\"itemscope\" itemtype=\"https:\/\/schema.org\/BlogPosting\" itemprop=\"blogPost\" ><div class='avia_textblock  '   itemprop=\"text\" ><p style=\"text-align: center;\"><span style=\"font-size: 18pt;\"><strong>Ampl\u00edan plazo para postular a Becas Laborales y lanza nuevos cursos en l\u00ednea \u201cMujer Digital 2021\u201d<\/strong><\/span><\/p>\n<div id=\"gtx-trans\" style=\"position: absolute; left: -50px; top: 4.31534px;\">\n<div class=\"gtx-trans-icon\"><\/div>\n<\/div>\n<\/div><\/section><\/div><\/p>\n<div class=\"flex_column av_one_full  flex_column_div av-zero-column-padding first  avia-builder-el-4  el_after_av_one_full  el_before_av_hr  column-top-margin\" style='border-radius:0px; '><section class=\"av_textblock_section \"  itemscope=\"itemscope\" itemtype=\"https:\/\/schema.org\/BlogPosting\" itemprop=\"blogPost\" ><div class='avia_textblock  '   itemprop=\"text\" ><p style=\"text-align: justify;\"><em>Ambas iniciativas buscan mejorar las competencias de empleabilidad, a trav\u00e9s de la capacitaci\u00f3n.<\/em><\/p>\n<p style=\"text-align: justify;\"><em>Las autoridades invitaron a informarse de estos programas de Sence y del Subsidio al Empleo, entre otros, a trav\u00e9s de un Facebook live que se realizar\u00e1 el jueves a las 17:00 a trav\u00e9s del Facebook MintrabAys\u00e9n.<\/em><\/p>\n<p style=\"text-align: justify;\">Como una forma de mejorar las condiciones de empleabilidad de las personas m\u00e1s vulnerables del pa\u00eds, Sence ampli\u00f3 el plazo para postular a los fondos concursables de Becas Laborales 2021 hasta el 16 de febrero del presente a\u00f1o, el que originalmente finalizaba el 17 del mes en curso. A este programa pueden postular Fundaciones, Corporaciones, Cooperativas, Asociaciones Ind\u00edgenas, Comunidades Ind\u00edgenas, Asociaciones Gremiales, Organizaciones Sindicales y Municipios.<\/p>\n<p style=\"text-align: justify;\">Adicionalmente, hace unos d\u00edas, en una ceremonia que cont\u00f3 con la presencia de la Ministra del Trabajo, fue lanzado el programa Mujer Digital 2021, en el que se pondr\u00e1n a disposici\u00f3n 59 cursos en l\u00ednea gratuitos, gracias a las alianzas que Sence posee con Fundaci\u00f3n Movistar Telef\u00f3nica, Fundaci\u00f3n Carlos Slim, eClass y Microsoft.<\/p>\n<p style=\"text-align: justify;\">El objetivo de esta iniciativa es entregar competencias que ayuden a mejorar las opciones de empleabilidad, a trav\u00e9s de capacitaciones en l\u00ednea en algunas \u00e1reas que hoy son relevantes para el mundo laboral, de las cuales, se han enfocado en cinco las \u00e1reas que componen la estructura de este programa: Tecnolog\u00eda de la Informaci\u00f3n; Emprendimiento, Idiomas; Deberes, Derechos e Inclusi\u00f3n y Habilidades para el Siglo XXI.<\/p>\n<p style=\"text-align: justify;\">As\u00ed lo destac\u00f3 la Directora Regional del Sence Ays\u00e9n, Katherine Kingma, quien invit\u00f3 a quienes est\u00e9n interesados en capacitarse a ingresar a <a href=\"http:\/\/www.sence.cl\">www.sence.cl<\/a> para conocer la oferta program\u00e1tica \u201cComo servicio desde el primer d\u00eda de pandemia hemos estado trabajando para poder continuar entregando capacitaci\u00f3n a nuestros usuarios y usuarios, es por eso que el a\u00f1o pasado se lanz\u00f3 el programa Mujer Digital y que ahora se renueva con 59 cursos, enfocados en cinco \u00e1reas. Tambi\u00e9n se\u00f1alar que hemos aumentado el plazo para postular al programa Becas Laborales en casi un mes m\u00e1s, esto sin duda es una ayuda a quienes que por distintos motivos no alcanzaron a postular o necesitaban m\u00e1s tiempo para hacerlo. Recordarles que toda esta informaci\u00f3n est\u00e1 en nuestro web sence.cl\u201d se\u00f1al\u00f3<\/p>\n<p style=\"text-align: justify;\">Por su parte, la Seremi (s) de la Mujer y Equidad de G\u00e9nero Tatiana Fontecha Borquez destac\u00f3 el importante rol que juegan las mujeres en el mercado laboral del pa\u00eds. \u201cDebemos recordar que el a\u00f1o reci\u00e9n pasado fue un momento especialmente sensible para muchas jefas de hogar que vieron afectadas sus fuentes laborales. Por esto, las herramientas que nuestro Gobierno pone a disposici\u00f3n a trav\u00e9s de Sence son una gran oportunidad de actualizaci\u00f3n y desarrollo que permite a las mujeres ayseninas seguir creciendo y acceder a un mundo de conocimientos, que les brinden m\u00e1s y mejores oportunidades de trabajo. La seremi Fontecha concluy\u00f3 invitando\u00a0a todas las mujeres ayseninas a inscribirse, atreverse y ser parte de esta gran oportunidad, \u201cque sin duda contribuir\u00e1 a la activaci\u00f3n de la econom\u00eda, con rostro de mujer.\u00bb<\/p>\n<p style=\"text-align: justify;\">Finalmente, Andrea Ponce, Seremi del Trabajo y Previsi\u00f3n Social de Ays\u00e9n, hizo un llamado a aprovechar estas herramientas que van directamente al apoyo en el \u00e1mbito laboral, indicando, \u201cEl Ministerio del Trabajo y Previsi\u00f3n Social, a trav\u00e9s de Sence, ha buscado ser un aliado estrat\u00e9gico para los trabajadores en esta \u00e9poca de pandemia, reforzando a\u00fan m\u00e1s las competencias y buscando entregar herramientas para el desarrollo de nuevas habilidades. Es muy importante que los trabajadores y los empleadores se informen, no s\u00f3lo de estos cursos en l\u00ednea gratuitos y de los programas como Becas Laborales, sino que tambi\u00e9n sobre otros importantes subsidios, como el nuevo subsidio Protege, el Subsidio Al Empleo, Bono al trabajo de la Mujer y Subsidio Al Empleo Joven\u201d a\u00f1adiendo, \u201cpara ello los invitamos a un nuevo facebook live que realizaremos con Sence, para informar a la comunidad y contestar todas las preguntas que tienen, este jueves 21 de enero, a las 17:00 a trav\u00e9s del Facebook de MintrabAys\u00e9n\u201d, coment\u00f3.<\/p>\n<p style=\"text-align: justify;\">Para mayor informaci\u00f3n, se puede acceder al sitio web www.sence.cl o ingresando a <a href=\"https:\/\/sence.gob.cl\/organismos\/becas-laborales\">https:\/\/sence.gob.cl\/organismos\/becas-laborales<\/a>. Para realizar consultas sobre el proceso de postulaci\u00f3n al programa becas laborales, estas se pueden hacer llegar al mail fondobecaslab@sence.cl.<\/p>\n<\/div><\/section><\/div>\n<div  style='height:50px' class='hr hr-invisible   avia-builder-el-6  el_after_av_one_full  el_before_av_social_share '><span class='hr-inner ' ><span class='hr-inner-style'><\/span><\/span><\/div>\n<div  class='av-social-sharing-box  avia-builder-el-7  el_after_av_hr  el_before_av_hr  '><div class='av-share-box'><h5 class='av-share-link-description av-no-toc '>Compartir esta noticia<\/h5><ul class='av-share-box-list noLightbox'><li class='av-share-link av-social-link-facebook' ><a target=\"_blank\" aria-label=\"Compartir en Facebook\" href='https:\/\/www.facebook.com\/sharer.php?u=https:\/\/radiorevelacionfm.cl\/?p=1948&#038;t=Ampl%C3%ADan%20plazo%20para%20postular%20a%20Becas%20Laborales%20y%20lanza%20nuevos%20cursos%20en%20l%C3%ADnea%20%E2%80%9CMujer%20Digital%202021%E2%80%9D' aria-hidden='false' data-av_icon='\ue8f3' data-av_iconfont='entypo-fontello' title='' data-avia-related-tooltip='Compartir en Facebook' rel=\"noopener\"><span class='avia_hidden_link_text'>Compartir en Facebook<\/span><\/a><\/li><li class='av-share-link av-social-link-twitter' ><a target=\"_blank\" aria-label=\"Compartir en Twitter\" href='https:\/\/twitter.com\/share?text=Ampl%C3%ADan%20plazo%20para%20postular%20a%20Becas%20Laborales%20y%20lanza%20nuevos%20cursos%20en%20l%C3%ADnea%20%E2%80%9CMujer%20Digital%202021%E2%80%9D&#038;url=https:\/\/radiorevelacionfm.cl\/?p=1948' aria-hidden='false' data-av_icon='\ue8f1' data-av_iconfont='entypo-fontello' title='' data-avia-related-tooltip='Compartir en Twitter' rel=\"noopener\"><span class='avia_hidden_link_text'>Compartir en Twitter<\/span><\/a><\/li><li class='av-share-link av-social-link-whatsapp' ><a target=\"_blank\" aria-label=\"Compartir en Whatsapp\" href='https:\/\/api.whatsapp.com\/send?text=https:\/\/radiorevelacionfm.cl\/?p=1948' aria-hidden='false' data-av_icon='\uf232' data-av_iconfont='entypo-fontello' title='' data-avia-related-tooltip='Compartir en Whatsapp' rel=\"noopener\"><span class='avia_hidden_link_text'>Compartir en Whatsapp<\/span><\/a><\/li><li class='av-share-link av-social-link-linkedin' ><a target=\"_blank\" aria-label=\"Compartir en LinkedIn\" href='https:\/\/linkedin.com\/shareArticle?mini=true&#038;title=Ampl%C3%ADan%20plazo%20para%20postular%20a%20Becas%20Laborales%20y%20lanza%20nuevos%20cursos%20en%20l%C3%ADnea%20%E2%80%9CMujer%20Digital%202021%E2%80%9D&#038;url=https:\/\/radiorevelacionfm.cl\/?p=1948' aria-hidden='false' data-av_icon='\ue8fc' data-av_iconfont='entypo-fontello' title='' data-avia-related-tooltip='Compartir en LinkedIn' rel=\"noopener\"><span class='avia_hidden_link_text'>Compartir en LinkedIn<\/span><\/a><\/li><li class='av-share-link av-social-link-mail' ><a  aria-label=\"Compartir por correo\" href='mailto:?subject=Ampl%C3%ADan%20plazo%20para%20postular%20a%20Becas%20Laborales%20y%20lanza%20nuevos%20cursos%20en%20l%C3%ADnea%20%E2%80%9CMujer%20Digital%202021%E2%80%9D&#038;body=https:\/\/radiorevelacionfm.cl\/?p=1948' aria-hidden='false' data-av_icon='\ue805' data-av_iconfont='entypo-fontello' title='' data-avia-related-tooltip='Compartir por correo'><span class='avia_hidden_link_text'>Compartir por correo<\/span><\/a><\/li><\/ul><\/div><\/div>\n<div  style='height:50px' class='hr hr-invisible   avia-builder-el-8  el_after_av_social_share  el_before_av_comments_list '><span class='hr-inner ' ><span class='hr-inner-style'><\/span><\/span><\/div>\n<div  class='av-buildercomment  av-blog-meta-html-info-disabled av-blog-meta-tag-disabled  '><\/div>\n","protected":false},"excerpt":{"rendered":"","protected":false},"author":1,"featured_media":0,"comment_status":"open","ping_status":"open","sticky":false,"template":"","format":"standard","meta":{"footnotes":""},"categories":[38],"tags":[],"class_list":["post-1948","post","type-post","status-publish","format-standard","hentry","category-regional"],"jetpack_featured_media_url":"","_links":{"self":[{"href":"https:\/\/radiorevelacionfm.cl\/index.php?rest_route=\/wp\/v2\/posts\/1948","targetHints":{"allow":["GET"]}}],"collection":[{"href":"https:\/\/radiorevelacionfm.cl\/index.php?rest_route=\/wp\/v2\/posts"}],"about":[{"href":"https:\/\/radiorevelacionfm.cl\/index.php?rest_route=\/wp\/v2\/types\/post"}],"author":[{"embeddable":true,"href":"https:\/\/radiorevelacionfm.cl\/index.php?rest_route=\/wp\/v2\/users\/1"}],"replies":[{"embeddable":true,"href":"https:\/\/radiorevelacionfm.cl\/index.php?rest_route=%2Fwp%2Fv2%2Fcomments&post=1948"}],"version-history":[{"count":2,"href":"https:\/\/radiorevelacionfm.cl\/index.php?rest_route=\/wp\/v2\/posts\/1948\/revisions"}],"predecessor-version":[{"id":1955,"href":"https:\/\/radiorevelacionfm.cl\/index.php?rest_route=\/wp\/v2\/posts\/1948\/revisions\/1955"}],"wp:attachment":[{"href":"https:\/\/radiorevelacionfm.cl\/index.php?rest_route=%2Fwp%2Fv2%2Fmedia&parent=1948"}],"wp:term":[{"taxonomy":"category","embeddable":true,"href":"https:\/\/radiorevelacionfm.cl\/index.php?rest_route=%2Fwp%2Fv2%2Fcategories&post=1948"},{"taxonomy":"post_tag","embeddable":true,"href":"https:\/\/radiorevelacionfm.cl\/index.php?rest_route=%2Fwp%2Fv2%2Ftags&post=1948"}],"curies":[{"name":"wp","href":"https:\/\/api.w.org\/{rel}","templated":true}]}}