{"id":19408,"date":"2022-07-19T18:45:51","date_gmt":"2022-07-19T21:45:51","guid":{"rendered":"https:\/\/radiorevelacionfm.cl\/?p=19408"},"modified":"2022-07-19T18:45:51","modified_gmt":"2022-07-19T21:45:51","slug":"con-taller-practico-continuara-proyecto-educacion-ambiental-para-el-desarrollo-de-compostaje-en-puerto-guadal","status":"publish","type":"post","link":"https:\/\/radiorevelacionfm.cl\/?p=19408","title":{"rendered":"Con taller pr\u00e1ctico continuar\u00e1 proyecto \u00abEducaci\u00f3n ambiental para el desarrollo de compostaje\u00bb en Puerto Guadal"},"content":{"rendered":"<div class=\"flex_column av_one_full  flex_column_div av-zero-column-padding first  avia-builder-el-0  el_before_av_one_full  avia-builder-el-first  \" style='border-radius:0px; '><div  class='avia-image-container  av-styling-    avia-builder-el-1  avia-builder-el-no-sibling  avia-align-center '  itemprop=\"image\" itemscope=\"itemscope\" itemtype=\"https:\/\/schema.org\/ImageObject\"  ><div class='avia-image-container-inner'><div class='avia-image-overlay-wrap'><img decoding=\"async\" class='wp-image-19411 avia-img-lazy-loading-not-19411 avia_image' src=\"https:\/\/radiorevelacionfm.cl\/wp-content\/uploads\/2022\/07\/image-62_optimized.jpg\" alt='' title='image-(62)_optimized' height=\"600\" width=\"910\"  itemprop=\"thumbnailUrl\" srcset=\"https:\/\/radiorevelacionfm.cl\/wp-content\/uploads\/2022\/07\/image-62_optimized.jpg 910w, https:\/\/radiorevelacionfm.cl\/wp-content\/uploads\/2022\/07\/image-62_optimized-300x198.jpg 300w, https:\/\/radiorevelacionfm.cl\/wp-content\/uploads\/2022\/07\/image-62_optimized-768x506.jpg 768w, https:\/\/radiorevelacionfm.cl\/wp-content\/uploads\/2022\/07\/image-62_optimized-705x465.jpg 705w, https:\/\/radiorevelacionfm.cl\/wp-content\/uploads\/2022\/07\/image-62_optimized-600x396.jpg 600w\" sizes=\"(max-width: 910px) 100vw, 910px\" \/><\/div><\/div><\/div><\/div><div class=\"flex_column av_one_full  flex_column_div av-zero-column-padding first  avia-builder-el-2  el_after_av_one_full  el_before_av_one_full  column-top-margin\" style='border-radius:0px; '><section class=\"av_textblock_section \"  itemscope=\"itemscope\" itemtype=\"https:\/\/schema.org\/BlogPosting\" itemprop=\"blogPost\" ><div class='avia_textblock  '   itemprop=\"text\" ><p style=\"text-align: center;\"><strong><span style=\"font-size: 18pt;\">Con taller pr\u00e1ctico continuar\u00e1 proyecto \u00abEducaci\u00f3n ambiental para el desarrollo de compostaje\u00bb en Puerto Guadal<\/span><\/strong><\/p>\n<div id=\"gtx-trans\" style=\"position: absolute; left: -50px; top: 4.31534px;\">\n<div class=\"gtx-trans-icon\"><\/div>\n<\/div>\n<\/div><\/section><\/div><\/p>\n<div class=\"flex_column av_one_full  flex_column_div av-zero-column-padding first  avia-builder-el-4  el_after_av_one_full  el_before_av_hr  column-top-margin\" style='border-radius:0px; '><section class=\"av_textblock_section \"  itemscope=\"itemscope\" itemtype=\"https:\/\/schema.org\/BlogPosting\" itemprop=\"blogPost\" ><div class='avia_textblock  '   itemprop=\"text\" ><p class=\"v1MsoNormal\" style=\"text-align: justify;\"><span lang=\"ES\">Con un taller pr<\/span><span lang=\"X-NONE\">\u00e1ctico sobre el impacto de la materia org\u00e1nica<span class=\"v1gmail-Apple-converted-space\">\u00a0<\/span><\/span><span lang=\"ES\">sobre suelo continuar<\/span><span lang=\"X-NONE\">\u00e1 el pr\u00f3ximo s\u00e1bado 23 de julio el proyecto<span class=\"v1gmail-Apple-converted-space\">\u00a0<\/span><\/span><span lang=\"ES\">\u00abEducaci\u00f3n ambiental para el desarrollo de compostaje en Puerto Guadal\u00bb, ejecutado por la AG de Peque\u00f1os Agricultores y Ganaderos de la localidad. La iniciativa, de un costo total de $ 8,3 millones, es financiada con recursos del 7 % del FNDR del Gobierno Regional de Ays\u00e9n y cuenta con el apoyo t\u00e9cnico de profesionales de Servicio Pa\u00eds.<\/span><\/p>\n<p class=\"v1MsoNormal\" style=\"text-align: justify;\"><span lang=\"ES\">La primera clase expositiva, dirigida a p<\/span><span lang=\"X-NONE\">\u00fablico en general con m\u00f3dulos especiales para ni\u00f1os y ni\u00f1as, se inici\u00f3 el jueves 14 de julio en la sede comunitaria de la comunidad, para lo cual se cuenta con el respaldo de la municipalidad de Chile Chico. Ese d\u00eda el ingeniero agr\u00f3nomo y coordinador del proyecto, Eduardo Poblete Foxon, explic\u00f3 la historia ambiental y agr\u00edcola de la regi\u00f3n, as\u00ed como aspectos relacionados con los ciclos h\u00eddricos y biol\u00f3gicos, que permiten la vida en la naturaleza y la producci\u00f3n de alimentos. Rosario Carabias Cuevas, tambi\u00e9n ingeniero agr\u00f3noma, trabaj\u00f3 con los ni\u00f1os participantes.<\/span><\/p>\n<p class=\"v1MsoNormal\" style=\"text-align: justify;\"><span lang=\"ES\">El proyecto contempla talleres para explicar aspectos t\u00e9cnicos sobre los fen\u00f3menos naturales vinculados al reciclaje de los nutrientes en el suelo, junto con su importancia para los ecosistemas y los servicios ecol\u00f3gicos.\u00a0<span class=\"v1gmail-Apple-converted-space\">\u00a0<\/span><\/span><\/p>\n<p class=\"v1MsoNormal\" style=\"text-align: justify;\"><span lang=\"ES\">Adem\u00e1s, incluye capacitar a familias mediante actividades piloto para construcci\u00f3n de composteras domiciliarias, en paralelo al uso de una chipeadora. Para esto se cuenta con el apoyo de la escuela local Libertador Bernardo O&#8217;Higgins Riquelme, a trav\u00e9s de su directora y cuerpo docente, con quienes se ha articulado la incorporaci\u00f3n de las familias de las y los alumnos al programa. Todo esto en sinton\u00eda con el sello de cuidado del medioambiente del establecimiento, que adem\u00e1s cuenta con certificaci\u00f3n de excelencia ambiental entregada por la cartera del ramo.<\/span><\/p>\n<p class=\"v1MsoNormal\" style=\"text-align: justify;\"><span lang=\"ES\">En forma complementaria, todos los viernes desde las 11 hrs. se transmite el programa \u00abCompostando en la Perla del Lago\u00bb, a trav<\/span><span lang=\"X-NONE\">\u00e9s de la radio local y el cual es conducido por la periodista Key Mu\u00f1oz. Adem\u00e1s,<span class=\"v1gmail-Apple-converted-space\">\u00a0<\/span><\/span><span lang=\"ES\">el proyecto cuenta con dise\u00f1ador, community manager, operario de la chipeadora que la asociaci<\/span><span lang=\"X-NONE\">\u00f3n gremial <a href=\"https:\/\/www.diarioregionalaysen.cl\/noticia\/agro-y-ganaderia\/2022\/06\/compost-comunitario-la-apuesta-de-la-agricultura-de-puerto-guadal\" target=\"_blank\" rel=\"noopener noreferrer\">adquiri\u00f3<\/a><span class=\"v1gmail-Apple-converted-space\">\u00a0<\/span>hace algunos meses<\/span><span lang=\"ES\"><span class=\"v1gmail-Apple-converted-space\">\u00a0<\/span>y un carpintero para el proceso de construcci<\/span><span lang=\"X-NONE\">\u00f3n de<\/span><span lang=\"X-NONE\"><span class=\"v1gmail-Apple-converted-space\">\u00a0<\/span><\/span><span lang=\"ES\">las composteras.<\/span><\/p>\n<p class=\"v1MsoNormal\" style=\"text-align: justify;\"><span lang=\"ES\">El objetivo final, instalar capacidades a mediano y largo plazo en materia de generaci\u00f3n de compost en un contexto de trabajo entre las comunidades local y escolar en pos de un objetivo com\u00fan: la sustentabilidad.<\/span><\/p>\n<p class=\"v1MsoNormal\" style=\"text-align: justify;\"><span lang=\"ES\">\u00abEl tema del suelo es fundamental para la regi<\/span><span lang=\"X-NONE\">\u00f3n, ya que ha sido uno de los grandes impactos que hist\u00f3ricamente la han golpeado. Ciertas pr\u00e1cticas de conservaci\u00f3n de suelo, producci\u00f3n de abono, de devolverle al suelo los nutrientes, es algo que podr\u00eda generar grandes beneficios a largo plazo y podr\u00eda transformarse en un \u00edcono en t\u00e9rminos de gesti\u00f3n de residuos org\u00e1nicos y producci\u00f3n vegetal, tanto para alimentaci\u00f3n como para regeneraci\u00f3n<\/span><span lang=\"X-NONE\">\u00bb se\u00f1al\u00f3 al respecto Eduardo Poblete.<\/span><\/p>\n<p class=\"v1MsoNormal\" style=\"text-align: justify;\"><span lang=\"X-NONE\">El profesional agreg\u00f3 que la iniciativa \u00abtambi\u00e9n es una gran oportunidad para comenzar a vincular ciertos elementos, como los aspectos curriculares oficiales del Ministerio de Educaci\u00f3n como complemento de la educaci\u00f3n formal y social de los ni\u00f1os.\u00a0Algo que es uno de los objetivos de este proyecto: comprender que tenemos que empujar todos para el mismo lado y que si nos conectamos colectivamente podemos lograr grandes cambios\u00bb.<span class=\"v1gmail-Apple-converted-space\">\u00a0<\/span><\/span><\/p>\n<\/div><\/section><\/div>\n<div  style='height:50px' class='hr hr-invisible   avia-builder-el-6  el_after_av_one_full  el_before_av_social_share '><span class='hr-inner ' ><span class='hr-inner-style'><\/span><\/span><\/div>\n<div  class='av-social-sharing-box  avia-builder-el-7  el_after_av_hr  el_before_av_hr  '><div class='av-share-box'><h5 class='av-share-link-description av-no-toc '>Compartir esta noticia<\/h5><ul class='av-share-box-list noLightbox'><li class='av-share-link av-social-link-facebook' ><a target=\"_blank\" aria-label=\"Compartir en Facebook\" href='https:\/\/www.facebook.com\/sharer.php?u=https:\/\/radiorevelacionfm.cl\/?p=19408&#038;t=Con%20taller%20pr%C3%A1ctico%20continuar%C3%A1%20proyecto%20%C2%ABEducaci%C3%B3n%20ambiental%20para%20el%20desarrollo%20de%20compostaje%C2%BB%20en%20Puerto%20Guadal' aria-hidden='false' data-av_icon='\ue8f3' data-av_iconfont='entypo-fontello' title='' data-avia-related-tooltip='Compartir en Facebook' rel=\"noopener\"><span class='avia_hidden_link_text'>Compartir en Facebook<\/span><\/a><\/li><li class='av-share-link av-social-link-twitter' ><a target=\"_blank\" aria-label=\"Compartir en Twitter\" href='https:\/\/twitter.com\/share?text=Con%20taller%20pr%C3%A1ctico%20continuar%C3%A1%20proyecto%20%C2%ABEducaci%C3%B3n%20ambiental%20para%20el%20desarrollo%20de%20compostaje%C2%BB%20en%20Puerto%20Guadal&#038;url=https:\/\/radiorevelacionfm.cl\/?p=19408' aria-hidden='false' data-av_icon='\ue8f1' data-av_iconfont='entypo-fontello' title='' data-avia-related-tooltip='Compartir en Twitter' rel=\"noopener\"><span class='avia_hidden_link_text'>Compartir en Twitter<\/span><\/a><\/li><li class='av-share-link av-social-link-whatsapp' ><a target=\"_blank\" aria-label=\"Compartir en Whatsapp\" href='https:\/\/api.whatsapp.com\/send?text=https:\/\/radiorevelacionfm.cl\/?p=19408' aria-hidden='false' data-av_icon='\uf232' data-av_iconfont='entypo-fontello' title='' data-avia-related-tooltip='Compartir en Whatsapp' rel=\"noopener\"><span class='avia_hidden_link_text'>Compartir en Whatsapp<\/span><\/a><\/li><li class='av-share-link av-social-link-linkedin' ><a target=\"_blank\" aria-label=\"Compartir en LinkedIn\" href='https:\/\/linkedin.com\/shareArticle?mini=true&#038;title=Con%20taller%20pr%C3%A1ctico%20continuar%C3%A1%20proyecto%20%C2%ABEducaci%C3%B3n%20ambiental%20para%20el%20desarrollo%20de%20compostaje%C2%BB%20en%20Puerto%20Guadal&#038;url=https:\/\/radiorevelacionfm.cl\/?p=19408' aria-hidden='false' data-av_icon='\ue8fc' data-av_iconfont='entypo-fontello' title='' data-avia-related-tooltip='Compartir en LinkedIn' rel=\"noopener\"><span class='avia_hidden_link_text'>Compartir en LinkedIn<\/span><\/a><\/li><li class='av-share-link av-social-link-mail' ><a  aria-label=\"Compartir por correo\" href='mailto:?subject=Con%20taller%20pr%C3%A1ctico%20continuar%C3%A1%20proyecto%20%C2%ABEducaci%C3%B3n%20ambiental%20para%20el%20desarrollo%20de%20compostaje%C2%BB%20en%20Puerto%20Guadal&#038;body=https:\/\/radiorevelacionfm.cl\/?p=19408' aria-hidden='false' data-av_icon='\ue805' data-av_iconfont='entypo-fontello' title='' data-avia-related-tooltip='Compartir por correo'><span class='avia_hidden_link_text'>Compartir por correo<\/span><\/a><\/li><\/ul><\/div><\/div>\n<div  style='height:50px' class='hr hr-invisible   avia-builder-el-8  el_after_av_social_share  el_before_av_comments_list '><span class='hr-inner ' ><span class='hr-inner-style'><\/span><\/span><\/div>\n<div  class='av-buildercomment  av-blog-meta-html-info-disabled av-blog-meta-tag-disabled  '><\/div>\n","protected":false},"excerpt":{"rendered":"","protected":false},"author":1,"featured_media":19411,"comment_status":"open","ping_status":"open","sticky":false,"template":"","format":"standard","meta":{"footnotes":""},"categories":[39],"tags":[],"class_list":["post-19408","post","type-post","status-publish","format-standard","has-post-thumbnail","hentry","category-medio-ambiente"],"jetpack_featured_media_url":"https:\/\/radiorevelacionfm.cl\/wp-content\/uploads\/2022\/07\/image-62_optimized.jpg","_links":{"self":[{"href":"https:\/\/radiorevelacionfm.cl\/index.php?rest_route=\/wp\/v2\/posts\/19408","targetHints":{"allow":["GET"]}}],"collection":[{"href":"https:\/\/radiorevelacionfm.cl\/index.php?rest_route=\/wp\/v2\/posts"}],"about":[{"href":"https:\/\/radiorevelacionfm.cl\/index.php?rest_route=\/wp\/v2\/types\/post"}],"author":[{"embeddable":true,"href":"https:\/\/radiorevelacionfm.cl\/index.php?rest_route=\/wp\/v2\/users\/1"}],"replies":[{"embeddable":true,"href":"https:\/\/radiorevelacionfm.cl\/index.php?rest_route=%2Fwp%2Fv2%2Fcomments&post=19408"}],"version-history":[{"count":3,"href":"https:\/\/radiorevelacionfm.cl\/index.php?rest_route=\/wp\/v2\/posts\/19408\/revisions"}],"predecessor-version":[{"id":19426,"href":"https:\/\/radiorevelacionfm.cl\/index.php?rest_route=\/wp\/v2\/posts\/19408\/revisions\/19426"}],"wp:featuredmedia":[{"embeddable":true,"href":"https:\/\/radiorevelacionfm.cl\/index.php?rest_route=\/wp\/v2\/media\/19411"}],"wp:attachment":[{"href":"https:\/\/radiorevelacionfm.cl\/index.php?rest_route=%2Fwp%2Fv2%2Fmedia&parent=19408"}],"wp:term":[{"taxonomy":"category","embeddable":true,"href":"https:\/\/radiorevelacionfm.cl\/index.php?rest_route=%2Fwp%2Fv2%2Fcategories&post=19408"},{"taxonomy":"post_tag","embeddable":true,"href":"https:\/\/radiorevelacionfm.cl\/index.php?rest_route=%2Fwp%2Fv2%2Ftags&post=19408"}],"curies":[{"name":"wp","href":"https:\/\/api.w.org\/{rel}","templated":true}]}}