{"id":19405,"date":"2022-07-19T16:01:27","date_gmt":"2022-07-19T19:01:27","guid":{"rendered":"https:\/\/radiorevelacionfm.cl\/?p=19405"},"modified":"2022-07-19T16:01:27","modified_gmt":"2022-07-19T19:01:27","slug":"senadora-ordenes-exige-solucion-definitiva-para-crisis-de-conectividad-del-lago-general-carrera-esto-no-da-para-mas","status":"publish","type":"post","link":"https:\/\/radiorevelacionfm.cl\/?p=19405","title":{"rendered":"Senadora \u00d3rdenes exige soluci\u00f3n definitiva para crisis de conectividad del Lago General Carrera \u201cesto no da para m\u00e1s\u201d"},"content":{"rendered":"<div class=\"flex_column av_one_full  flex_column_div av-zero-column-padding first  avia-builder-el-0  el_before_av_one_full  avia-builder-el-first  \" style='border-radius:0px; '><div  class='avia-image-container  av-styling-    avia-builder-el-1  avia-builder-el-no-sibling  avia-align-center '  itemprop=\"image\" itemscope=\"itemscope\" itemtype=\"https:\/\/schema.org\/ImageObject\"  ><div class='avia-image-container-inner'><div class='avia-image-overlay-wrap'><img decoding=\"async\" class='wp-image-19406 avia-img-lazy-loading-not-19406 avia_image' src=\"https:\/\/radiorevelacionfm.cl\/wp-content\/uploads\/2022\/07\/img_5609-1_optimized.jpg\" alt='' title='img_5609-(1)_optimized' height=\"600\" width=\"800\"  itemprop=\"thumbnailUrl\" srcset=\"https:\/\/radiorevelacionfm.cl\/wp-content\/uploads\/2022\/07\/img_5609-1_optimized.jpg 800w, https:\/\/radiorevelacionfm.cl\/wp-content\/uploads\/2022\/07\/img_5609-1_optimized-300x225.jpg 300w, https:\/\/radiorevelacionfm.cl\/wp-content\/uploads\/2022\/07\/img_5609-1_optimized-768x576.jpg 768w, https:\/\/radiorevelacionfm.cl\/wp-content\/uploads\/2022\/07\/img_5609-1_optimized-705x529.jpg 705w, https:\/\/radiorevelacionfm.cl\/wp-content\/uploads\/2022\/07\/img_5609-1_optimized-600x450.jpg 600w\" sizes=\"(max-width: 800px) 100vw, 800px\" \/><\/div><\/div><\/div><\/div><div class=\"flex_column av_one_full  flex_column_div av-zero-column-padding first  avia-builder-el-2  el_after_av_one_full  el_before_av_one_full  column-top-margin\" style='border-radius:0px; '><section class=\"av_textblock_section \"  itemscope=\"itemscope\" itemtype=\"https:\/\/schema.org\/BlogPosting\" itemprop=\"blogPost\" ><div class='avia_textblock  '   itemprop=\"text\" ><p style=\"text-align: center;\"><strong><span style=\"font-size: 18pt;\">Senadora \u00d3rdenes exige soluci\u00f3n definitiva para crisis de conectividad del Lago General Carrera \u201cesto no da para m\u00e1s\u201d<\/span><\/strong><\/p>\n<div id=\"gtx-trans\" style=\"position: absolute; left: -50px; top: 4.31534px;\">\n<div class=\"gtx-trans-icon\"><\/div>\n<\/div>\n<\/div><\/section><\/div><div class=\"flex_column av_one_full  flex_column_div av-zero-column-padding first  avia-builder-el-4  el_after_av_one_full  el_before_av_hr  column-top-margin\" style='border-radius:0px; '><section class=\"av_textblock_section \"  itemscope=\"itemscope\" itemtype=\"https:\/\/schema.org\/BlogPosting\" itemprop=\"blogPost\" ><div class='avia_textblock  '   itemprop=\"text\" ><p style=\"font-weight: 400; text-align: justify;\">Luego de una nueva reuni\u00f3n sostenida entre las y los parlamentarios de Ays\u00e9n con representantes sectoriales del Gobierno, la senadora Ximena Ordenes expres\u00f3 su \u201cpreocupaci\u00f3n de que se ponga en riesgo la vida y seguridad de las personas\u201d y se\u00f1al\u00f3 que \u201cno da para m\u00e1s\u201d la crisis de conectividad que afecta a la cuenca del Lago General Carrera y que obliga, incluso, a que los habitantes de Chile Chico deban trasladarse por territorio argentino para llegar hasta Coyhaique, poniendo en riesgo la integridad de los habitantes de la cuenca.<\/p>\n<p style=\"font-weight: 400; text-align: justify;\">En la reuni\u00f3n, los representantes del Ministerio de Obras P\u00fablicas y del Ministerio de Transportes entregaron detalles de la actualizaci\u00f3n del Plan de Contingencia para enfrentar la falla de las barcazas Tehuelche y Pilchero en el Lago General Carrera, entre las que destaca el aumento en la frecuencia de la barcaza Chelenko y de los viajes a\u00e9reos, as\u00ed como en el servicio terrestre por lado Argentino, entre Chile Chico y Coyhaique, as\u00ed como un servicio de bus entre Chile Chico e Iba\u00f1ez sobre la barcaza Chelenko.<\/p>\n<p style=\"font-weight: 400; text-align: justify;\">Asimismo, las autoridades de Gobierno informaron que se estudia la operaci\u00f3n de lanchas r\u00e1pidas y la utilizaci\u00f3n de una aeronave de mayor capacidad, mientras los parlamentarios reiteraron que la prioridad de transporte -por motivos de tiempo de traslado y seguridad- deber\u00eda priorizarse sobre la idea de una nueva nave para el Lago General Carrera.<\/p>\n<p style=\"font-weight: 400; text-align: justify;\">Sobre este punto, se inform\u00f3 que se iniciar\u00e1 el proceso para la reparaci\u00f3n de las naves Tehuelche y Pilchero, frente a lo que los parlamentarios recalcaron que se debe investigar y establecer las responsabilidades administrativas sobre la crisis de conectividad.<\/p>\n<p style=\"font-weight: 400; text-align: justify;\">La senadora Ordenes expres\u00f3 su \u201cpreocupaci\u00f3n frente a la crisis de conectividad del Lago General Carrera. Ha pasado mucho tiempo y el plan de contingencia establece nuevas medidas transitorias, pero, claramente, no son suficientes: son medidas parches para sortear una situaci\u00f3n que ha sido muy compleja y que implica riesgos para el tr\u00e1nsito y transporte de pasajeros desde Ib\u00e1\u00f1ez a Chile Chico\u201d.<\/p>\n<p style=\"font-weight: 400; text-align: justify;\">La senadora asegur\u00f3 que las medidas del plan de contingencia presentadas por el Gobierno son \u201cuna arista del tema, pero claramente, hoy d\u00eda tambi\u00e9n debemos tener claridad y certeza respecto de cu\u00e1ndo entra en funcionamiento la nave principal, la tehuelche. Exigimos que el Gobierno, a trav\u00e9s de las distintas autoridades pertinentes, primero investigue y se asuman responsabilidades administrativas respecto a todo lo que ha ocurrido en este en esta situaci\u00f3n\u201d.<\/p>\n<p style=\"font-weight: 400; text-align: justify;\">Ordenes exigi\u00f3 al Gobierno \u201cuna planificaci\u00f3n estrat\u00e9gica que contemple una soluci\u00f3n definitiva. Esto no da para m\u00e1s y tengo la preocupaci\u00f3n de que se ponga en riesgo la vida y seguridad de las personas\u201d.<\/p>\n<\/div><\/section><\/div><div  style='height:50px' class='hr hr-invisible   avia-builder-el-6  el_after_av_one_full  el_before_av_social_share '><span class='hr-inner ' ><span class='hr-inner-style'><\/span><\/span><\/div><\/p>\n<div  class='av-social-sharing-box  avia-builder-el-7  el_after_av_hr  el_before_av_hr  '><div class='av-share-box'><h5 class='av-share-link-description av-no-toc '>Compartir esta noticia<\/h5><ul class='av-share-box-list noLightbox'><li class='av-share-link av-social-link-facebook' ><a target=\"_blank\" aria-label=\"Compartir en Facebook\" href='https:\/\/www.facebook.com\/sharer.php?u=https:\/\/radiorevelacionfm.cl\/?p=19405&#038;t=Senadora%20%C3%93rdenes%20exige%20soluci%C3%B3n%20definitiva%20para%20crisis%20de%20conectividad%20del%20Lago%20General%20Carrera%20%E2%80%9Cesto%20no%20da%20para%20m%C3%A1s%E2%80%9D' aria-hidden='false' data-av_icon='\ue8f3' data-av_iconfont='entypo-fontello' title='' data-avia-related-tooltip='Compartir en Facebook' rel=\"noopener\"><span class='avia_hidden_link_text'>Compartir en Facebook<\/span><\/a><\/li><li class='av-share-link av-social-link-twitter' ><a target=\"_blank\" aria-label=\"Compartir en Twitter\" href='https:\/\/twitter.com\/share?text=Senadora%20%C3%93rdenes%20exige%20soluci%C3%B3n%20definitiva%20para%20crisis%20de%20conectividad%20del%20Lago%20General%20Carrera%20%E2%80%9Cesto%20no%20da%20para%20m%C3%A1s%E2%80%9D&#038;url=https:\/\/radiorevelacionfm.cl\/?p=19405' aria-hidden='false' data-av_icon='\ue8f1' data-av_iconfont='entypo-fontello' title='' data-avia-related-tooltip='Compartir en Twitter' rel=\"noopener\"><span class='avia_hidden_link_text'>Compartir en Twitter<\/span><\/a><\/li><li class='av-share-link av-social-link-whatsapp' ><a target=\"_blank\" aria-label=\"Compartir en Whatsapp\" href='https:\/\/api.whatsapp.com\/send?text=https:\/\/radiorevelacionfm.cl\/?p=19405' aria-hidden='false' data-av_icon='\uf232' data-av_iconfont='entypo-fontello' title='' data-avia-related-tooltip='Compartir en Whatsapp' rel=\"noopener\"><span class='avia_hidden_link_text'>Compartir en Whatsapp<\/span><\/a><\/li><li class='av-share-link av-social-link-linkedin' ><a target=\"_blank\" aria-label=\"Compartir en LinkedIn\" href='https:\/\/linkedin.com\/shareArticle?mini=true&#038;title=Senadora%20%C3%93rdenes%20exige%20soluci%C3%B3n%20definitiva%20para%20crisis%20de%20conectividad%20del%20Lago%20General%20Carrera%20%E2%80%9Cesto%20no%20da%20para%20m%C3%A1s%E2%80%9D&#038;url=https:\/\/radiorevelacionfm.cl\/?p=19405' aria-hidden='false' data-av_icon='\ue8fc' data-av_iconfont='entypo-fontello' title='' data-avia-related-tooltip='Compartir en LinkedIn' rel=\"noopener\"><span class='avia_hidden_link_text'>Compartir en LinkedIn<\/span><\/a><\/li><li class='av-share-link av-social-link-mail' ><a  aria-label=\"Compartir por correo\" href='mailto:?subject=Senadora%20%C3%93rdenes%20exige%20soluci%C3%B3n%20definitiva%20para%20crisis%20de%20conectividad%20del%20Lago%20General%20Carrera%20%E2%80%9Cesto%20no%20da%20para%20m%C3%A1s%E2%80%9D&#038;body=https:\/\/radiorevelacionfm.cl\/?p=19405' aria-hidden='false' data-av_icon='\ue805' data-av_iconfont='entypo-fontello' title='' data-avia-related-tooltip='Compartir por correo'><span class='avia_hidden_link_text'>Compartir por correo<\/span><\/a><\/li><\/ul><\/div><\/div>\n<div  style='height:50px' class='hr hr-invisible   avia-builder-el-8  el_after_av_social_share  el_before_av_comments_list '><span class='hr-inner ' ><span class='hr-inner-style'><\/span><\/span><\/div>\n<div  class='av-buildercomment  av-blog-meta-html-info-disabled av-blog-meta-tag-disabled  '><\/div>\n","protected":false},"excerpt":{"rendered":"","protected":false},"author":1,"featured_media":19406,"comment_status":"open","ping_status":"open","sticky":false,"template":"","format":"standard","meta":{"footnotes":""},"categories":[35],"tags":[],"class_list":["post-19405","post","type-post","status-publish","format-standard","has-post-thumbnail","hentry","category-politica"],"jetpack_featured_media_url":"https:\/\/radiorevelacionfm.cl\/wp-content\/uploads\/2022\/07\/img_5609-1_optimized.jpg","_links":{"self":[{"href":"https:\/\/radiorevelacionfm.cl\/index.php?rest_route=\/wp\/v2\/posts\/19405","targetHints":{"allow":["GET"]}}],"collection":[{"href":"https:\/\/radiorevelacionfm.cl\/index.php?rest_route=\/wp\/v2\/posts"}],"about":[{"href":"https:\/\/radiorevelacionfm.cl\/index.php?rest_route=\/wp\/v2\/types\/post"}],"author":[{"embeddable":true,"href":"https:\/\/radiorevelacionfm.cl\/index.php?rest_route=\/wp\/v2\/users\/1"}],"replies":[{"embeddable":true,"href":"https:\/\/radiorevelacionfm.cl\/index.php?rest_route=%2Fwp%2Fv2%2Fcomments&post=19405"}],"version-history":[{"count":2,"href":"https:\/\/radiorevelacionfm.cl\/index.php?rest_route=\/wp\/v2\/posts\/19405\/revisions"}],"predecessor-version":[{"id":19413,"href":"https:\/\/radiorevelacionfm.cl\/index.php?rest_route=\/wp\/v2\/posts\/19405\/revisions\/19413"}],"wp:featuredmedia":[{"embeddable":true,"href":"https:\/\/radiorevelacionfm.cl\/index.php?rest_route=\/wp\/v2\/media\/19406"}],"wp:attachment":[{"href":"https:\/\/radiorevelacionfm.cl\/index.php?rest_route=%2Fwp%2Fv2%2Fmedia&parent=19405"}],"wp:term":[{"taxonomy":"category","embeddable":true,"href":"https:\/\/radiorevelacionfm.cl\/index.php?rest_route=%2Fwp%2Fv2%2Fcategories&post=19405"},{"taxonomy":"post_tag","embeddable":true,"href":"https:\/\/radiorevelacionfm.cl\/index.php?rest_route=%2Fwp%2Fv2%2Ftags&post=19405"}],"curies":[{"name":"wp","href":"https:\/\/api.w.org\/{rel}","templated":true}]}}