{"id":19398,"date":"2022-07-19T13:23:42","date_gmt":"2022-07-19T16:23:42","guid":{"rendered":"https:\/\/radiorevelacionfm.cl\/?p=19398"},"modified":"2022-07-19T13:23:42","modified_gmt":"2022-07-19T16:23:42","slug":"sag-invita-a-participar-en-simposio-enfoque-de-una-salud-para-la-proteccion-del-medio-ambiente-y-el-control-de-enfermedades","status":"publish","type":"post","link":"https:\/\/radiorevelacionfm.cl\/?p=19398","title":{"rendered":"SAG invita a participar en Simposio: \u201cEnfoque de una salud para la protecci\u00f3n del Medio Ambiente y el Control de Enfermedades\u201d"},"content":{"rendered":"<div class=\"flex_column av_one_full  flex_column_div av-zero-column-padding first  avia-builder-el-0  el_before_av_one_full  avia-builder-el-first  \" style='border-radius:0px; '><div  class='avia-image-container  av-styling-    avia-builder-el-1  avia-builder-el-no-sibling  avia-align-center '  itemprop=\"image\" itemscope=\"itemscope\" itemtype=\"https:\/\/schema.org\/ImageObject\"  ><div class='avia-image-container-inner'><div class='avia-image-overlay-wrap'><img decoding=\"async\" class='wp-image-6862 avia-img-lazy-loading-not-6862 avia_image' src=\"https:\/\/radiorevelacionfm.cl\/wp-content\/uploads\/2021\/07\/sag-20210614-wa0081-1_optimized.jpg\" alt='' title='sag-20210614-wa0081-(1)_optimized' height=\"600\" width=\"1067\"  itemprop=\"thumbnailUrl\" srcset=\"https:\/\/radiorevelacionfm.cl\/wp-content\/uploads\/2021\/07\/sag-20210614-wa0081-1_optimized.jpg 1067w, https:\/\/radiorevelacionfm.cl\/wp-content\/uploads\/2021\/07\/sag-20210614-wa0081-1_optimized-300x169.jpg 300w, https:\/\/radiorevelacionfm.cl\/wp-content\/uploads\/2021\/07\/sag-20210614-wa0081-1_optimized-1030x579.jpg 1030w, https:\/\/radiorevelacionfm.cl\/wp-content\/uploads\/2021\/07\/sag-20210614-wa0081-1_optimized-768x432.jpg 768w, https:\/\/radiorevelacionfm.cl\/wp-content\/uploads\/2021\/07\/sag-20210614-wa0081-1_optimized-705x396.jpg 705w, https:\/\/radiorevelacionfm.cl\/wp-content\/uploads\/2021\/07\/sag-20210614-wa0081-1_optimized-600x337.jpg 600w\" sizes=\"(max-width: 1067px) 100vw, 1067px\" \/><\/div><\/div><\/div><\/div><div class=\"flex_column av_one_full  flex_column_div av-zero-column-padding first  avia-builder-el-2  el_after_av_one_full  el_before_av_one_full  column-top-margin\" style='border-radius:0px; '><section class=\"av_textblock_section \"  itemscope=\"itemscope\" itemtype=\"https:\/\/schema.org\/BlogPosting\" itemprop=\"blogPost\" ><div class='avia_textblock  '   itemprop=\"text\" ><p style=\"text-align: center;\"><strong><span style=\"font-size: 18pt;\">SAG invita a participar en Simposio: \u201cEnfoque de una salud para la protecci\u00f3n del Medio Ambiente y el Control de Enfermedades\u201d<\/span><\/strong><\/p>\n<div id=\"gtx-trans\" style=\"position: absolute; left: -50px; top: 4.31534px;\">\n<div class=\"gtx-trans-icon\"><\/div>\n<\/div>\n<\/div><\/section><\/div><div class=\"flex_column av_one_full  flex_column_div av-zero-column-padding first  avia-builder-el-4  el_after_av_one_full  el_before_av_hr  column-top-margin\" style='border-radius:0px; '><section class=\"av_textblock_section \"  itemscope=\"itemscope\" itemtype=\"https:\/\/schema.org\/BlogPosting\" itemprop=\"blogPost\" ><div class='avia_textblock  '   itemprop=\"text\" ><p style=\"text-align: justify;\">El Servicio Agr\u00edcola y Ganadero junto Colegio M\u00e9dico Veterinario de (COLMEVET) de Ays\u00e9n, invitan a participar de un ciclo de charlas internacionales que One Health Latinoameria &amp;Caribe y la Red CYTED, que se realizara la ciudad de Coyhaique, el pr\u00f3ximo viernes 22 de julio.<\/p>\n<p style=\"text-align: justify;\">El concepto de\u201d One Health\u201d o \u201cUna sola salud\u201d es abrazado por muchas instituciones a nivel global, entre las cuales est\u00e1n la Organizaci\u00f3n Mundial de la Salud (OMS) la Organizaci\u00f3n Mundial de Sanidad Animal (OMSA), quienes buscan relevar el hecho, que la salud de personas y animales son interdependientes con el equilibrio de los ecosistemas.<\/p>\n<p style=\"text-align: justify;\">Es una actividad que est\u00e1 enfocada a \u201cUna Salud para la protecci\u00f3n del medio ambiente y el control de enfermedades\u201d, es un evento que est\u00e1 dirigido a todas y todos quienes trabajan y se interesan en \u00e1mbitos sanitarios y ambientales, del mundo p\u00fablico y privado de la Regi\u00f3n de Ays\u00e9n.<\/p>\n<p style=\"text-align: justify;\">Se realizar\u00e1 el d\u00eda viernes 22 de julio de manera presencial en auditorio del Museo Regional, donde se reunir\u00e1n expositores de Madrid, Bogot\u00e1 y Santiago, quienes abordar\u00e1n conceptos y experiencias en el \u00e1mbito de la protecci\u00f3n ambiental y la sanitad en forma integrada, adem\u00e1s de los desaf\u00edos que el actual contexto din\u00e1mico impone\u201d. Indic\u00f3 Nicol\u00e1s Valdivieso, Encargado Regional Protecci\u00f3n Pecuaria, SAG Ays\u00e9n.<\/p>\n<p style=\"text-align: justify;\">Por otra parte, el Simposio tambi\u00e9n cuenta con la participaci\u00f3n de funcionarios de instituciones p\u00fablicas y privadas de la regi\u00f3n de Ays\u00e9n, que realizan trabajo en problem\u00e1ticas de la regi\u00f3n de Ays\u00e9n, tales como, Hidatidosis, Hanta y factores de riesgo en el ecosistema marino.<\/p>\n<p style=\"text-align: justify;\">Los interesados\/as en participar de esta valiosa instancia de capacitaci\u00f3n y actualizaci\u00f3n presencial, deben inscribirse previamente enviando correo, a <a href=\"mailto:nicolas.valdivieso@sag.gob.cl\">nicolas.valdivieso@sag.gob.cl<\/a> o a <a href=\"mailto:contacto.aysen@sag.gob.cl\">contacto.aysen@sag.gob.cl<\/a>.<\/p>\n<\/div><\/section><\/div><div  style='height:50px' class='hr hr-invisible   avia-builder-el-6  el_after_av_one_full  el_before_av_social_share '><span class='hr-inner ' ><span class='hr-inner-style'><\/span><\/span><\/div><\/p>\n<div  class='av-social-sharing-box  avia-builder-el-7  el_after_av_hr  el_before_av_hr  '><div class='av-share-box'><h5 class='av-share-link-description av-no-toc '>Compartir esta noticia<\/h5><ul class='av-share-box-list noLightbox'><li class='av-share-link av-social-link-facebook' ><a target=\"_blank\" aria-label=\"Compartir en Facebook\" href='https:\/\/www.facebook.com\/sharer.php?u=https:\/\/radiorevelacionfm.cl\/?p=19398&#038;t=SAG%20invita%20a%20participar%20en%20Simposio%3A%20%E2%80%9CEnfoque%20de%20una%20salud%20para%20la%20protecci%C3%B3n%20del%20Medio%20Ambiente%20y%20el%20Control%20de%20Enfermedades%E2%80%9D' aria-hidden='false' data-av_icon='\ue8f3' data-av_iconfont='entypo-fontello' title='' data-avia-related-tooltip='Compartir en Facebook' rel=\"noopener\"><span class='avia_hidden_link_text'>Compartir en Facebook<\/span><\/a><\/li><li class='av-share-link av-social-link-twitter' ><a target=\"_blank\" aria-label=\"Compartir en Twitter\" href='https:\/\/twitter.com\/share?text=SAG%20invita%20a%20participar%20en%20Simposio%3A%20%E2%80%9CEnfoque%20de%20una%20salud%20para%20la%20protecci%C3%B3n%20del%20Medio%20Ambiente%20y%20el%20Control%20de%20Enfermedades%E2%80%9D&#038;url=https:\/\/radiorevelacionfm.cl\/?p=19398' aria-hidden='false' data-av_icon='\ue8f1' data-av_iconfont='entypo-fontello' title='' data-avia-related-tooltip='Compartir en Twitter' rel=\"noopener\"><span class='avia_hidden_link_text'>Compartir en Twitter<\/span><\/a><\/li><li class='av-share-link av-social-link-whatsapp' ><a target=\"_blank\" aria-label=\"Compartir en Whatsapp\" href='https:\/\/api.whatsapp.com\/send?text=https:\/\/radiorevelacionfm.cl\/?p=19398' aria-hidden='false' data-av_icon='\uf232' data-av_iconfont='entypo-fontello' title='' data-avia-related-tooltip='Compartir en Whatsapp' rel=\"noopener\"><span class='avia_hidden_link_text'>Compartir en Whatsapp<\/span><\/a><\/li><li class='av-share-link av-social-link-linkedin' ><a target=\"_blank\" aria-label=\"Compartir en LinkedIn\" href='https:\/\/linkedin.com\/shareArticle?mini=true&#038;title=SAG%20invita%20a%20participar%20en%20Simposio%3A%20%E2%80%9CEnfoque%20de%20una%20salud%20para%20la%20protecci%C3%B3n%20del%20Medio%20Ambiente%20y%20el%20Control%20de%20Enfermedades%E2%80%9D&#038;url=https:\/\/radiorevelacionfm.cl\/?p=19398' aria-hidden='false' data-av_icon='\ue8fc' data-av_iconfont='entypo-fontello' title='' data-avia-related-tooltip='Compartir en LinkedIn' rel=\"noopener\"><span class='avia_hidden_link_text'>Compartir en LinkedIn<\/span><\/a><\/li><li class='av-share-link av-social-link-mail' ><a  aria-label=\"Compartir por correo\" href='mailto:?subject=SAG%20invita%20a%20participar%20en%20Simposio%3A%20%E2%80%9CEnfoque%20de%20una%20salud%20para%20la%20protecci%C3%B3n%20del%20Medio%20Ambiente%20y%20el%20Control%20de%20Enfermedades%E2%80%9D&#038;body=https:\/\/radiorevelacionfm.cl\/?p=19398' aria-hidden='false' data-av_icon='\ue805' data-av_iconfont='entypo-fontello' title='' data-avia-related-tooltip='Compartir por correo'><span class='avia_hidden_link_text'>Compartir por correo<\/span><\/a><\/li><\/ul><\/div><\/div>\n<div  style='height:50px' class='hr hr-invisible   avia-builder-el-8  el_after_av_social_share  el_before_av_comments_list '><span class='hr-inner ' ><span class='hr-inner-style'><\/span><\/span><\/div>\n<div  class='av-buildercomment  av-blog-meta-html-info-disabled av-blog-meta-tag-disabled  '><\/div>\n","protected":false},"excerpt":{"rendered":"","protected":false},"author":1,"featured_media":6862,"comment_status":"open","ping_status":"open","sticky":false,"template":"","format":"standard","meta":{"footnotes":""},"categories":[58],"tags":[],"class_list":["post-19398","post","type-post","status-publish","format-standard","has-post-thumbnail","hentry","category-agricultura"],"jetpack_featured_media_url":"https:\/\/radiorevelacionfm.cl\/wp-content\/uploads\/2021\/07\/sag-20210614-wa0081-1_optimized.jpg","_links":{"self":[{"href":"https:\/\/radiorevelacionfm.cl\/index.php?rest_route=\/wp\/v2\/posts\/19398","targetHints":{"allow":["GET"]}}],"collection":[{"href":"https:\/\/radiorevelacionfm.cl\/index.php?rest_route=\/wp\/v2\/posts"}],"about":[{"href":"https:\/\/radiorevelacionfm.cl\/index.php?rest_route=\/wp\/v2\/types\/post"}],"author":[{"embeddable":true,"href":"https:\/\/radiorevelacionfm.cl\/index.php?rest_route=\/wp\/v2\/users\/1"}],"replies":[{"embeddable":true,"href":"https:\/\/radiorevelacionfm.cl\/index.php?rest_route=%2Fwp%2Fv2%2Fcomments&post=19398"}],"version-history":[{"count":2,"href":"https:\/\/radiorevelacionfm.cl\/index.php?rest_route=\/wp\/v2\/posts\/19398\/revisions"}],"predecessor-version":[{"id":19400,"href":"https:\/\/radiorevelacionfm.cl\/index.php?rest_route=\/wp\/v2\/posts\/19398\/revisions\/19400"}],"wp:featuredmedia":[{"embeddable":true,"href":"https:\/\/radiorevelacionfm.cl\/index.php?rest_route=\/wp\/v2\/media\/6862"}],"wp:attachment":[{"href":"https:\/\/radiorevelacionfm.cl\/index.php?rest_route=%2Fwp%2Fv2%2Fmedia&parent=19398"}],"wp:term":[{"taxonomy":"category","embeddable":true,"href":"https:\/\/radiorevelacionfm.cl\/index.php?rest_route=%2Fwp%2Fv2%2Fcategories&post=19398"},{"taxonomy":"post_tag","embeddable":true,"href":"https:\/\/radiorevelacionfm.cl\/index.php?rest_route=%2Fwp%2Fv2%2Ftags&post=19398"}],"curies":[{"name":"wp","href":"https:\/\/api.w.org\/{rel}","templated":true}]}}