{"id":19393,"date":"2022-07-20T11:52:24","date_gmt":"2022-07-20T14:52:24","guid":{"rendered":"https:\/\/radiorevelacionfm.cl\/?p=19393"},"modified":"2022-07-20T11:52:24","modified_gmt":"2022-07-20T14:52:24","slug":"curso-de-la-universidad-socioambiental-aborda-los-desafios-para-la-proteccion-ecosistemica-en-aysen","status":"publish","type":"post","link":"https:\/\/radiorevelacionfm.cl\/?p=19393","title":{"rendered":"Curso de la Universidad Socioambiental aborda los desaf\u00edos para la protecci\u00f3n ecosist\u00e9mica en Ays\u00e9n"},"content":{"rendered":"<div class=\"flex_column av_one_full  flex_column_div av-zero-column-padding first  avia-builder-el-0  el_before_av_one_full  avia-builder-el-first  \" style='border-radius:0px; '><div  class='avia-image-container  av-styling-    avia-builder-el-1  avia-builder-el-no-sibling  avia-align-center '  itemprop=\"image\" itemscope=\"itemscope\" itemtype=\"https:\/\/schema.org\/ImageObject\"  ><div class='avia-image-container-inner'><div class='avia-image-overlay-wrap'><img decoding=\"async\" class='wp-image-19394 avia-img-lazy-loading-not-19394 avia_image' src=\"https:\/\/radiorevelacionfm.cl\/wp-content\/uploads\/2022\/07\/Captura-de-Pantalla-2022-07-14-a-las-19.46.27-1-1.jpg\" alt='' title='Captura de Pantalla 2022-07-14 a la(s) 19.46.27 (1) (1)' height=\"600\" width=\"1027\"  itemprop=\"thumbnailUrl\" srcset=\"https:\/\/radiorevelacionfm.cl\/wp-content\/uploads\/2022\/07\/Captura-de-Pantalla-2022-07-14-a-las-19.46.27-1-1.jpg 1027w, https:\/\/radiorevelacionfm.cl\/wp-content\/uploads\/2022\/07\/Captura-de-Pantalla-2022-07-14-a-las-19.46.27-1-1-300x175.jpg 300w, https:\/\/radiorevelacionfm.cl\/wp-content\/uploads\/2022\/07\/Captura-de-Pantalla-2022-07-14-a-las-19.46.27-1-1-768x449.jpg 768w, https:\/\/radiorevelacionfm.cl\/wp-content\/uploads\/2022\/07\/Captura-de-Pantalla-2022-07-14-a-las-19.46.27-1-1-705x412.jpg 705w, https:\/\/radiorevelacionfm.cl\/wp-content\/uploads\/2022\/07\/Captura-de-Pantalla-2022-07-14-a-las-19.46.27-1-1-600x351.jpg 600w\" sizes=\"(max-width: 1027px) 100vw, 1027px\" \/><\/div><\/div><\/div><\/div><div class=\"flex_column av_one_full  flex_column_div av-zero-column-padding first  avia-builder-el-2  el_after_av_one_full  el_before_av_one_full  column-top-margin\" style='border-radius:0px; '><section class=\"av_textblock_section \"  itemscope=\"itemscope\" itemtype=\"https:\/\/schema.org\/BlogPosting\" itemprop=\"blogPost\" ><div class='avia_textblock  '   itemprop=\"text\" ><p style=\"text-align: center;\"><span style=\"font-size: 18pt;\"><b><span lang=\"X-NONE\">Curso de la Universidad Socioambiental aborda los desaf\u00edos para la protecci\u00f3n ecosist\u00e9mica en Ays\u00e9n<\/span><\/b><\/span><\/p>\n<div id=\"gtx-trans\" style=\"position: absolute; left: -50px; top: 4.31534px;\">\n<div class=\"gtx-trans-icon\"><\/div>\n<\/div>\n<\/div><\/section><\/div><div class=\"flex_column av_one_full  flex_column_div av-zero-column-padding first  avia-builder-el-4  el_after_av_one_full  el_before_av_hr  column-top-margin\" style='border-radius:0px; '><section class=\"av_textblock_section \"  itemscope=\"itemscope\" itemtype=\"https:\/\/schema.org\/BlogPosting\" itemprop=\"blogPost\" ><div class='avia_textblock  '   itemprop=\"text\" ><p class=\"v1MsoNormal\" style=\"text-align: justify;\"><span lang=\"X-NONE\">M\u00e1s de 70 personas se han conectado ya al curso \u00abDesaf\u00edos Socioambientales: La Patagonia como laboratorio\u00bb, que se dicta todos los jueves desde el 7 de julio en el marco de la Universidad Socioambiental que impulsa la ONG Fima con apoyo de la Fundaci\u00f3n Friedrich Ebert y de la Sociedad Civil por la Acci\u00f3n Clim\u00e1tica.<\/span><\/p>\n<p class=\"v1MsoNormal\" style=\"text-align: justify;\"><span lang=\"X-NONE\">Los contenidos son impartidos por el presidente y el director de Codesa, Erwin Sandoval Gallardo y Patricio Segura Ortiz, respectivamente, la periodista de la ONG Ecosistemas, Mitzi Urtubia Salinas, y el presidente de la Agrupaci\u00f3n Ays\u00e9n Reserva de Vida, Peter Hartmann Samhaber.<\/span><\/p>\n<p class=\"v1MsoNormal\" style=\"text-align: justify;\"><span lang=\"X-NONE\">En el inicio del 7 de julio los expositores abordaron el contexto de la realidad ambiental, cultural y social de la regi\u00f3n de Ays\u00e9n, los grandes pasivos ambientales como fue la p\u00e9rdida de m\u00e1s de 3 millones de hect\u00e1reas de bosque nativo por descontrol del roce, el impacto de la pesca extractiva industrial y de la salmonicultura, adem\u00e1s de algunos fen\u00f3menos actuales como el rol que el Estado ha cumplido en dichos procesos.\u00a0<span class=\"v1gmail-Apple-converted-space\">\u00a0<\/span>Asimismo, se abordaron relevantes causas ciudadanas como el rechazo al proyecto Alumysa y Patagonia sin Represas.<\/span><\/p>\n<p class=\"v1MsoNormal\" style=\"text-align: justify;\"><span lang=\"X-NONE\">El jueves 14, en tanto, se continu\u00f3 con la situaci\u00f3n actual: las amenazas e impactos de diversas actividades productivas en el territorio y sus comunidades.\u00a0<span class=\"v1gmail-Apple-converted-space\">\u00a0<\/span><\/span><\/p>\n<p class=\"v1MsoNormal\" style=\"text-align: justify;\"><span lang=\"X-NONE\">Erwin Sandoval present\u00f3 la miner\u00eda, precisamente el d\u00eda en que la Comisi\u00f3n de Evaluaci\u00f3n Ambiental de Ays\u00e9n rechazara el proyecto Mina Javiera en Bah\u00eda Jara, hoy perteneciente a la australiana Equus Mining que a fines de 2021 adquiriera la Compa\u00f1\u00eda Minera Cerro Bayo.\u00a0<span class=\"v1gmail-Apple-converted-space\">\u00a0<\/span>Asimismo, explic\u00f3 el estado del arte del proyecto Los Domos que ha impulsado la misma empresa en un \u00e1rea aleda\u00f1a al Parque Patagonia.\u00a0<span class=\"v1gmail-Apple-converted-space\">\u00a0<\/span>Y expuso sobre todo lo relacionado con las irregularidades del tranque de relave Confluencia, de Minera El Toqui.<\/span><\/p>\n<p class=\"v1MsoNormal\" style=\"text-align: justify;\"><span lang=\"X-NONE\">Peter Hartmann se refiri\u00f3 a la realidad de la salmonicultura hoy, con m\u00faltiples concesiones dentro de \u00e1reas silvestres protegidas e impactos ecosist\u00e9micos y sociales en el litoral aysenino.<\/span><\/p>\n<p class=\"v1MsoNormal\" style=\"text-align: justify;\"><span lang=\"X-NONE\">Y, por \u00faltimo, Patricio Segura explic\u00f3 la discusi\u00f3n que se ha dado a nivel regional sobre la subdivisi\u00f3n del suelo rural, impactado fuertemente por mega loteos impulsados por inmobiliarias.<\/span><\/p>\n<p class=\"v1MsoNormal\" style=\"text-align: justify;\"><span lang=\"X-NONE\">La pr\u00f3xima clase expondr\u00e1 Mitzi Urtubia sobre cuencas hidrol\u00f3gicas y extracci\u00f3n de turberas, y sus colegas las falsas soluciones a la crisis clim\u00e1tica, el impacto del turismo desregulado y la conservaci\u00f3n excluyente, y los procesos de gobernanza democr\u00e1tica y transici\u00f3n justa.<\/span><\/p>\n<p class=\"v1MsoNormal\" style=\"text-align: justify;\"><span lang=\"X-NONE\">La \u00faltima jornada, del jueves 28 de julio, se referir\u00e1 a las herramientas para seguir aportando a la construcci\u00f3n de Ays\u00e9n reserva de vida, como propuesta de desarrollo alternativo al extractivismo.<\/span><\/p>\n<p class=\"v1MsoNormal\" style=\"text-align: justify;\"><span lang=\"X-NONE\">Quienes quieran inscribirse pueden hacerlo en<span class=\"v1gmail-Apple-converted-space\">\u00a0<\/span><\/span><span lang=\"ES\"><a href=\"https:\/\/usocioambiental.cl\/cursos-2022\/desafios-socioambientales-la-patagonia-como-laboratorio\/\" target=\"_blank\" rel=\"noopener noreferrer\"><span lang=\"X-NONE\">https:\/\/usocioambiental.cl\/cursos-2022\/desafios-socioambientales-la-patagonia-como-laboratorio\/<\/span><\/a><\/span><span lang=\"X-NONE\">, donde adem\u00e1s est\u00e1 el repositorio de las dos clases ya realizadas.<\/span><\/p>\n<\/div><\/section><\/div><div  style='height:50px' class='hr hr-invisible   avia-builder-el-6  el_after_av_one_full  el_before_av_social_share '><span class='hr-inner ' ><span class='hr-inner-style'><\/span><\/span><\/div><\/p>\n<div  class='av-social-sharing-box  avia-builder-el-7  el_after_av_hr  el_before_av_hr  '><div class='av-share-box'><h5 class='av-share-link-description av-no-toc '>Compartir esta noticia<\/h5><ul class='av-share-box-list noLightbox'><li class='av-share-link av-social-link-facebook' ><a target=\"_blank\" aria-label=\"Compartir en Facebook\" href='https:\/\/www.facebook.com\/sharer.php?u=https:\/\/radiorevelacionfm.cl\/?p=19393&#038;t=Curso%20de%20la%20Universidad%20Socioambiental%20aborda%20los%20desaf%C3%ADos%20para%20la%20protecci%C3%B3n%20ecosist%C3%A9mica%20en%20Ays%C3%A9n' aria-hidden='false' data-av_icon='\ue8f3' data-av_iconfont='entypo-fontello' title='' data-avia-related-tooltip='Compartir en Facebook' rel=\"noopener\"><span class='avia_hidden_link_text'>Compartir en Facebook<\/span><\/a><\/li><li class='av-share-link av-social-link-twitter' ><a target=\"_blank\" aria-label=\"Compartir en Twitter\" href='https:\/\/twitter.com\/share?text=Curso%20de%20la%20Universidad%20Socioambiental%20aborda%20los%20desaf%C3%ADos%20para%20la%20protecci%C3%B3n%20ecosist%C3%A9mica%20en%20Ays%C3%A9n&#038;url=https:\/\/radiorevelacionfm.cl\/?p=19393' aria-hidden='false' data-av_icon='\ue8f1' data-av_iconfont='entypo-fontello' title='' data-avia-related-tooltip='Compartir en Twitter' rel=\"noopener\"><span class='avia_hidden_link_text'>Compartir en Twitter<\/span><\/a><\/li><li class='av-share-link av-social-link-whatsapp' ><a target=\"_blank\" aria-label=\"Compartir en Whatsapp\" href='https:\/\/api.whatsapp.com\/send?text=https:\/\/radiorevelacionfm.cl\/?p=19393' aria-hidden='false' data-av_icon='\uf232' data-av_iconfont='entypo-fontello' title='' data-avia-related-tooltip='Compartir en Whatsapp' rel=\"noopener\"><span class='avia_hidden_link_text'>Compartir en Whatsapp<\/span><\/a><\/li><li class='av-share-link av-social-link-linkedin' ><a target=\"_blank\" aria-label=\"Compartir en LinkedIn\" href='https:\/\/linkedin.com\/shareArticle?mini=true&#038;title=Curso%20de%20la%20Universidad%20Socioambiental%20aborda%20los%20desaf%C3%ADos%20para%20la%20protecci%C3%B3n%20ecosist%C3%A9mica%20en%20Ays%C3%A9n&#038;url=https:\/\/radiorevelacionfm.cl\/?p=19393' aria-hidden='false' data-av_icon='\ue8fc' data-av_iconfont='entypo-fontello' title='' data-avia-related-tooltip='Compartir en LinkedIn' rel=\"noopener\"><span class='avia_hidden_link_text'>Compartir en LinkedIn<\/span><\/a><\/li><li class='av-share-link av-social-link-mail' ><a  aria-label=\"Compartir por correo\" href='mailto:?subject=Curso%20de%20la%20Universidad%20Socioambiental%20aborda%20los%20desaf%C3%ADos%20para%20la%20protecci%C3%B3n%20ecosist%C3%A9mica%20en%20Ays%C3%A9n&#038;body=https:\/\/radiorevelacionfm.cl\/?p=19393' aria-hidden='false' data-av_icon='\ue805' data-av_iconfont='entypo-fontello' title='' data-avia-related-tooltip='Compartir por correo'><span class='avia_hidden_link_text'>Compartir por correo<\/span><\/a><\/li><\/ul><\/div><\/div>\n<div  style='height:50px' class='hr hr-invisible   avia-builder-el-8  el_after_av_social_share  el_before_av_comments_list '><span class='hr-inner ' ><span class='hr-inner-style'><\/span><\/span><\/div>\n<div  class='av-buildercomment  av-blog-meta-html-info-disabled av-blog-meta-tag-disabled  '><\/div>\n","protected":false},"excerpt":{"rendered":"","protected":false},"author":1,"featured_media":19394,"comment_status":"open","ping_status":"open","sticky":false,"template":"","format":"standard","meta":{"footnotes":""},"categories":[39],"tags":[],"class_list":["post-19393","post","type-post","status-publish","format-standard","has-post-thumbnail","hentry","category-medio-ambiente"],"jetpack_featured_media_url":"https:\/\/radiorevelacionfm.cl\/wp-content\/uploads\/2022\/07\/Captura-de-Pantalla-2022-07-14-a-las-19.46.27-1-1.jpg","_links":{"self":[{"href":"https:\/\/radiorevelacionfm.cl\/index.php?rest_route=\/wp\/v2\/posts\/19393","targetHints":{"allow":["GET"]}}],"collection":[{"href":"https:\/\/radiorevelacionfm.cl\/index.php?rest_route=\/wp\/v2\/posts"}],"about":[{"href":"https:\/\/radiorevelacionfm.cl\/index.php?rest_route=\/wp\/v2\/types\/post"}],"author":[{"embeddable":true,"href":"https:\/\/radiorevelacionfm.cl\/index.php?rest_route=\/wp\/v2\/users\/1"}],"replies":[{"embeddable":true,"href":"https:\/\/radiorevelacionfm.cl\/index.php?rest_route=%2Fwp%2Fv2%2Fcomments&post=19393"}],"version-history":[{"count":2,"href":"https:\/\/radiorevelacionfm.cl\/index.php?rest_route=\/wp\/v2\/posts\/19393\/revisions"}],"predecessor-version":[{"id":19443,"href":"https:\/\/radiorevelacionfm.cl\/index.php?rest_route=\/wp\/v2\/posts\/19393\/revisions\/19443"}],"wp:featuredmedia":[{"embeddable":true,"href":"https:\/\/radiorevelacionfm.cl\/index.php?rest_route=\/wp\/v2\/media\/19394"}],"wp:attachment":[{"href":"https:\/\/radiorevelacionfm.cl\/index.php?rest_route=%2Fwp%2Fv2%2Fmedia&parent=19393"}],"wp:term":[{"taxonomy":"category","embeddable":true,"href":"https:\/\/radiorevelacionfm.cl\/index.php?rest_route=%2Fwp%2Fv2%2Fcategories&post=19393"},{"taxonomy":"post_tag","embeddable":true,"href":"https:\/\/radiorevelacionfm.cl\/index.php?rest_route=%2Fwp%2Fv2%2Ftags&post=19393"}],"curies":[{"name":"wp","href":"https:\/\/api.w.org\/{rel}","templated":true}]}}