{"id":1938,"date":"2021-01-19T19:38:03","date_gmt":"2021-01-19T22:38:03","guid":{"rendered":"https:\/\/radiorevelacionfm.cl\/?p=1938"},"modified":"2021-01-19T19:38:03","modified_gmt":"2021-01-19T22:38:03","slug":"exitosa-segunda-jornada-de-vacunacion-de-funcionarios-de-la-salud","status":"publish","type":"post","link":"https:\/\/radiorevelacionfm.cl\/?p=1938","title":{"rendered":"Exitosa segunda jornada de vacunaci\u00f3n de funcionarios de la salud"},"content":{"rendered":"<div class=\"flex_column av_one_full  flex_column_div av-zero-column-padding first  avia-builder-el-0  el_before_av_one_full  avia-builder-el-first  \" style='border-radius:0px; '><div  class='avia-image-container  av-styling-    avia-builder-el-1  avia-builder-el-no-sibling  avia-align-center '  itemprop=\"image\" itemscope=\"itemscope\" itemtype=\"https:\/\/schema.org\/ImageObject\"  ><div class='avia-image-container-inner'><div class='avia-image-overlay-wrap'><img decoding=\"async\" class='wp-image-0 avia-img-lazy-loading-not-0 avia_image' src=\"https:\/\/radiorevelacionfm.cl\/wp-content\/uploads\/2021\/01\/prensa2-1-1.jpeg\" alt='' title=''   itemprop=\"thumbnailUrl\"  \/><\/div><\/div><\/div><\/div><div class=\"flex_column av_one_full  flex_column_div av-zero-column-padding first  avia-builder-el-2  el_after_av_one_full  el_before_av_one_full  column-top-margin\" style='border-radius:0px; '><section class=\"av_textblock_section \"  itemscope=\"itemscope\" itemtype=\"https:\/\/schema.org\/BlogPosting\" itemprop=\"blogPost\" ><div class='avia_textblock  '   itemprop=\"text\" ><p style=\"text-align: center;\"><span style=\"font-size: 18pt;\"><strong>Exitosa segunda jornada de vacunaci\u00f3n de funcionarios de la salud<\/strong><\/span><\/p>\n<div id=\"gtx-trans\" style=\"position: absolute; left: -50px; top: 4.31534px;\">\n<div class=\"gtx-trans-icon\"><\/div>\n<\/div>\n<\/div><\/section><\/div><div class=\"flex_column av_one_full  flex_column_div av-zero-column-padding first  avia-builder-el-4  el_after_av_one_full  el_before_av_hr  column-top-margin\" style='border-radius:0px; '><section class=\"av_textblock_section \"  itemscope=\"itemscope\" itemtype=\"https:\/\/schema.org\/BlogPosting\" itemprop=\"blogPost\" ><div class='avia_textblock  '   itemprop=\"text\" ><p style=\"text-align: justify;\">Funcionarios de la Red Asistencial de distintos sectores de la regi\u00f3n como Coyhaique, Puerto Ays\u00e9n, Chile Chico, Villa O\u00b4Higgins, Caleta Andrade, Puerto Aguirre, Cochrane, Bah\u00eda Murta, Puerto Tranquilo, Puerto S\u00e1nchez, entre otras localidades, fueron parte de esta segunda jornada de vacunaci\u00f3n contra el COVID-19.<\/p>\n<p style=\"text-align: justify;\">Mar\u00eda Teresa Ortega, Encargada Regional del Programa Nacional de Inmunizaciones, indic\u00f3 que \u201cla campa\u00f1a contra el COVID-19 se inici\u00f3 ayer con la llegada de las vacunas a la regi\u00f3n y posteriormente se distribuyeron a la mayor\u00eda de los establecimientos de nuestra Red. El desarrollo de esta vacunaci\u00f3n ha sido exitoso, con mucha participaci\u00f3n de funcionarios que accedieron a ser inoculados, ya que recordemos que es un acto voluntario, y no hemos tenido ning\u00fan evento adverso que informar\u201d.<\/p>\n<p style=\"text-align: justify;\">Igualmente destacar el trabajo de los equipos vacunadores de todos los establecimientos -agreg\u00f3 Ortega- que se capacitaron para poder administrar esta vacuna que tiene ciertas caracter\u00edsticas especiales.<\/p>\n<p style=\"text-align: justify;\">Cabe mencionar que este proceso de vacunaci\u00f3n culminar\u00e1 ma\u00f1ana con el traslado hacia Puerto Cisnes, La Junta (donde se van a concentrar las Postas Rurales de Lago Verde y Ra\u00fal Mar\u00edn Balmaceda) y tambi\u00e9n a Melinka, donde se terminar\u00eda con el despacho a toda la Red Asistencial.<\/p>\n<p style=\"text-align: justify;\">Como Servicio de Salud Ays\u00e9n agradecemos a todas las personas e instituciones, en particular al sector Salud, PDI, Carabineros, Ej\u00e9rcito, Armada y Fuerza A\u00e9rea de Chile, que colaboraron en completar esta esta segunda jornada del proceso de vacunaci\u00f3n contra el COVID-19 en la Regi\u00f3n de Ays\u00e9n.<\/p>\n<\/div><\/section><\/div><div  style='height:50px' class='hr hr-invisible   avia-builder-el-6  el_after_av_one_full  el_before_av_social_share '><span class='hr-inner ' ><span class='hr-inner-style'><\/span><\/span><\/div><\/p>\n<div  class='av-social-sharing-box  avia-builder-el-7  el_after_av_hr  el_before_av_hr  '><div class='av-share-box'><h5 class='av-share-link-description av-no-toc '>Compartir esta noticia<\/h5><ul class='av-share-box-list noLightbox'><li class='av-share-link av-social-link-facebook' ><a target=\"_blank\" aria-label=\"Compartir en Facebook\" href='https:\/\/www.facebook.com\/sharer.php?u=https:\/\/radiorevelacionfm.cl\/?p=1938&#038;t=Exitosa%20segunda%20jornada%20de%20vacunaci%C3%B3n%20de%20funcionarios%20de%20la%20salud' aria-hidden='false' data-av_icon='\ue8f3' data-av_iconfont='entypo-fontello' title='' data-avia-related-tooltip='Compartir en Facebook' rel=\"noopener\"><span class='avia_hidden_link_text'>Compartir en Facebook<\/span><\/a><\/li><li class='av-share-link av-social-link-twitter' ><a target=\"_blank\" aria-label=\"Compartir en Twitter\" href='https:\/\/twitter.com\/share?text=Exitosa%20segunda%20jornada%20de%20vacunaci%C3%B3n%20de%20funcionarios%20de%20la%20salud&#038;url=https:\/\/radiorevelacionfm.cl\/?p=1938' aria-hidden='false' data-av_icon='\ue8f1' data-av_iconfont='entypo-fontello' title='' data-avia-related-tooltip='Compartir en Twitter' rel=\"noopener\"><span class='avia_hidden_link_text'>Compartir en Twitter<\/span><\/a><\/li><li class='av-share-link av-social-link-whatsapp' ><a target=\"_blank\" aria-label=\"Compartir en Whatsapp\" href='https:\/\/api.whatsapp.com\/send?text=https:\/\/radiorevelacionfm.cl\/?p=1938' aria-hidden='false' data-av_icon='\uf232' data-av_iconfont='entypo-fontello' title='' data-avia-related-tooltip='Compartir en Whatsapp' rel=\"noopener\"><span class='avia_hidden_link_text'>Compartir en Whatsapp<\/span><\/a><\/li><li class='av-share-link av-social-link-linkedin' ><a target=\"_blank\" aria-label=\"Compartir en LinkedIn\" href='https:\/\/linkedin.com\/shareArticle?mini=true&#038;title=Exitosa%20segunda%20jornada%20de%20vacunaci%C3%B3n%20de%20funcionarios%20de%20la%20salud&#038;url=https:\/\/radiorevelacionfm.cl\/?p=1938' aria-hidden='false' data-av_icon='\ue8fc' data-av_iconfont='entypo-fontello' title='' data-avia-related-tooltip='Compartir en LinkedIn' rel=\"noopener\"><span class='avia_hidden_link_text'>Compartir en LinkedIn<\/span><\/a><\/li><li class='av-share-link av-social-link-mail' ><a  aria-label=\"Compartir por correo\" href='mailto:?subject=Exitosa%20segunda%20jornada%20de%20vacunaci%C3%B3n%20de%20funcionarios%20de%20la%20salud&#038;body=https:\/\/radiorevelacionfm.cl\/?p=1938' aria-hidden='false' data-av_icon='\ue805' data-av_iconfont='entypo-fontello' title='' data-avia-related-tooltip='Compartir por correo'><span class='avia_hidden_link_text'>Compartir por correo<\/span><\/a><\/li><\/ul><\/div><\/div>\n<div  style='height:50px' class='hr hr-invisible   avia-builder-el-8  el_after_av_social_share  el_before_av_comments_list '><span class='hr-inner ' ><span class='hr-inner-style'><\/span><\/span><\/div>\n<div  class='av-buildercomment  av-blog-meta-html-info-disabled av-blog-meta-tag-disabled  '><\/div>\n","protected":false},"excerpt":{"rendered":"","protected":false},"author":1,"featured_media":0,"comment_status":"open","ping_status":"open","sticky":false,"template":"","format":"standard","meta":{"footnotes":""},"categories":[46],"tags":[],"class_list":["post-1938","post","type-post","status-publish","format-standard","hentry","category-salud"],"jetpack_featured_media_url":"","_links":{"self":[{"href":"https:\/\/radiorevelacionfm.cl\/index.php?rest_route=\/wp\/v2\/posts\/1938","targetHints":{"allow":["GET"]}}],"collection":[{"href":"https:\/\/radiorevelacionfm.cl\/index.php?rest_route=\/wp\/v2\/posts"}],"about":[{"href":"https:\/\/radiorevelacionfm.cl\/index.php?rest_route=\/wp\/v2\/types\/post"}],"author":[{"embeddable":true,"href":"https:\/\/radiorevelacionfm.cl\/index.php?rest_route=\/wp\/v2\/users\/1"}],"replies":[{"embeddable":true,"href":"https:\/\/radiorevelacionfm.cl\/index.php?rest_route=%2Fwp%2Fv2%2Fcomments&post=1938"}],"version-history":[{"count":1,"href":"https:\/\/radiorevelacionfm.cl\/index.php?rest_route=\/wp\/v2\/posts\/1938\/revisions"}],"predecessor-version":[{"id":1940,"href":"https:\/\/radiorevelacionfm.cl\/index.php?rest_route=\/wp\/v2\/posts\/1938\/revisions\/1940"}],"wp:attachment":[{"href":"https:\/\/radiorevelacionfm.cl\/index.php?rest_route=%2Fwp%2Fv2%2Fmedia&parent=1938"}],"wp:term":[{"taxonomy":"category","embeddable":true,"href":"https:\/\/radiorevelacionfm.cl\/index.php?rest_route=%2Fwp%2Fv2%2Fcategories&post=1938"},{"taxonomy":"post_tag","embeddable":true,"href":"https:\/\/radiorevelacionfm.cl\/index.php?rest_route=%2Fwp%2Fv2%2Ftags&post=1938"}],"curies":[{"name":"wp","href":"https:\/\/api.w.org\/{rel}","templated":true}]}}