{"id":19375,"date":"2022-07-18T17:47:03","date_gmt":"2022-07-18T20:47:03","guid":{"rendered":"https:\/\/radiorevelacionfm.cl\/?p=19375"},"modified":"2022-07-18T17:47:03","modified_gmt":"2022-07-18T20:47:03","slug":"ante-escasez-nacional-de-pellets-gobierno-reitera-llamado-a-la-calma-y-pide-no-acaparar","status":"publish","type":"post","link":"https:\/\/radiorevelacionfm.cl\/?p=19375","title":{"rendered":"Ante escasez nacional de pellets: Gobierno reitera llamado a la calma y pide no acaparar"},"content":{"rendered":"<div class=\"flex_column av_one_full  flex_column_div av-zero-column-padding first  avia-builder-el-0  el_before_av_one_full  avia-builder-el-first  \" style='border-radius:0px; '><div  class='avia-image-container  av-styling-    avia-builder-el-1  avia-builder-el-no-sibling  avia-align-center '  itemprop=\"image\" itemscope=\"itemscope\" itemtype=\"https:\/\/schema.org\/ImageObject\"  ><div class='avia-image-container-inner'><div class='avia-image-overlay-wrap'><img decoding=\"async\" class='wp-image-19376 avia-img-lazy-loading-not-19376 avia_image' src=\"https:\/\/radiorevelacionfm.cl\/wp-content\/uploads\/2022\/07\/pellets-para-estufas-1-1_optimized.jpg\" alt='' title='pellets-para-estufas-(1)-(1)_optimized' height=\"600\" width=\"900\"  itemprop=\"thumbnailUrl\" srcset=\"https:\/\/radiorevelacionfm.cl\/wp-content\/uploads\/2022\/07\/pellets-para-estufas-1-1_optimized.jpg 900w, https:\/\/radiorevelacionfm.cl\/wp-content\/uploads\/2022\/07\/pellets-para-estufas-1-1_optimized-300x200.jpg 300w, https:\/\/radiorevelacionfm.cl\/wp-content\/uploads\/2022\/07\/pellets-para-estufas-1-1_optimized-768x512.jpg 768w, https:\/\/radiorevelacionfm.cl\/wp-content\/uploads\/2022\/07\/pellets-para-estufas-1-1_optimized-705x470.jpg 705w, https:\/\/radiorevelacionfm.cl\/wp-content\/uploads\/2022\/07\/pellets-para-estufas-1-1_optimized-600x400.jpg 600w\" sizes=\"(max-width: 900px) 100vw, 900px\" \/><\/div><\/div><\/div><\/div><div class=\"flex_column av_one_full  flex_column_div av-zero-column-padding first  avia-builder-el-2  el_after_av_one_full  el_before_av_one_full  column-top-margin\" style='border-radius:0px; '><section class=\"av_textblock_section \"  itemscope=\"itemscope\" itemtype=\"https:\/\/schema.org\/BlogPosting\" itemprop=\"blogPost\" ><div class='avia_textblock  '   itemprop=\"text\" ><p style=\"text-align: center;\"><strong><span style=\"font-size: 18pt;\">Ante escasez nacional de pellets: Gobierno reitera llamado a la calma y pide no acaparar<\/span><\/strong><\/p>\n<div id=\"gtx-trans\" style=\"position: absolute; left: -50px; top: 4.31534px;\">\n<div class=\"gtx-trans-icon\"><\/div>\n<\/div>\n<\/div><\/section><\/div><div class=\"flex_column av_one_full  flex_column_div av-zero-column-padding first  avia-builder-el-4  el_after_av_one_full  el_before_av_hr  column-top-margin\" style='border-radius:0px; '><section class=\"av_textblock_section \"  itemscope=\"itemscope\" itemtype=\"https:\/\/schema.org\/BlogPosting\" itemprop=\"blogPost\" ><div class='avia_textblock  '   itemprop=\"text\" ><p class=\"v1MsoNormal\" style=\"text-align: justify;\"><span lang=\"ES\">La Seremi de Gobierno, Tatia Pl\u00e1 \u00c1lvarez, formul\u00f3 un llamado a los habitantes de la regi\u00f3n que utilizan sistemas de calefacci\u00f3n basados en pellets para que se abastezcan con lo estrictamente necesario y sin acaparar, a\u00f1adiendo que existe un Plan de Contingencia activo desde la semana pasada para apoyar la log\u00edstica en la distribuci\u00f3n de pellet.<\/span><\/p>\n<p class=\"v1MsoNormal\" style=\"text-align: justify;\"><span lang=\"ES\">\u00abLo primero es contarle a la gente que hay escasez nacional de la materia prima que se utiliza en la producci\u00f3n de pellet porque hubo menos aserr\u00edn y viruta, que es el principal insumo para las plantas de producci\u00f3n de pellet. A ello se le sum\u00f3 la situaci\u00f3n de la macrozona sur, lo que ha llevado a que los aserraderos disminuyan sus turnos de trabajo\u00bb, explic\u00f3 la portavoz del Gobierno.<\/span><\/p>\n<p class=\"v1MsoNormal\" style=\"text-align: justify;\"><span lang=\"ES\">\u00abAnte esto, estamos haciendo un monitoreo permanente del stock de pellet que hay en la regi\u00f3n, mediante contactos telef\u00f3nicos y visitas a terreno tanto en Coyhaique como en Puerto Ays\u00e9n, para monitorear a los comercializadores locales. Adem\u00e1s, estamos realizando un seguimiento de los camiones que ingresar\u00e1n a la regi\u00f3n con pellet\u00bb, agreg\u00f3.<\/span><\/p>\n<p class=\"v1MsoNormal\" style=\"text-align: justify;\"><span lang=\"ES\">La seremi tambi\u00e9n indic\u00f3 que a nivel nacional existe una coordinaci\u00f3n interministerial con la Unidad de Biocombustibles del Ministerio de Energ\u00eda, para saber cu\u00e1nto pellet se est\u00e1 produciendo y hacia d\u00f3nde se distribuye para no dejar a ninguna regi\u00f3n con stock cr\u00edtico.<\/span><\/p>\n<p class=\"v1MsoNormal\" style=\"text-align: justify;\"><span lang=\"ES\">\u00abNuestro llamado como Gobierno es a todas las familias que se calefaccionan con pellet, para que compren con responsabilidad, eviten aglomerarse en los puntos de venta y que no acaparen. Si bien hubo una baja en la producci\u00f3n de pellet, esto se est\u00e1 regulando ya que la empresa Ecomas que abastece a gran parte de la zona Sur del pa\u00eds ya est\u00e1 retomando su producci\u00f3n\u00bb, indic\u00f3 la autoridad.<\/span><\/p>\n<p class=\"v1MsoNormal\" style=\"text-align: justify;\"><span lang=\"ES\">\u00abNos parece que tambi\u00e9n es importante se\u00f1alar que a nivel nacional la regi\u00f3n de Ays\u00e9n se encuentra como prioritaria en la log\u00edstica de abastecimiento de pellet que est\u00e1 desarrollando el Ministerio de Energ\u00eda, debido a las condiciones clim\u00e1ticas propias de Ays\u00e9n. Durante el transcurso de la semana deber\u00edan llegar a la unas 205,8 toneladas de pellet para abastecer a los comercializadores de pellet de Coyhaique y Puerto Ays\u00e9n\u00bb, precis\u00f3.<\/span><\/p>\n<p class=\"v1MsoNormal\" style=\"text-align: justify;\">Cabe destacar que a la fecha, los biocombustibles como la le\u00f1a y el pellet no se encuentran regulados por lo que\u00a0ni el Ministerio de Energ\u00eda ni la Superintendencia de Electricidad y Combustibles (SEC) tienen\u00a0la facultad para fiscalizar. Por ello, el proyecto de Ley de Biocombustibles S\u00f3lidos permitir\u00e1 regular los est\u00e1ndares de calidad y permitir a la SEC tener un registro de las empresas productoras de pellets de madera para\u00a0fiscalizarlas\u00a0con un seguimiento, monitoreo y exigiendo planes de emergencia anuales.<\/p>\n<\/div><\/section><\/div><div  style='height:50px' class='hr hr-invisible   avia-builder-el-6  el_after_av_one_full  el_before_av_social_share '><span class='hr-inner ' ><span class='hr-inner-style'><\/span><\/span><\/div><\/p>\n<div  class='av-social-sharing-box  avia-builder-el-7  el_after_av_hr  el_before_av_hr  '><div class='av-share-box'><h5 class='av-share-link-description av-no-toc '>Compartir esta noticia<\/h5><ul class='av-share-box-list noLightbox'><li class='av-share-link av-social-link-facebook' ><a target=\"_blank\" aria-label=\"Compartir en Facebook\" href='https:\/\/www.facebook.com\/sharer.php?u=https:\/\/radiorevelacionfm.cl\/?p=19375&#038;t=Ante%20escasez%20nacional%20de%20pellets%3A%20Gobierno%20reitera%20llamado%20a%20la%20calma%20y%20pide%20no%20acaparar' aria-hidden='false' data-av_icon='\ue8f3' data-av_iconfont='entypo-fontello' title='' data-avia-related-tooltip='Compartir en Facebook' rel=\"noopener\"><span class='avia_hidden_link_text'>Compartir en Facebook<\/span><\/a><\/li><li class='av-share-link av-social-link-twitter' ><a target=\"_blank\" aria-label=\"Compartir en Twitter\" href='https:\/\/twitter.com\/share?text=Ante%20escasez%20nacional%20de%20pellets%3A%20Gobierno%20reitera%20llamado%20a%20la%20calma%20y%20pide%20no%20acaparar&#038;url=https:\/\/radiorevelacionfm.cl\/?p=19375' aria-hidden='false' data-av_icon='\ue8f1' data-av_iconfont='entypo-fontello' title='' data-avia-related-tooltip='Compartir en Twitter' rel=\"noopener\"><span class='avia_hidden_link_text'>Compartir en Twitter<\/span><\/a><\/li><li class='av-share-link av-social-link-whatsapp' ><a target=\"_blank\" aria-label=\"Compartir en Whatsapp\" href='https:\/\/api.whatsapp.com\/send?text=https:\/\/radiorevelacionfm.cl\/?p=19375' aria-hidden='false' data-av_icon='\uf232' data-av_iconfont='entypo-fontello' title='' data-avia-related-tooltip='Compartir en Whatsapp' rel=\"noopener\"><span class='avia_hidden_link_text'>Compartir en Whatsapp<\/span><\/a><\/li><li class='av-share-link av-social-link-linkedin' ><a target=\"_blank\" aria-label=\"Compartir en LinkedIn\" href='https:\/\/linkedin.com\/shareArticle?mini=true&#038;title=Ante%20escasez%20nacional%20de%20pellets%3A%20Gobierno%20reitera%20llamado%20a%20la%20calma%20y%20pide%20no%20acaparar&#038;url=https:\/\/radiorevelacionfm.cl\/?p=19375' aria-hidden='false' data-av_icon='\ue8fc' data-av_iconfont='entypo-fontello' title='' data-avia-related-tooltip='Compartir en LinkedIn' rel=\"noopener\"><span class='avia_hidden_link_text'>Compartir en LinkedIn<\/span><\/a><\/li><li class='av-share-link av-social-link-mail' ><a  aria-label=\"Compartir por correo\" href='mailto:?subject=Ante%20escasez%20nacional%20de%20pellets%3A%20Gobierno%20reitera%20llamado%20a%20la%20calma%20y%20pide%20no%20acaparar&#038;body=https:\/\/radiorevelacionfm.cl\/?p=19375' aria-hidden='false' data-av_icon='\ue805' data-av_iconfont='entypo-fontello' title='' data-avia-related-tooltip='Compartir por correo'><span class='avia_hidden_link_text'>Compartir por correo<\/span><\/a><\/li><\/ul><\/div><\/div>\n<div  style='height:50px' class='hr hr-invisible   avia-builder-el-8  el_after_av_social_share  el_before_av_comments_list '><span class='hr-inner ' ><span class='hr-inner-style'><\/span><\/span><\/div>\n<div  class='av-buildercomment  av-blog-meta-html-info-disabled av-blog-meta-tag-disabled  '><\/div>\n","protected":false},"excerpt":{"rendered":"","protected":false},"author":1,"featured_media":19376,"comment_status":"open","ping_status":"open","sticky":false,"template":"","format":"standard","meta":{"footnotes":""},"categories":[38],"tags":[],"class_list":["post-19375","post","type-post","status-publish","format-standard","has-post-thumbnail","hentry","category-regional"],"jetpack_featured_media_url":"https:\/\/radiorevelacionfm.cl\/wp-content\/uploads\/2022\/07\/pellets-para-estufas-1-1_optimized.jpg","_links":{"self":[{"href":"https:\/\/radiorevelacionfm.cl\/index.php?rest_route=\/wp\/v2\/posts\/19375","targetHints":{"allow":["GET"]}}],"collection":[{"href":"https:\/\/radiorevelacionfm.cl\/index.php?rest_route=\/wp\/v2\/posts"}],"about":[{"href":"https:\/\/radiorevelacionfm.cl\/index.php?rest_route=\/wp\/v2\/types\/post"}],"author":[{"embeddable":true,"href":"https:\/\/radiorevelacionfm.cl\/index.php?rest_route=\/wp\/v2\/users\/1"}],"replies":[{"embeddable":true,"href":"https:\/\/radiorevelacionfm.cl\/index.php?rest_route=%2Fwp%2Fv2%2Fcomments&post=19375"}],"version-history":[{"count":2,"href":"https:\/\/radiorevelacionfm.cl\/index.php?rest_route=\/wp\/v2\/posts\/19375\/revisions"}],"predecessor-version":[{"id":19378,"href":"https:\/\/radiorevelacionfm.cl\/index.php?rest_route=\/wp\/v2\/posts\/19375\/revisions\/19378"}],"wp:featuredmedia":[{"embeddable":true,"href":"https:\/\/radiorevelacionfm.cl\/index.php?rest_route=\/wp\/v2\/media\/19376"}],"wp:attachment":[{"href":"https:\/\/radiorevelacionfm.cl\/index.php?rest_route=%2Fwp%2Fv2%2Fmedia&parent=19375"}],"wp:term":[{"taxonomy":"category","embeddable":true,"href":"https:\/\/radiorevelacionfm.cl\/index.php?rest_route=%2Fwp%2Fv2%2Fcategories&post=19375"},{"taxonomy":"post_tag","embeddable":true,"href":"https:\/\/radiorevelacionfm.cl\/index.php?rest_route=%2Fwp%2Fv2%2Ftags&post=19375"}],"curies":[{"name":"wp","href":"https:\/\/api.w.org\/{rel}","templated":true}]}}