{"id":19372,"date":"2022-07-18T18:27:35","date_gmt":"2022-07-18T21:27:35","guid":{"rendered":"https:\/\/radiorevelacionfm.cl\/?p=19372"},"modified":"2022-07-18T18:27:35","modified_gmt":"2022-07-18T21:27:35","slug":"lanzan-convocatoria-con-mas-de-1-500-becas-de-especializacion-digital","status":"publish","type":"post","link":"https:\/\/radiorevelacionfm.cl\/?p=19372","title":{"rendered":"Lanzan convocatoria con m\u00e1s de 1.500 becas de especializaci\u00f3n digital"},"content":{"rendered":"<div class=\"flex_column av_one_full  flex_column_div av-zero-column-padding first  avia-builder-el-0  el_before_av_one_full  avia-builder-el-first  \" style='border-radius:0px; '><div  class='avia-image-container  av-styling-    avia-builder-el-1  avia-builder-el-no-sibling  avia-align-center '  itemprop=\"image\" itemscope=\"itemscope\" itemtype=\"https:\/\/schema.org\/ImageObject\"  ><div class='avia-image-container-inner'><div class='avia-image-overlay-wrap'><img decoding=\"async\" class='wp-image-19373 avia-img-lazy-loading-not-19373 avia_image' src=\"https:\/\/radiorevelacionfm.cl\/wp-content\/uploads\/2022\/07\/4-64-1_optimized.jpg\" alt='' title='4-(64)-(1)_optimized' height=\"600\" width=\"800\"  itemprop=\"thumbnailUrl\" srcset=\"https:\/\/radiorevelacionfm.cl\/wp-content\/uploads\/2022\/07\/4-64-1_optimized.jpg 800w, https:\/\/radiorevelacionfm.cl\/wp-content\/uploads\/2022\/07\/4-64-1_optimized-300x225.jpg 300w, https:\/\/radiorevelacionfm.cl\/wp-content\/uploads\/2022\/07\/4-64-1_optimized-768x576.jpg 768w, https:\/\/radiorevelacionfm.cl\/wp-content\/uploads\/2022\/07\/4-64-1_optimized-705x529.jpg 705w, https:\/\/radiorevelacionfm.cl\/wp-content\/uploads\/2022\/07\/4-64-1_optimized-600x450.jpg 600w\" sizes=\"(max-width: 800px) 100vw, 800px\" \/><\/div><\/div><\/div><\/div><div class=\"flex_column av_one_full  flex_column_div av-zero-column-padding first  avia-builder-el-2  el_after_av_one_full  el_before_av_one_full  column-top-margin\" style='border-radius:0px; '><section class=\"av_textblock_section \"  itemscope=\"itemscope\" itemtype=\"https:\/\/schema.org\/BlogPosting\" itemprop=\"blogPost\" ><div class='avia_textblock  '   itemprop=\"text\" ><p style=\"text-align: center;\"><strong><span style=\"font-size: 18pt;\">Lanzan convocatoria con m\u00e1s de 1.500 becas de especializaci\u00f3n digital<\/span><\/strong><\/p>\n<div id=\"gtx-trans\" style=\"position: absolute; left: -50px; top: 4.31534px;\">\n<div class=\"gtx-trans-icon\"><\/div>\n<\/div>\n<\/div><\/section><\/div><div class=\"flex_column av_one_full  flex_column_div av-zero-column-padding first  avia-builder-el-4  el_after_av_one_full  el_before_av_hr  column-top-margin\" style='border-radius:0px; '><section class=\"av_textblock_section \"  itemscope=\"itemscope\" itemtype=\"https:\/\/schema.org\/BlogPosting\" itemprop=\"blogPost\" ><div class='avia_textblock  '   itemprop=\"text\" ><p class=\"v1MsoNormal\" style=\"text-align: justify;\">En el marco del programa\u00a0<a href=\"https:\/\/www.corfo.cl\/sites\/becascapitalhumano\/movil\/home\" target=\"_blank\" rel=\"noopener noreferrer\">Becas de Capital Humano<\/a>\u00a0de Corfo y como respuesta a la necesidad del mercado de perfiles especializados en \u00e1reas digitales, Corfo y Talento Digital para Chile convocan a la postulaci\u00f3n de\u00a0<b>\u00abPotencia tu Talento\u00bb,\u00a0<\/b>cuya iniciativa contempla 1.500 becas de especializaci\u00f3n digital que estar\u00e1n distribuidas en 17 cursos enfocados en tecnolog\u00eda, marketing digital e industrias creativas.<\/p>\n<p class=\"v1MsoNormal\" style=\"text-align: justify;\">Esta iniciativa apunta a disminuir la brecha de\u00a0talento que se ha visto incrementada\u00a0por los efectos de la pandemia del coronavirus. E<span lang=\"ES-MX\">n Chile existe una escasez de m\u00e1s de 5 mil profesionales TI<\/span>.\u00a0Ante esta realidad,\u00a0\u00abPotencia Tu Talento\u00bb\u00a0busca capacitar a\u00a0profesionales, emprendedores y emprendedoras de todo el pa\u00eds, que se desempe\u00f1en en diversas industrias\u00a0que\u00a0requieran actualizar sus conocimientos o sus habilidades en el manejo de herramientas digitales para alcanzar mejores perspectivas de trabajo y abrir nuevas oportunidades de negocio en la industria digital.<\/p>\n<p class=\"v1MsoNormal\" style=\"text-align: justify;\">Fernando Johnson Dur\u00e1n, director (s) de Corfo Ays\u00e9n, explic\u00f3 que desde la corporaci\u00f3n se est\u00e1 trabajando fuertemente en una estrategia orientada a fomentar el desarrollo y productividad del pa\u00eds. \u00abEn Chile tenemos una escasez de 5 mil profesionales en Tecnolog\u00edas de Informaci\u00f3n, por lo que, como Corfo, junto a Talento Digital, hemos puesto a disposici\u00f3n mil 500 becas a nivel nacional, para que t\u00e9cnicos y profesionales adquieran nuevos conocimientos con el prop\u00f3sito de que utilicen las tecnolog\u00edas digitales y as\u00ed fortalecer su desempe\u00f1o en las empresas donde trabajan, o sus emprendimientos, aportando con sus nuevas capacidades a la competitividad de nuestro territorio\u00bb, indic\u00f3.<\/p>\n<p class=\"v1MsoNormal\" style=\"text-align: justify;\">Seg\u00fan explic\u00f3 Corfo, la\u00a0pandemia tambi\u00e9n ha\u00a0golpeado con fuerza el empleo y ha convertido los trabajos digitales en una oportunidad para reactivar el mercado laboral y ofrecer\u00a0mejores\u00a0oportunidades a las personas. Ellos son cada vez m\u00e1s demandados, mejor remunerados y ofrecen la posibilidad de trabajo a distancia.<\/p>\n<p class=\"v1MsoNormal\" style=\"text-align: justify;\">En tanto, la directora ejecutiva de Talento Digital para Chile Jeannette Escudero detall\u00f3 que \u00abPotencia Tu Talento es un proyecto que ya cuenta con m\u00e1s de\u00a0<b>1.500<\/b>\u00a0egresadas y egresados en \u00e1reas digitales asociadas a la tecnolog\u00eda, marketing digital e industrias creativas, lo que les ha permitido especializarse y mejorar as\u00ed sus habilidades de cara a un mercado que tiene una necesidad creciente de perfiles digitales\u00bb.<i><\/i><\/p>\n<p class=\"v1MsoNormal\" style=\"text-align: justify;\">Estos cursos ser\u00e1n dictados en modalidad online con clases en vivo y su duraci\u00f3n va desde 40 hasta 177 horas de capacitaci\u00f3n. Desde Corfo se explica que las becas financiar\u00e1n entre el 80% y 90% del costo total del programa y el monto restante debe ser aportado por el participante, mediante el pago de su matr\u00edcula.<\/p>\n<p class=\"v1MsoNormal\" style=\"text-align: justify;\">Las postulaciones estar\u00e1n abiertas hasta el\u00a0<b>28 de julio, a las 15:00 horas<\/b>, a trav\u00e9s de\u00a0<a href=\"http:\/\/www.becascapitalhumano.cl\/\" target=\"_blank\" rel=\"noopener noreferrer\"><b>www.becascapitalhumano.cl<\/b><\/a><span class=\"v1gmail-MsoHyperlink\"><b>\u00a0<\/b><\/span><span class=\"v1gmail-MsoHyperlink\">En este mismo sitio web podr\u00e1n encontrar m\u00e1s informaci\u00f3n de los cursos, los requisitos de postulaci\u00f3n y plazos, entre otros aspectos relevantes.<\/span><\/p>\n<p class=\"v1MsoNormal\" style=\"text-align: justify;\"><span id=\"v1gmail--1246336947\">\u00a0\u00a0\u00a0\u00a0\u00a0<\/span><b>Requisitos de postulaci\u00f3n:<\/b><\/p>\n<p class=\"v1MsoNormal\" style=\"text-align: justify;\">&gt;\u00a0\u00a0\u00a0Ser chilena, chileno, extranjera o extranjero con permanencia definitiva en el pa\u00eds.<\/p>\n<p class=\"v1MsoNormal\" style=\"text-align: justify;\">&gt;\u00a0\u00a0\u00a0Ser t\u00e9cnico, profesional o licenciado en carreras espec\u00edficas asociadas al curso al que postula.<\/p>\n<p class=\"v1MsoNormal\" style=\"text-align: justify;\">&gt;\u00a0\u00a0\u00a0Contar con experiencia laboral espec\u00edfica y acreditada, asociada al tipo de especializaci\u00f3n TIC al que postulen.<\/p>\n<p class=\"v1MsoNormal\" style=\"text-align: justify;\">&gt;\u00a0\u00a0\u00a0Es importante se\u00f1alar que los cursos de especializaci\u00f3n en tecnolog\u00eda consideran la rendici\u00f3n de una prueba de conocimientos espec\u00edficos relacionados al curso.<\/p>\n<p class=\"v1MsoNormal\" style=\"text-align: justify;\"><b>Cursos disponibles:<\/b><\/p>\n<p class=\"v1MsoNormal\" style=\"text-align: justify;\"><b>\u00c1rea \u00abIndustrias Creativas\/TIC:<\/b><\/p>\n<p class=\"v1MsoNormal\" style=\"text-align: justify;\">1.\u00a0\u00a0\u00a0\u00a0\u00a0\u00a0\u00a0Unity XR para realidad aumentada y realidad virtual (100 cupos)<\/p>\n<p class=\"v1MsoNormal\" style=\"text-align: justify;\">2.\u00a0\u00a0\u00a0\u00a0\u00a0\u00a0\u00a0Unreal Engine para realidad aumentada y realidad virtual (100 cupos)<\/p>\n<p class=\"v1MsoNormal\" style=\"text-align: justify;\">3.\u00a0\u00a0\u00a0\u00a0\u00a0\u00a0\u00a0Unreal Engine Intermedio para fotorealismo y experiencias interactivas (50 cupos)<\/p>\n<p class=\"v1MsoNormal\" style=\"text-align: justify;\"><b>\u00c1rea Marketing Digital:<\/b><\/p>\n<p class=\"v1MsoNormal\" style=\"text-align: justify;\">1.\u00a0\u00a0\u00a0\u00a0\u00a0\u00a0\u00a0Comercio electr\u00f3nico (240 cupos)<\/p>\n<p class=\"v1MsoNormal\" style=\"text-align: justify;\">2.\u00a0\u00a0\u00a0\u00a0\u00a0\u00a0\u00a0Growht Marketer (60 cupos)<\/p>\n<p class=\"v1MsoNormal\" style=\"text-align: justify;\">3.\u00a0\u00a0\u00a0\u00a0\u00a0\u00a0\u00a0Content Manager (60 cupos)<\/p>\n<p class=\"v1MsoNormal\" style=\"text-align: justify;\">4.\u00a0\u00a0\u00a0\u00a0\u00a0\u00a0\u00a0Community Manager (60 cupos)<\/p>\n<p class=\"v1MsoNormal\" style=\"text-align: justify;\">5.\u00a0\u00a0\u00a0\u00a0\u00a0\u00a0\u00a0Digital Bussiness Inteligence (60 cupos)<\/p>\n<p class=\"v1MsoNormal\" style=\"text-align: justify;\">6.\u00a0\u00a0\u00a0\u00a0\u00a0\u00a0\u00a0Performance Manager (60 cupos)<\/p>\n<p class=\"v1MsoNormal\" style=\"text-align: justify;\">7.\u00a0\u00a0\u00a0\u00a0\u00a0\u00a0\u00a0Service Design (60 cupos)<\/p>\n<p class=\"v1MsoNormal\" style=\"text-align: justify;\"><b>\u00c1rea Tecnolog\u00edas de la Informaci\u00f3n:<\/b><\/p>\n<p class=\"v1MsoNormal\" style=\"text-align: justify;\">1.\u00a0\u00a0\u00a0\u00a0\u00a0\u00a0\u00a0An\u00e1lisis de Datos (128 cupos)<\/p>\n<p class=\"v1MsoNormal\" style=\"text-align: justify;\">2.\u00a0\u00a0\u00a0\u00a0\u00a0\u00a0\u00a0Ciencia de datos (128 cupos)<\/p>\n<p class=\"v1MsoNormal\" style=\"text-align: justify;\">3.\u00a0\u00a0\u00a0\u00a0\u00a0\u00a0\u00a0Arquitectura Cloud (128 cupos)<\/p>\n<p class=\"v1MsoNormal\" style=\"text-align: justify;\">4.\u00a0\u00a0\u00a0\u00a0\u00a0\u00a0\u00a0Especializaci\u00f3n DevOps (60 cupos)<\/p>\n<p class=\"v1MsoNormal\" style=\"text-align: justify;\">5.\u00a0\u00a0\u00a0\u00a0\u00a0\u00a0\u00a0Especializaci\u00f3n IoT (102 cupos)<\/p>\n<p class=\"v1MsoNormal\" style=\"text-align: justify;\">6.\u00a0\u00a0\u00a0\u00a0\u00a0\u00a0\u00a0Ciberseguridad\u00a0(60 cupos)<\/p>\n<p class=\"v1MsoNormal\" style=\"text-align: justify;\">7.\u00a0\u00a0\u00a0\u00a0\u00a0\u00a0\u00a0Desarrollo de Negocios \u00c1giles (Lean Agile Business)\u00a0(70 cupos)<\/p>\n<p class=\"v1MsoNormal\" style=\"text-align: justify;\">Para conocer en detalle cada uno de los cursos de esta convocatoria, se realizar\u00e1n los siguientes webinar a trav\u00e9s de\u00a0<b>Facebook Live de Corfo:\u00a0<\/b>Cursos Tecnolog\u00eda Lunes 18 julio 2022- 11:00 horas; Cursos Marketing Martes 19 julio &#8211; 11:00 horas; Cursos Creatividad Mi\u00e9rcoles 20 julio &#8211; 11:00 horas. Las tres charlas quedan grabadas en la misma plataforma.<\/p>\n<\/div><\/section><\/div><div  style='height:50px' class='hr hr-invisible   avia-builder-el-6  el_after_av_one_full  el_before_av_social_share '><span class='hr-inner ' ><span class='hr-inner-style'><\/span><\/span><\/div><\/p>\n<div  class='av-social-sharing-box  avia-builder-el-7  el_after_av_hr  el_before_av_hr  '><div class='av-share-box'><h5 class='av-share-link-description av-no-toc '>Compartir esta noticia<\/h5><ul class='av-share-box-list noLightbox'><li class='av-share-link av-social-link-facebook' ><a target=\"_blank\" aria-label=\"Compartir en Facebook\" href='https:\/\/www.facebook.com\/sharer.php?u=https:\/\/radiorevelacionfm.cl\/?p=19372&#038;t=Lanzan%20convocatoria%20con%20m%C3%A1s%20de%201.500%20becas%20de%20especializaci%C3%B3n%20digital' aria-hidden='false' data-av_icon='\ue8f3' data-av_iconfont='entypo-fontello' title='' data-avia-related-tooltip='Compartir en Facebook' rel=\"noopener\"><span class='avia_hidden_link_text'>Compartir en Facebook<\/span><\/a><\/li><li class='av-share-link av-social-link-twitter' ><a target=\"_blank\" aria-label=\"Compartir en Twitter\" href='https:\/\/twitter.com\/share?text=Lanzan%20convocatoria%20con%20m%C3%A1s%20de%201.500%20becas%20de%20especializaci%C3%B3n%20digital&#038;url=https:\/\/radiorevelacionfm.cl\/?p=19372' aria-hidden='false' data-av_icon='\ue8f1' data-av_iconfont='entypo-fontello' title='' data-avia-related-tooltip='Compartir en Twitter' rel=\"noopener\"><span class='avia_hidden_link_text'>Compartir en Twitter<\/span><\/a><\/li><li class='av-share-link av-social-link-whatsapp' ><a target=\"_blank\" aria-label=\"Compartir en Whatsapp\" href='https:\/\/api.whatsapp.com\/send?text=https:\/\/radiorevelacionfm.cl\/?p=19372' aria-hidden='false' data-av_icon='\uf232' data-av_iconfont='entypo-fontello' title='' data-avia-related-tooltip='Compartir en Whatsapp' rel=\"noopener\"><span class='avia_hidden_link_text'>Compartir en Whatsapp<\/span><\/a><\/li><li class='av-share-link av-social-link-linkedin' ><a target=\"_blank\" aria-label=\"Compartir en LinkedIn\" href='https:\/\/linkedin.com\/shareArticle?mini=true&#038;title=Lanzan%20convocatoria%20con%20m%C3%A1s%20de%201.500%20becas%20de%20especializaci%C3%B3n%20digital&#038;url=https:\/\/radiorevelacionfm.cl\/?p=19372' aria-hidden='false' data-av_icon='\ue8fc' data-av_iconfont='entypo-fontello' title='' data-avia-related-tooltip='Compartir en LinkedIn' rel=\"noopener\"><span class='avia_hidden_link_text'>Compartir en LinkedIn<\/span><\/a><\/li><li class='av-share-link av-social-link-mail' ><a  aria-label=\"Compartir por correo\" href='mailto:?subject=Lanzan%20convocatoria%20con%20m%C3%A1s%20de%201.500%20becas%20de%20especializaci%C3%B3n%20digital&#038;body=https:\/\/radiorevelacionfm.cl\/?p=19372' aria-hidden='false' data-av_icon='\ue805' data-av_iconfont='entypo-fontello' title='' data-avia-related-tooltip='Compartir por correo'><span class='avia_hidden_link_text'>Compartir por correo<\/span><\/a><\/li><\/ul><\/div><\/div>\n<div  style='height:50px' class='hr hr-invisible   avia-builder-el-8  el_after_av_social_share  el_before_av_comments_list '><span class='hr-inner ' ><span class='hr-inner-style'><\/span><\/span><\/div>\n<div  class='av-buildercomment  av-blog-meta-html-info-disabled av-blog-meta-tag-disabled  '><\/div>\n","protected":false},"excerpt":{"rendered":"","protected":false},"author":1,"featured_media":19373,"comment_status":"open","ping_status":"open","sticky":false,"template":"","format":"standard","meta":{"footnotes":""},"categories":[38],"tags":[],"class_list":["post-19372","post","type-post","status-publish","format-standard","has-post-thumbnail","hentry","category-regional"],"jetpack_featured_media_url":"https:\/\/radiorevelacionfm.cl\/wp-content\/uploads\/2022\/07\/4-64-1_optimized.jpg","_links":{"self":[{"href":"https:\/\/radiorevelacionfm.cl\/index.php?rest_route=\/wp\/v2\/posts\/19372","targetHints":{"allow":["GET"]}}],"collection":[{"href":"https:\/\/radiorevelacionfm.cl\/index.php?rest_route=\/wp\/v2\/posts"}],"about":[{"href":"https:\/\/radiorevelacionfm.cl\/index.php?rest_route=\/wp\/v2\/types\/post"}],"author":[{"embeddable":true,"href":"https:\/\/radiorevelacionfm.cl\/index.php?rest_route=\/wp\/v2\/users\/1"}],"replies":[{"embeddable":true,"href":"https:\/\/radiorevelacionfm.cl\/index.php?rest_route=%2Fwp%2Fv2%2Fcomments&post=19372"}],"version-history":[{"count":2,"href":"https:\/\/radiorevelacionfm.cl\/index.php?rest_route=\/wp\/v2\/posts\/19372\/revisions"}],"predecessor-version":[{"id":19382,"href":"https:\/\/radiorevelacionfm.cl\/index.php?rest_route=\/wp\/v2\/posts\/19372\/revisions\/19382"}],"wp:featuredmedia":[{"embeddable":true,"href":"https:\/\/radiorevelacionfm.cl\/index.php?rest_route=\/wp\/v2\/media\/19373"}],"wp:attachment":[{"href":"https:\/\/radiorevelacionfm.cl\/index.php?rest_route=%2Fwp%2Fv2%2Fmedia&parent=19372"}],"wp:term":[{"taxonomy":"category","embeddable":true,"href":"https:\/\/radiorevelacionfm.cl\/index.php?rest_route=%2Fwp%2Fv2%2Fcategories&post=19372"},{"taxonomy":"post_tag","embeddable":true,"href":"https:\/\/radiorevelacionfm.cl\/index.php?rest_route=%2Fwp%2Fv2%2Ftags&post=19372"}],"curies":[{"name":"wp","href":"https:\/\/api.w.org\/{rel}","templated":true}]}}