{"id":19368,"date":"2022-07-18T17:00:03","date_gmt":"2022-07-18T20:00:03","guid":{"rendered":"https:\/\/radiorevelacionfm.cl\/?p=19368"},"modified":"2022-07-18T17:00:03","modified_gmt":"2022-07-18T20:00:03","slug":"delegado-articula-trabajo-con-ministro-de-vivienda-para-prioridades-habitacionales-de-aysen","status":"publish","type":"post","link":"https:\/\/radiorevelacionfm.cl\/?p=19368","title":{"rendered":"Delegado articula trabajo con Ministro de Vivienda para prioridades habitacionales de Ays\u00e9n"},"content":{"rendered":"<div class=\"flex_column av_one_full  flex_column_div av-zero-column-padding first  avia-builder-el-0  el_before_av_one_full  avia-builder-el-first  \" style='border-radius:0px; '><div  class='avia-image-container  av-styling-    avia-builder-el-1  avia-builder-el-no-sibling  avia-align-center '  itemprop=\"image\" itemscope=\"itemscope\" itemtype=\"https:\/\/schema.org\/ImageObject\"  ><div class='avia-image-container-inner'><div class='avia-image-overlay-wrap'><img decoding=\"async\" class='wp-image-19369 avia-img-lazy-loading-not-19369 avia_image' src=\"https:\/\/radiorevelacionfm.cl\/wp-content\/uploads\/2022\/07\/IMG_5912-1-1.jpg\" alt='' title='IMG_5912 (1) (1)' height=\"600\" width=\"846\"  itemprop=\"thumbnailUrl\" srcset=\"https:\/\/radiorevelacionfm.cl\/wp-content\/uploads\/2022\/07\/IMG_5912-1-1.jpg 846w, https:\/\/radiorevelacionfm.cl\/wp-content\/uploads\/2022\/07\/IMG_5912-1-1-300x213.jpg 300w, https:\/\/radiorevelacionfm.cl\/wp-content\/uploads\/2022\/07\/IMG_5912-1-1-768x545.jpg 768w, https:\/\/radiorevelacionfm.cl\/wp-content\/uploads\/2022\/07\/IMG_5912-1-1-260x185.jpg 260w, https:\/\/radiorevelacionfm.cl\/wp-content\/uploads\/2022\/07\/IMG_5912-1-1-705x500.jpg 705w, https:\/\/radiorevelacionfm.cl\/wp-content\/uploads\/2022\/07\/IMG_5912-1-1-600x426.jpg 600w\" sizes=\"(max-width: 846px) 100vw, 846px\" \/><\/div><\/div><\/div><\/div><div class=\"flex_column av_one_full  flex_column_div av-zero-column-padding first  avia-builder-el-2  el_after_av_one_full  el_before_av_one_full  column-top-margin\" style='border-radius:0px; '><section class=\"av_textblock_section \"  itemscope=\"itemscope\" itemtype=\"https:\/\/schema.org\/BlogPosting\" itemprop=\"blogPost\" ><div class='avia_textblock  '   itemprop=\"text\" ><p style=\"text-align: center;\"><strong><span style=\"font-size: 18pt;\">Delegado articula trabajo con Ministro de Vivienda para prioridades habitacionales de Ays\u00e9n<\/span><\/strong><\/p>\n<div id=\"gtx-trans\" style=\"position: absolute; left: -50px; top: 4.31534px;\">\n<div class=\"gtx-trans-icon\"><\/div>\n<\/div>\n<\/div><\/section><\/div><div class=\"flex_column av_one_full  flex_column_div av-zero-column-padding first  avia-builder-el-4  el_after_av_one_full  el_before_av_hr  column-top-margin\" style='border-radius:0px; '><section class=\"av_textblock_section \"  itemscope=\"itemscope\" itemtype=\"https:\/\/schema.org\/BlogPosting\" itemprop=\"blogPost\" ><div class='avia_textblock  '   itemprop=\"text\" ><p style=\"text-align: justify;\">En el Ministerio de Vivienda y Urbanismo en Santiago se reunieron el ministro Carlos Montes, el Delegado Presidencial Regional, Rodrigo Araya Morales y la seremi Paulina Ruz, con el objetivo de fortalecer el trabajo conjunto para las prioridades habitacionales de la Regi\u00f3n de Ays\u00e9n.<\/p>\n<p style=\"text-align: justify;\">Entre los temas abordados estuvo los programas habitacionales en curso, la disponibilidad de terrenos para conjuntos habitacionales, la implementaci\u00f3n de nuevos programas y la fragmentaci\u00f3n de predios producto de la subdidivisi\u00f3n o megaloteos.<\/p>\n<p style=\"text-align: justify;\">\u201cHemos conversado con respecto a lo que se necesita en la regi\u00f3n, las alternativas que tenemos y lo importante es seguir trabajando en el tema de vivienda, con respeto a toda nuestra comunidad. Tambi\u00e9n, mencionamos la importancia de trabajar para mejorar todo el aparato estatal, en relaci\u00f3n al tema de los megaloteos, que es un problema que preocupa a muchos de nuestros ciudadanos\u201d, sintetiz\u00f3 Rodrigo Araya al t\u00e9rmino de la reuni\u00f3n.<\/p>\n<p style=\"text-align: justify;\">El Ministro Montes subray\u00f3 la importancia de la coordinaci\u00f3n nacional y regional en la implementaci\u00f3n de las pol\u00edticas habitacionales en los distintos territorios.<\/p>\n<p style=\"text-align: justify;\">\u201cLos temas de vivienda y tambi\u00e9n los problemas de los loteos, que est\u00e1n creciendo con mucha fuerza en el sector. Creo que el Delegado tiene una visi\u00f3n clara y precisa de esto y c\u00f3mo enfrentarlo, pero tenemos que unir la fuerza y la iniciativa a nivel central con el nivel regional. Ha estado tambi\u00e9n con nosotros la seremi. La cuesti\u00f3n es poder actuar\u201d, indic\u00f3.<\/p>\n<p style=\"text-align: justify;\">La Seremi Paulina Ruz indic\u00f3 que el Plan de Emergencia Habitacional del Gobierno estableci\u00f3 las directrices del sector en materia de vivienda, en un trabajo que se est\u00e1 desarrollando junto con las municipalidades.<\/p>\n<p style=\"text-align: justify;\">\u201cA nivel sectorial y regional tenemos una meta de construir casi 1.300 viviendas a lo largo de este gobierno. Esto hace factible abrir las conversaciones sobre c\u00f3mo podemos adquirir terrenos, tambi\u00e9n sobre las alternativas para construir viviendas a menor costo y que puedan abarcar mayor respuesta a la gente de la Regi\u00f3n de Ays\u00e9n. Tenemos el desaf\u00edo de construir viviendas en aquellos lugares m\u00e1s apartados de la regi\u00f3n, sobre todo, en aquellas comunas donde hace mucho tiempo no hay proyectos habitacionales, como la comuna de Guaitecas, lo que reafirma la conversaci\u00f3n con los alcaldes y que transparentamos al Ministro, sobre c\u00f3mo vamos aunando fuerzas para superar este d\u00e9ficit habitacional\u201d, detall\u00f3.<\/p>\n<p style=\"text-align: justify;\">Para este a\u00f1o, el presupuesto regional del Ministerio de Vivienda y Urbanismo alcanza a 8 mil 500 millones de pesos para obras urbanas y m\u00e1s de 56 mil millones para demandas habitacionales, lo que permitir\u00e1 entregar m\u00e1s de 2.600 subsidios habitacionales mediante los programas Fondo Solidario, Rural, Sectores Medios, Arriendo y Mejoramiento, entre otros.<\/p>\n<\/div><\/section><\/div><div  style='height:50px' class='hr hr-invisible   avia-builder-el-6  el_after_av_one_full  el_before_av_social_share '><span class='hr-inner ' ><span class='hr-inner-style'><\/span><\/span><\/div><\/p>\n<div  class='av-social-sharing-box  avia-builder-el-7  el_after_av_hr  el_before_av_hr  '><div class='av-share-box'><h5 class='av-share-link-description av-no-toc '>Compartir esta noticia<\/h5><ul class='av-share-box-list noLightbox'><li class='av-share-link av-social-link-facebook' ><a target=\"_blank\" aria-label=\"Compartir en Facebook\" href='https:\/\/www.facebook.com\/sharer.php?u=https:\/\/radiorevelacionfm.cl\/?p=19368&#038;t=Delegado%20articula%20trabajo%20con%20Ministro%20de%20Vivienda%20para%20prioridades%20habitacionales%20de%20Ays%C3%A9n' aria-hidden='false' data-av_icon='\ue8f3' data-av_iconfont='entypo-fontello' title='' data-avia-related-tooltip='Compartir en Facebook' rel=\"noopener\"><span class='avia_hidden_link_text'>Compartir en Facebook<\/span><\/a><\/li><li class='av-share-link av-social-link-twitter' ><a target=\"_blank\" aria-label=\"Compartir en Twitter\" href='https:\/\/twitter.com\/share?text=Delegado%20articula%20trabajo%20con%20Ministro%20de%20Vivienda%20para%20prioridades%20habitacionales%20de%20Ays%C3%A9n&#038;url=https:\/\/radiorevelacionfm.cl\/?p=19368' aria-hidden='false' data-av_icon='\ue8f1' data-av_iconfont='entypo-fontello' title='' data-avia-related-tooltip='Compartir en Twitter' rel=\"noopener\"><span class='avia_hidden_link_text'>Compartir en Twitter<\/span><\/a><\/li><li class='av-share-link av-social-link-whatsapp' ><a target=\"_blank\" aria-label=\"Compartir en Whatsapp\" href='https:\/\/api.whatsapp.com\/send?text=https:\/\/radiorevelacionfm.cl\/?p=19368' aria-hidden='false' data-av_icon='\uf232' data-av_iconfont='entypo-fontello' title='' data-avia-related-tooltip='Compartir en Whatsapp' rel=\"noopener\"><span class='avia_hidden_link_text'>Compartir en Whatsapp<\/span><\/a><\/li><li class='av-share-link av-social-link-linkedin' ><a target=\"_blank\" aria-label=\"Compartir en LinkedIn\" href='https:\/\/linkedin.com\/shareArticle?mini=true&#038;title=Delegado%20articula%20trabajo%20con%20Ministro%20de%20Vivienda%20para%20prioridades%20habitacionales%20de%20Ays%C3%A9n&#038;url=https:\/\/radiorevelacionfm.cl\/?p=19368' aria-hidden='false' data-av_icon='\ue8fc' data-av_iconfont='entypo-fontello' title='' data-avia-related-tooltip='Compartir en LinkedIn' rel=\"noopener\"><span class='avia_hidden_link_text'>Compartir en LinkedIn<\/span><\/a><\/li><li class='av-share-link av-social-link-mail' ><a  aria-label=\"Compartir por correo\" href='mailto:?subject=Delegado%20articula%20trabajo%20con%20Ministro%20de%20Vivienda%20para%20prioridades%20habitacionales%20de%20Ays%C3%A9n&#038;body=https:\/\/radiorevelacionfm.cl\/?p=19368' aria-hidden='false' data-av_icon='\ue805' data-av_iconfont='entypo-fontello' title='' data-avia-related-tooltip='Compartir por correo'><span class='avia_hidden_link_text'>Compartir por correo<\/span><\/a><\/li><\/ul><\/div><\/div>\n<div  style='height:50px' class='hr hr-invisible   avia-builder-el-8  el_after_av_social_share  el_before_av_comments_list '><span class='hr-inner ' ><span class='hr-inner-style'><\/span><\/span><\/div>\n<div  class='av-buildercomment  av-blog-meta-html-info-disabled av-blog-meta-tag-disabled  '><\/div>\n","protected":false},"excerpt":{"rendered":"","protected":false},"author":1,"featured_media":19369,"comment_status":"open","ping_status":"open","sticky":false,"template":"","format":"standard","meta":{"footnotes":""},"categories":[38],"tags":[],"class_list":["post-19368","post","type-post","status-publish","format-standard","has-post-thumbnail","hentry","category-regional"],"jetpack_featured_media_url":"https:\/\/radiorevelacionfm.cl\/wp-content\/uploads\/2022\/07\/IMG_5912-1-1.jpg","_links":{"self":[{"href":"https:\/\/radiorevelacionfm.cl\/index.php?rest_route=\/wp\/v2\/posts\/19368","targetHints":{"allow":["GET"]}}],"collection":[{"href":"https:\/\/radiorevelacionfm.cl\/index.php?rest_route=\/wp\/v2\/posts"}],"about":[{"href":"https:\/\/radiorevelacionfm.cl\/index.php?rest_route=\/wp\/v2\/types\/post"}],"author":[{"embeddable":true,"href":"https:\/\/radiorevelacionfm.cl\/index.php?rest_route=\/wp\/v2\/users\/1"}],"replies":[{"embeddable":true,"href":"https:\/\/radiorevelacionfm.cl\/index.php?rest_route=%2Fwp%2Fv2%2Fcomments&post=19368"}],"version-history":[{"count":2,"href":"https:\/\/radiorevelacionfm.cl\/index.php?rest_route=\/wp\/v2\/posts\/19368\/revisions"}],"predecessor-version":[{"id":19371,"href":"https:\/\/radiorevelacionfm.cl\/index.php?rest_route=\/wp\/v2\/posts\/19368\/revisions\/19371"}],"wp:featuredmedia":[{"embeddable":true,"href":"https:\/\/radiorevelacionfm.cl\/index.php?rest_route=\/wp\/v2\/media\/19369"}],"wp:attachment":[{"href":"https:\/\/radiorevelacionfm.cl\/index.php?rest_route=%2Fwp%2Fv2%2Fmedia&parent=19368"}],"wp:term":[{"taxonomy":"category","embeddable":true,"href":"https:\/\/radiorevelacionfm.cl\/index.php?rest_route=%2Fwp%2Fv2%2Fcategories&post=19368"},{"taxonomy":"post_tag","embeddable":true,"href":"https:\/\/radiorevelacionfm.cl\/index.php?rest_route=%2Fwp%2Fv2%2Ftags&post=19368"}],"curies":[{"name":"wp","href":"https:\/\/api.w.org\/{rel}","templated":true}]}}