{"id":19365,"date":"2022-07-20T10:17:20","date_gmt":"2022-07-20T13:17:20","guid":{"rendered":"https:\/\/radiorevelacionfm.cl\/?p=19365"},"modified":"2022-07-20T10:17:20","modified_gmt":"2022-07-20T13:17:20","slug":"detallan-convocatoria-al-programa-de-fortalecimiento-gremial-y-cooperativo-con-foco-en-el-sector-cultural","status":"publish","type":"post","link":"https:\/\/radiorevelacionfm.cl\/?p=19365","title":{"rendered":"Detallan convocatoria al Programa de Fortalecimiento Gremial y Cooperativo con foco en el sector cultural"},"content":{"rendered":"<div class=\"flex_column av_one_full  flex_column_div av-zero-column-padding first  avia-builder-el-0  el_before_av_one_full  avia-builder-el-first  \" style='border-radius:0px; '><div  class='avia-image-container  av-styling-    avia-builder-el-1  avia-builder-el-no-sibling  avia-align-center '  itemprop=\"image\" itemscope=\"itemscope\" itemtype=\"https:\/\/schema.org\/ImageObject\"  ><div class='avia-image-container-inner'><div class='avia-image-overlay-wrap'><img decoding=\"async\" class='wp-image-19418 avia-img-lazy-loading-not-19418 avia_image' src=\"https:\/\/radiorevelacionfm.cl\/wp-content\/uploads\/2022\/07\/sercotec-3-1_optimized.jpg\" alt='' title='sercotec-3-(1)_optimized' height=\"600\" width=\"942\"  itemprop=\"thumbnailUrl\" srcset=\"https:\/\/radiorevelacionfm.cl\/wp-content\/uploads\/2022\/07\/sercotec-3-1_optimized.jpg 942w, https:\/\/radiorevelacionfm.cl\/wp-content\/uploads\/2022\/07\/sercotec-3-1_optimized-300x191.jpg 300w, https:\/\/radiorevelacionfm.cl\/wp-content\/uploads\/2022\/07\/sercotec-3-1_optimized-768x489.jpg 768w, https:\/\/radiorevelacionfm.cl\/wp-content\/uploads\/2022\/07\/sercotec-3-1_optimized-705x449.jpg 705w, https:\/\/radiorevelacionfm.cl\/wp-content\/uploads\/2022\/07\/sercotec-3-1_optimized-600x382.jpg 600w\" sizes=\"(max-width: 942px) 100vw, 942px\" \/><\/div><\/div><\/div><\/div><div class=\"flex_column av_one_full  flex_column_div av-zero-column-padding first  avia-builder-el-2  el_after_av_one_full  el_before_av_one_full  column-top-margin\" style='border-radius:0px; '><section class=\"av_textblock_section \"  itemscope=\"itemscope\" itemtype=\"https:\/\/schema.org\/BlogPosting\" itemprop=\"blogPost\" ><div class='avia_textblock  '   itemprop=\"text\" ><p style=\"text-align: center;\"><strong><span style=\"font-size: 18pt;\">Detallan convocatoria al Programa de Fortalecimiento Gremial y Cooperativo con foco en el sector cultural<\/span><\/strong><\/p>\n<div id=\"gtx-trans\" style=\"position: absolute; left: -50px; top: 4.31534px;\">\n<div class=\"gtx-trans-icon\"><\/div>\n<\/div>\n<\/div><\/section><\/div><div class=\"flex_column av_one_full  flex_column_div av-zero-column-padding first  avia-builder-el-4  el_after_av_one_full  el_before_av_hr  column-top-margin\" style='border-radius:0px; '><section class=\"av_textblock_section \"  itemscope=\"itemscope\" itemtype=\"https:\/\/schema.org\/BlogPosting\" itemprop=\"blogPost\" ><div class='avia_textblock  '   itemprop=\"text\" ><p class=\"v1p6\" style=\"text-align: justify;\">Los seremis de Culturas Ays\u00e9n, Felipe Quiroz; de Econom\u00eda, Rosa Machac\u00e1n; y la directora (s) de Sercotec Ays\u00e9n, Ivonne Pereira, entregaron los detalles del\u00a0Programa de Fortalecimiento Gremial y Cooperativo, iniciativa que apunta a la reactivaci\u00f3n de organizaciones con foco especial en actividades de cultura, turismo y emprendimiento femenino, y que forma parte del Plan Chile Apoya, impulsado por el Gobierno del presidente Gabriel Boric.<\/p>\n<p class=\"v1p6\" style=\"text-align: justify;\">El Programa de Fortalecimiento Gremial y Cooperativo es un fondo concursable que opera en todo el territorio, destinado a financiar tanto la creaci\u00f3n de cooperativas, como el fortalecimiento de estas y asociaciones de pymes existentes. Con este programa se busca contribuir al fortalecimiento de la asociatividad, la mejora de la capacidad de gesti\u00f3n y el avance tecnol\u00f3gico de estas organizaciones.<\/p>\n<p class=\"v1p6\" style=\"text-align: justify;\">Esta herramienta de apoyo interministerial impacta positivamente a gremios y cooperativas que dan vida al ecosistema cultural, lo que da cuenta del compromiso de esta administraci\u00f3n para impulsar la reactivaci\u00f3n del sector y mejorar sus condiciones de trabajo, despu\u00e9s de dos a\u00f1os de actividades paralizadas por las medidas sanitarias de la pandemia.<\/p>\n<p class=\"v1p6\" style=\"text-align: justify;\">El Seremi de Culturas Ays\u00e9n, Felipe Quiroz, dijo que \u00abesta es una gran noticia para el sector cultural, pues busca la reactivaci\u00f3n de organizaciones gremiales y cooperativas, y sabemos que en nuestra \u00e1rea la asociatividad es clave para desarrollar iniciativas. A nivel regional contamos con 123 millones de pesos y esperamos beneficiar al menos a 3 agrupaciones\u00bb.<\/p>\n<p class=\"v1p6\" style=\"text-align: justify;\">La seremi de Econom\u00eda, Rosa Machac\u00e1n, dijo que \u00abqueremos dejar invitadas a todas las agrupaciones o que est\u00e9n pensando en formar una agrupaci\u00f3n gremial, del \u00e1mbito cultural, tur\u00edstico o de emprendimiento femenino\u00bb.<\/p>\n<p class=\"v1p6\" style=\"text-align: justify;\">El subsidio no reembolsable podr\u00e1 destinarse al financiamiento de acciones de gesti\u00f3n empresarial, inversiones o capital de trabajo, como remuneraciones, arriendos o consumos generales.<\/p>\n<p class=\"v1p6\" style=\"text-align: justify;\">Hay dos l\u00edneas de postulaci\u00f3n: Fortalecimiento de cooperativas existentes, con un monto m\u00e1ximo de 35 millones de pesos; y Creaci\u00f3n y desarrollo de cooperativas, con un tope de 25 millones de pesos.<\/p>\n<p class=\"v1p6\" style=\"text-align: justify;\">Ambas l\u00edneas est\u00e1n abiertas a cooperativas de cualquier sector econ\u00f3mico. No obstante, se priorizar\u00e1 con un mayor puntaje en la evaluaci\u00f3n y selecci\u00f3n a cooperativas del sector cultura, turismo y a la participaci\u00f3n de mujeres en la organizaci\u00f3n<\/p>\n<p class=\"v1p6\" style=\"text-align: justify;\">Las convocatorias est\u00e1n abiertas hasta el 04 de agosto a las 15:00 en www.sercotec.cl, donde los postulantes deben acceder a la regi\u00f3n respectiva y descargar las bases y la ficha de postulaci\u00f3n.<\/p>\n<\/div><\/section><\/div><div  style='height:50px' class='hr hr-invisible   avia-builder-el-6  el_after_av_one_full  el_before_av_social_share '><span class='hr-inner ' ><span class='hr-inner-style'><\/span><\/span><\/div><\/p>\n<div  class='av-social-sharing-box  avia-builder-el-7  el_after_av_hr  el_before_av_hr  '><div class='av-share-box'><h5 class='av-share-link-description av-no-toc '>Compartir esta noticia<\/h5><ul class='av-share-box-list noLightbox'><li class='av-share-link av-social-link-facebook' ><a target=\"_blank\" aria-label=\"Compartir en Facebook\" href='https:\/\/www.facebook.com\/sharer.php?u=https:\/\/radiorevelacionfm.cl\/?p=19365&#038;t=Detallan%20convocatoria%20al%20Programa%20de%20Fortalecimiento%20Gremial%20y%20Cooperativo%20con%20foco%20en%20el%20sector%20cultural' aria-hidden='false' data-av_icon='\ue8f3' data-av_iconfont='entypo-fontello' title='' data-avia-related-tooltip='Compartir en Facebook' rel=\"noopener\"><span class='avia_hidden_link_text'>Compartir en Facebook<\/span><\/a><\/li><li class='av-share-link av-social-link-twitter' ><a target=\"_blank\" aria-label=\"Compartir en Twitter\" href='https:\/\/twitter.com\/share?text=Detallan%20convocatoria%20al%20Programa%20de%20Fortalecimiento%20Gremial%20y%20Cooperativo%20con%20foco%20en%20el%20sector%20cultural&#038;url=https:\/\/radiorevelacionfm.cl\/?p=19365' aria-hidden='false' data-av_icon='\ue8f1' data-av_iconfont='entypo-fontello' title='' data-avia-related-tooltip='Compartir en Twitter' rel=\"noopener\"><span class='avia_hidden_link_text'>Compartir en Twitter<\/span><\/a><\/li><li class='av-share-link av-social-link-whatsapp' ><a target=\"_blank\" aria-label=\"Compartir en Whatsapp\" href='https:\/\/api.whatsapp.com\/send?text=https:\/\/radiorevelacionfm.cl\/?p=19365' aria-hidden='false' data-av_icon='\uf232' data-av_iconfont='entypo-fontello' title='' data-avia-related-tooltip='Compartir en Whatsapp' rel=\"noopener\"><span class='avia_hidden_link_text'>Compartir en Whatsapp<\/span><\/a><\/li><li class='av-share-link av-social-link-linkedin' ><a target=\"_blank\" aria-label=\"Compartir en LinkedIn\" href='https:\/\/linkedin.com\/shareArticle?mini=true&#038;title=Detallan%20convocatoria%20al%20Programa%20de%20Fortalecimiento%20Gremial%20y%20Cooperativo%20con%20foco%20en%20el%20sector%20cultural&#038;url=https:\/\/radiorevelacionfm.cl\/?p=19365' aria-hidden='false' data-av_icon='\ue8fc' data-av_iconfont='entypo-fontello' title='' data-avia-related-tooltip='Compartir en LinkedIn' rel=\"noopener\"><span class='avia_hidden_link_text'>Compartir en LinkedIn<\/span><\/a><\/li><li class='av-share-link av-social-link-mail' ><a  aria-label=\"Compartir por correo\" href='mailto:?subject=Detallan%20convocatoria%20al%20Programa%20de%20Fortalecimiento%20Gremial%20y%20Cooperativo%20con%20foco%20en%20el%20sector%20cultural&#038;body=https:\/\/radiorevelacionfm.cl\/?p=19365' aria-hidden='false' data-av_icon='\ue805' data-av_iconfont='entypo-fontello' title='' data-avia-related-tooltip='Compartir por correo'><span class='avia_hidden_link_text'>Compartir por correo<\/span><\/a><\/li><\/ul><\/div><\/div>\n<div  style='height:50px' class='hr hr-invisible   avia-builder-el-8  el_after_av_social_share  el_before_av_comments_list '><span class='hr-inner ' ><span class='hr-inner-style'><\/span><\/span><\/div>\n<div  class='av-buildercomment  av-blog-meta-html-info-disabled av-blog-meta-tag-disabled  '><\/div>\n","protected":false},"excerpt":{"rendered":"","protected":false},"author":1,"featured_media":19418,"comment_status":"open","ping_status":"open","sticky":false,"template":"","format":"standard","meta":{"footnotes":""},"categories":[52],"tags":[],"class_list":["post-19365","post","type-post","status-publish","format-standard","has-post-thumbnail","hentry","category-cultura"],"jetpack_featured_media_url":"https:\/\/radiorevelacionfm.cl\/wp-content\/uploads\/2022\/07\/sercotec-3-1_optimized.jpg","_links":{"self":[{"href":"https:\/\/radiorevelacionfm.cl\/index.php?rest_route=\/wp\/v2\/posts\/19365","targetHints":{"allow":["GET"]}}],"collection":[{"href":"https:\/\/radiorevelacionfm.cl\/index.php?rest_route=\/wp\/v2\/posts"}],"about":[{"href":"https:\/\/radiorevelacionfm.cl\/index.php?rest_route=\/wp\/v2\/types\/post"}],"author":[{"embeddable":true,"href":"https:\/\/radiorevelacionfm.cl\/index.php?rest_route=\/wp\/v2\/users\/1"}],"replies":[{"embeddable":true,"href":"https:\/\/radiorevelacionfm.cl\/index.php?rest_route=%2Fwp%2Fv2%2Fcomments&post=19365"}],"version-history":[{"count":3,"href":"https:\/\/radiorevelacionfm.cl\/index.php?rest_route=\/wp\/v2\/posts\/19365\/revisions"}],"predecessor-version":[{"id":19439,"href":"https:\/\/radiorevelacionfm.cl\/index.php?rest_route=\/wp\/v2\/posts\/19365\/revisions\/19439"}],"wp:featuredmedia":[{"embeddable":true,"href":"https:\/\/radiorevelacionfm.cl\/index.php?rest_route=\/wp\/v2\/media\/19418"}],"wp:attachment":[{"href":"https:\/\/radiorevelacionfm.cl\/index.php?rest_route=%2Fwp%2Fv2%2Fmedia&parent=19365"}],"wp:term":[{"taxonomy":"category","embeddable":true,"href":"https:\/\/radiorevelacionfm.cl\/index.php?rest_route=%2Fwp%2Fv2%2Fcategories&post=19365"},{"taxonomy":"post_tag","embeddable":true,"href":"https:\/\/radiorevelacionfm.cl\/index.php?rest_route=%2Fwp%2Fv2%2Ftags&post=19365"}],"curies":[{"name":"wp","href":"https:\/\/api.w.org\/{rel}","templated":true}]}}