{"id":19359,"date":"2022-07-19T12:21:38","date_gmt":"2022-07-19T15:21:38","guid":{"rendered":"https:\/\/radiorevelacionfm.cl\/?p=19359"},"modified":"2022-07-19T12:21:38","modified_gmt":"2022-07-19T15:21:38","slug":"subdere-aysen-se-reune-con-gobernadora-para-iniciar-mesas-de-trabajo-en-relevantes-temas-para-la-region","status":"publish","type":"post","link":"https:\/\/radiorevelacionfm.cl\/?p=19359","title":{"rendered":"Subdere Ays\u00e9n se re\u00fane con Gobernadora para iniciar mesas de trabajo en relevantes temas para la regi\u00f3n"},"content":{"rendered":"<div class=\"flex_column av_one_full  flex_column_div av-zero-column-padding first  avia-builder-el-0  el_before_av_one_full  avia-builder-el-first  \" style='border-radius:0px; '><div  class='avia-image-container  av-styling-    avia-builder-el-1  avia-builder-el-no-sibling  avia-align-center '  itemprop=\"image\" itemscope=\"itemscope\" itemtype=\"https:\/\/schema.org\/ImageObject\"  ><div class='avia-image-container-inner'><div class='avia-image-overlay-wrap'><img decoding=\"async\" class='wp-image-19360 avia-img-lazy-loading-not-19360 avia_image' src=\"https:\/\/radiorevelacionfm.cl\/wp-content\/uploads\/2022\/07\/unnamed-31-1-1.jpg\" alt='' title='unnamed (31) (1) (1)' height=\"600\" width=\"891\"  itemprop=\"thumbnailUrl\" srcset=\"https:\/\/radiorevelacionfm.cl\/wp-content\/uploads\/2022\/07\/unnamed-31-1-1.jpg 891w, https:\/\/radiorevelacionfm.cl\/wp-content\/uploads\/2022\/07\/unnamed-31-1-1-300x202.jpg 300w, https:\/\/radiorevelacionfm.cl\/wp-content\/uploads\/2022\/07\/unnamed-31-1-1-768x517.jpg 768w, https:\/\/radiorevelacionfm.cl\/wp-content\/uploads\/2022\/07\/unnamed-31-1-1-705x475.jpg 705w, https:\/\/radiorevelacionfm.cl\/wp-content\/uploads\/2022\/07\/unnamed-31-1-1-600x404.jpg 600w\" sizes=\"(max-width: 891px) 100vw, 891px\" \/><\/div><\/div><\/div><\/div><div class=\"flex_column av_one_full  flex_column_div av-zero-column-padding first  avia-builder-el-2  el_after_av_one_full  el_before_av_one_full  column-top-margin\" style='border-radius:0px; '><section class=\"av_textblock_section \"  itemscope=\"itemscope\" itemtype=\"https:\/\/schema.org\/BlogPosting\" itemprop=\"blogPost\" ><div class='avia_textblock  '   itemprop=\"text\" ><p style=\"text-align: center;\"><span style=\"font-size: 18pt;\"><b>Subdere Ays\u00e9n se re\u00fane con Gobernadora para iniciar mesas de trabajo en relevantes temas para la regi\u00f3n<\/b><\/span><\/p>\n<div id=\"gtx-trans\" style=\"position: absolute; left: -50px; top: 4.31534px;\">\n<div class=\"gtx-trans-icon\"><\/div>\n<\/div>\n<\/div><\/section><\/div><div class=\"flex_column av_one_full  flex_column_div av-zero-column-padding first  avia-builder-el-4  el_after_av_one_full  el_before_av_hr  column-top-margin\" style='border-radius:0px; '><section class=\"av_textblock_section \"  itemscope=\"itemscope\" itemtype=\"https:\/\/schema.org\/BlogPosting\" itemprop=\"blogPost\" ><div class='avia_textblock  '   itemprop=\"text\" ><p style=\"text-align: justify;\">En el encuentro acordaron avanzar en conjunto en temas patrimoniales, de apoyo t\u00e9cnico, de ordenamiento territorial, zonas extremas y de rezago y por cierto en impulsar la descentralizaci\u00f3n.<\/p>\n<p style=\"font-weight: 400; text-align: justify;\">Un importante encuentro sostuvo el jefe regional Subdere Ays\u00e9n, Guillermo Mart\u00ednez y la Gobernadora regional, Andrea Mac\u00edas, para iniciar diferentes mesas de trabajo que permitir\u00e1n avanzar en relevantes temas en el marco de la descentralizaci\u00f3n que impulsa el Gobierno y que se abordan desde la Subsecretar\u00eda de Desarrollo Regional y Administrativo.<\/p>\n<p style=\"font-weight: 400; text-align: justify;\">Se articular\u00e1n en mesas para trabajar en Puesta en Valor del Patrimonio, Programa de Ordenamiento Territorial, Descentralizaci\u00f3n, PEDZE y REZAGO y Apoyo T\u00e9cnico de Profesionales para programa SATE.<\/p>\n<p style=\"font-weight: 400; text-align: justify;\">El jefe regional Subdere destac\u00f3 que \u201cfue una reuni\u00f3n muy fruct\u00edfera de trabajo colaborativo en que se trataron temas muy relevantes para la regi\u00f3n y se instalar\u00e1 estas mesas t\u00e9cnicas y tambi\u00e9n abordamos las posibilidades de proyectos a trav\u00e9s de la Subdere que el Gore no puede ejecutar por su estructura administrativa\u201d.<\/p>\n<p style=\"font-weight: 400; text-align: justify;\">En la reuni\u00f3n estuvieron presentes Eric Adio, administrador Regional y Joaqu\u00edn Vel\u00e1squez Encargado del Programa de Mejoramiento Urbano de la Unidad Regional Subdere.<\/p>\n<\/div><\/section><\/div><div  style='height:50px' class='hr hr-invisible   avia-builder-el-6  el_after_av_one_full  el_before_av_social_share '><span class='hr-inner ' ><span class='hr-inner-style'><\/span><\/span><\/div><\/p>\n<div  class='av-social-sharing-box  avia-builder-el-7  el_after_av_hr  el_before_av_hr  '><div class='av-share-box'><h5 class='av-share-link-description av-no-toc '>Compartir esta noticia<\/h5><ul class='av-share-box-list noLightbox'><li class='av-share-link av-social-link-facebook' ><a target=\"_blank\" aria-label=\"Compartir en Facebook\" href='https:\/\/www.facebook.com\/sharer.php?u=https:\/\/radiorevelacionfm.cl\/?p=19359&#038;t=Subdere%20Ays%C3%A9n%20se%20re%C3%BAne%20con%20Gobernadora%20para%20iniciar%20mesas%20de%20trabajo%20en%20relevantes%20temas%20para%20la%20regi%C3%B3n' aria-hidden='false' data-av_icon='\ue8f3' data-av_iconfont='entypo-fontello' title='' data-avia-related-tooltip='Compartir en Facebook' rel=\"noopener\"><span class='avia_hidden_link_text'>Compartir en Facebook<\/span><\/a><\/li><li class='av-share-link av-social-link-twitter' ><a target=\"_blank\" aria-label=\"Compartir en Twitter\" href='https:\/\/twitter.com\/share?text=Subdere%20Ays%C3%A9n%20se%20re%C3%BAne%20con%20Gobernadora%20para%20iniciar%20mesas%20de%20trabajo%20en%20relevantes%20temas%20para%20la%20regi%C3%B3n&#038;url=https:\/\/radiorevelacionfm.cl\/?p=19359' aria-hidden='false' data-av_icon='\ue8f1' data-av_iconfont='entypo-fontello' title='' data-avia-related-tooltip='Compartir en Twitter' rel=\"noopener\"><span class='avia_hidden_link_text'>Compartir en Twitter<\/span><\/a><\/li><li class='av-share-link av-social-link-whatsapp' ><a target=\"_blank\" aria-label=\"Compartir en Whatsapp\" href='https:\/\/api.whatsapp.com\/send?text=https:\/\/radiorevelacionfm.cl\/?p=19359' aria-hidden='false' data-av_icon='\uf232' data-av_iconfont='entypo-fontello' title='' data-avia-related-tooltip='Compartir en Whatsapp' rel=\"noopener\"><span class='avia_hidden_link_text'>Compartir en Whatsapp<\/span><\/a><\/li><li class='av-share-link av-social-link-linkedin' ><a target=\"_blank\" aria-label=\"Compartir en LinkedIn\" href='https:\/\/linkedin.com\/shareArticle?mini=true&#038;title=Subdere%20Ays%C3%A9n%20se%20re%C3%BAne%20con%20Gobernadora%20para%20iniciar%20mesas%20de%20trabajo%20en%20relevantes%20temas%20para%20la%20regi%C3%B3n&#038;url=https:\/\/radiorevelacionfm.cl\/?p=19359' aria-hidden='false' data-av_icon='\ue8fc' data-av_iconfont='entypo-fontello' title='' data-avia-related-tooltip='Compartir en LinkedIn' rel=\"noopener\"><span class='avia_hidden_link_text'>Compartir en LinkedIn<\/span><\/a><\/li><li class='av-share-link av-social-link-mail' ><a  aria-label=\"Compartir por correo\" href='mailto:?subject=Subdere%20Ays%C3%A9n%20se%20re%C3%BAne%20con%20Gobernadora%20para%20iniciar%20mesas%20de%20trabajo%20en%20relevantes%20temas%20para%20la%20regi%C3%B3n&#038;body=https:\/\/radiorevelacionfm.cl\/?p=19359' aria-hidden='false' data-av_icon='\ue805' data-av_iconfont='entypo-fontello' title='' data-avia-related-tooltip='Compartir por correo'><span class='avia_hidden_link_text'>Compartir por correo<\/span><\/a><\/li><\/ul><\/div><\/div>\n<div  style='height:50px' class='hr hr-invisible   avia-builder-el-8  el_after_av_social_share  el_before_av_comments_list '><span class='hr-inner ' ><span class='hr-inner-style'><\/span><\/span><\/div>\n<div  class='av-buildercomment  av-blog-meta-html-info-disabled av-blog-meta-tag-disabled  '><\/div>\n","protected":false},"excerpt":{"rendered":"","protected":false},"author":1,"featured_media":19360,"comment_status":"open","ping_status":"open","sticky":false,"template":"","format":"standard","meta":{"footnotes":""},"categories":[38],"tags":[],"class_list":["post-19359","post","type-post","status-publish","format-standard","has-post-thumbnail","hentry","category-regional"],"jetpack_featured_media_url":"https:\/\/radiorevelacionfm.cl\/wp-content\/uploads\/2022\/07\/unnamed-31-1-1.jpg","_links":{"self":[{"href":"https:\/\/radiorevelacionfm.cl\/index.php?rest_route=\/wp\/v2\/posts\/19359","targetHints":{"allow":["GET"]}}],"collection":[{"href":"https:\/\/radiorevelacionfm.cl\/index.php?rest_route=\/wp\/v2\/posts"}],"about":[{"href":"https:\/\/radiorevelacionfm.cl\/index.php?rest_route=\/wp\/v2\/types\/post"}],"author":[{"embeddable":true,"href":"https:\/\/radiorevelacionfm.cl\/index.php?rest_route=\/wp\/v2\/users\/1"}],"replies":[{"embeddable":true,"href":"https:\/\/radiorevelacionfm.cl\/index.php?rest_route=%2Fwp%2Fv2%2Fcomments&post=19359"}],"version-history":[{"count":2,"href":"https:\/\/radiorevelacionfm.cl\/index.php?rest_route=\/wp\/v2\/posts\/19359\/revisions"}],"predecessor-version":[{"id":19397,"href":"https:\/\/radiorevelacionfm.cl\/index.php?rest_route=\/wp\/v2\/posts\/19359\/revisions\/19397"}],"wp:featuredmedia":[{"embeddable":true,"href":"https:\/\/radiorevelacionfm.cl\/index.php?rest_route=\/wp\/v2\/media\/19360"}],"wp:attachment":[{"href":"https:\/\/radiorevelacionfm.cl\/index.php?rest_route=%2Fwp%2Fv2%2Fmedia&parent=19359"}],"wp:term":[{"taxonomy":"category","embeddable":true,"href":"https:\/\/radiorevelacionfm.cl\/index.php?rest_route=%2Fwp%2Fv2%2Fcategories&post=19359"},{"taxonomy":"post_tag","embeddable":true,"href":"https:\/\/radiorevelacionfm.cl\/index.php?rest_route=%2Fwp%2Fv2%2Ftags&post=19359"}],"curies":[{"name":"wp","href":"https:\/\/api.w.org\/{rel}","templated":true}]}}