{"id":19348,"date":"2022-07-18T12:50:20","date_gmt":"2022-07-18T15:50:20","guid":{"rendered":"https:\/\/radiorevelacionfm.cl\/?p=19348"},"modified":"2022-07-18T12:50:20","modified_gmt":"2022-07-18T15:50:20","slug":"ministro-de-ciencia-finaliza-gira-por-aysen-con-un-llamado-de-unidad-y-articulacion-intersectorial","status":"publish","type":"post","link":"https:\/\/radiorevelacionfm.cl\/?p=19348","title":{"rendered":"Ministro de Ciencia finaliza gira por Ays\u00e9n con un llamado de unidad y articulaci\u00f3n intersectorial"},"content":{"rendered":"<div class=\"flex_column av_one_full  flex_column_div av-zero-column-padding first  avia-builder-el-0  el_before_av_one_full  avia-builder-el-first  \" style='border-radius:0px; '><div  class='avia-image-container  av-styling-    avia-builder-el-1  avia-builder-el-no-sibling  avia-align-center '  itemprop=\"image\" itemscope=\"itemscope\" itemtype=\"https:\/\/schema.org\/ImageObject\"  ><div class='avia-image-container-inner'><div class='avia-image-overlay-wrap'><img decoding=\"async\" class='wp-image-19349 avia-img-lazy-loading-not-19349 avia_image' src=\"https:\/\/radiorevelacionfm.cl\/wp-content\/uploads\/2022\/07\/viaje-ministro-visita-ciep1-1_optimized.jpg\" alt='' title='viaje-ministro-visita-ciep1-(1)_optimized' height=\"600\" width=\"1067\"  itemprop=\"thumbnailUrl\" srcset=\"https:\/\/radiorevelacionfm.cl\/wp-content\/uploads\/2022\/07\/viaje-ministro-visita-ciep1-1_optimized.jpg 1067w, https:\/\/radiorevelacionfm.cl\/wp-content\/uploads\/2022\/07\/viaje-ministro-visita-ciep1-1_optimized-300x169.jpg 300w, https:\/\/radiorevelacionfm.cl\/wp-content\/uploads\/2022\/07\/viaje-ministro-visita-ciep1-1_optimized-1030x579.jpg 1030w, https:\/\/radiorevelacionfm.cl\/wp-content\/uploads\/2022\/07\/viaje-ministro-visita-ciep1-1_optimized-768x432.jpg 768w, https:\/\/radiorevelacionfm.cl\/wp-content\/uploads\/2022\/07\/viaje-ministro-visita-ciep1-1_optimized-705x396.jpg 705w, https:\/\/radiorevelacionfm.cl\/wp-content\/uploads\/2022\/07\/viaje-ministro-visita-ciep1-1_optimized-600x337.jpg 600w\" sizes=\"(max-width: 1067px) 100vw, 1067px\" \/><\/div><\/div><\/div><\/div><div class=\"flex_column av_one_full  flex_column_div av-zero-column-padding first  avia-builder-el-2  el_after_av_one_full  el_before_av_one_full  column-top-margin\" style='border-radius:0px; '><section class=\"av_textblock_section \"  itemscope=\"itemscope\" itemtype=\"https:\/\/schema.org\/BlogPosting\" itemprop=\"blogPost\" ><div class='avia_textblock  '   itemprop=\"text\" ><p style=\"text-align: center;\"><span style=\"font-size: 18pt;\"><b>Ministro de Ciencia finaliza gira por Ays\u00e9n con un llamado de unidad y articulaci\u00f3n intersectorial<\/b><\/span><\/p>\n<div id=\"gtx-trans\" style=\"position: absolute; left: -50px; top: 4.31534px;\">\n<div class=\"gtx-trans-icon\"><\/div>\n<\/div>\n<\/div><\/section><\/div><div class=\"flex_column av_one_full  flex_column_div av-zero-column-padding first  avia-builder-el-4  el_after_av_one_full  el_before_av_hr  column-top-margin\" style='border-radius:0px; '><section class=\"av_textblock_section \"  itemscope=\"itemscope\" itemtype=\"https:\/\/schema.org\/BlogPosting\" itemprop=\"blogPost\" ><div class='avia_textblock  '   itemprop=\"text\" ><p class=\"v1MsoNormal\" style=\"text-align: justify;\">\u00abEstamos generando los instrumentos para complementar el quehacer de las regiones, enfocarnos en sus ventajas comparativas y generar un desarrollo que resulte amigable con el medioambiente y los distintos ecosistemas que lo habitan. Ese es el objetivo de este viaje\u00bb, coment\u00f3 el ministro de Ciencia, Tecnolog\u00eda, Conocimiento e Innovaci\u00f3n, Flavio Salazar, en su primera visita oficial a la Regi\u00f3n de Ays\u00e9n, orientada a escuchar al sector de manera estrat\u00e9gica y estrechar lazos entre actores de la regi\u00f3n y otras zonas del pa\u00eds.<\/p>\n<p class=\"v1MsoNormal\" style=\"text-align: justify;\">La primera parada fue en el auditorio del Gobierno Regional, donde se desarroll\u00f3 el encuentro de Centros Regionales de Investigaci\u00f3n, en el cual participaron nueve directores\/as de espacios ubicados entre Coquimbo y Magallanes, quienes expusieron sus objetivos, dificultades y fortalezas. Adem\u00e1s, se plante\u00f3 la necesidad de diversificar acciones interdisciplinarias, como el aporte al desarrollo de la educaci\u00f3n regional, el desarrollo de pol\u00edticas p\u00fablicas o la descentralizaci\u00f3n de la ciencia, con equipamiento y profesionales en el territorio, entre otras.<\/p>\n<p class=\"v1MsoNormal\" style=\"text-align: justify;\">\u00abLos centros regionales cumplen una labor fundamental para el prop\u00f3sito de descentralizaci\u00f3n de la ciencia y el conocimiento al que apuntamos como Gobierno. Que nos reunamos los cient\u00edficos y quienes estamos a cargo de las pol\u00edticas p\u00fablicas del pa\u00eds y la regi\u00f3n es una clara se\u00f1al de que nos estamos articulando para trabajar en favor del desarrollo sustentable y del bienestar de las comunidades. Tambi\u00e9n, es necesario considerar las particularidades que hacen \u00fanica a cada regi\u00f3n y, por supuesto, la pertinencia territorial que gu\u00eda todo lo que hacemos\u00bb, dijo el secretario de Estado al finalizar la actividad.<\/p>\n<p class=\"v1MsoNormal\" style=\"text-align: justify;\">Posteriormente, el ministro se dirigi\u00f3 hasta el Centro de Investigaci\u00f3n en Ecosistemas de la Patagonia (CIEP), que desde su creaci\u00f3n en 2005 se ha dedicado al estudio sobre el impacto del cambio clim\u00e1tico y la ocupaci\u00f3n humana en Ays\u00e9n, logrando convertirse en un referente en la materia. Al encuentro lleg\u00f3 acompa\u00f1ado de la seremi de Ciencia de la macrozona austral, Ver\u00f3nica Vallejos, adem\u00e1s de las autoridades del centro, con quienes conoci\u00f3 sus instalaciones y continu\u00f3 el di\u00e1logo en pos de la colaboraci\u00f3n.<\/p>\n<p class=\"v1MsoNormal\" style=\"text-align: justify;\"><b>Turismo cient\u00edfico: impacto en el desarrollo local<\/b><\/p>\n<p class=\"v1MsoNormal\" style=\"text-align: justify;\">Durante las \u00faltimas semanas, el ministerio de Ciencia ha presentado en distintos espacios su programaci\u00f3n estrat\u00e9gica para un nuevo modelo de desarrollo, el que incluye un plan de trabajo con la sustentabilidad, colaboraci\u00f3n, equidad de g\u00e9nero, descentralizaci\u00f3n y transdisciplinariedad como principios transversales y que pone el foco en el cuidado del medioambiente y el buen vivir de las personas.<\/p>\n<p class=\"v1MsoNormal\" style=\"text-align: justify;\">En ese contexto es que se desarroll\u00f3 el Conversatorio sobre Turismo Cient\u00edfico, en el que se analiz\u00f3 el impacto de los proyectos regionales en el desarrollo local.\u00a0 El ministro Salazar subray\u00f3 que \u00abcada regi\u00f3n es diversa, son distintas, tienen diferentes caracter\u00edsticas, climas y sectores productivos. Algunas cuentas con universidades y otras con centros de investigaci\u00f3n. Cada regi\u00f3n tiene que construirse en torno a sus propias capacidades. Hay muchos lugares desde los cuales se puede aprender y transferir experiencias, pero lo central est\u00e1 en la propia regi\u00f3n, con el apoyo de los comit\u00e9s asesores de ciencia y tecnolog\u00eda y del Gobierno central\u00bb.<\/p>\n<p class=\"v1MsoNormal\" style=\"text-align: justify;\">El concepto de turismo cient\u00edfico plantea el v\u00ednculo entre la ciencia, los habitantes de una zona determinada y sus visitantes con el fin de fomentar la participaci\u00f3n de las personas en el conocimiento del entorno y los fen\u00f3menos que all\u00ed se manifiestan, facilitando la innovaci\u00f3n y un desarrollo tur\u00edstico diferenciador que aporte directamente al quehacer de la ciencia y el conocimiento.<\/p>\n<\/div><\/section><\/div><div  style='height:50px' class='hr hr-invisible   avia-builder-el-6  el_after_av_one_full  el_before_av_social_share '><span class='hr-inner ' ><span class='hr-inner-style'><\/span><\/span><\/div><\/p>\n<div  class='av-social-sharing-box  avia-builder-el-7  el_after_av_hr  el_before_av_hr  '><div class='av-share-box'><h5 class='av-share-link-description av-no-toc '>Compartir esta noticia<\/h5><ul class='av-share-box-list noLightbox'><li class='av-share-link av-social-link-facebook' ><a target=\"_blank\" aria-label=\"Compartir en Facebook\" href='https:\/\/www.facebook.com\/sharer.php?u=https:\/\/radiorevelacionfm.cl\/?p=19348&#038;t=Ministro%20de%20Ciencia%20finaliza%20gira%20por%20Ays%C3%A9n%20con%20un%20llamado%20de%20unidad%20y%20articulaci%C3%B3n%20intersectorial' aria-hidden='false' data-av_icon='\ue8f3' data-av_iconfont='entypo-fontello' title='' data-avia-related-tooltip='Compartir en Facebook' rel=\"noopener\"><span class='avia_hidden_link_text'>Compartir en Facebook<\/span><\/a><\/li><li class='av-share-link av-social-link-twitter' ><a target=\"_blank\" aria-label=\"Compartir en Twitter\" href='https:\/\/twitter.com\/share?text=Ministro%20de%20Ciencia%20finaliza%20gira%20por%20Ays%C3%A9n%20con%20un%20llamado%20de%20unidad%20y%20articulaci%C3%B3n%20intersectorial&#038;url=https:\/\/radiorevelacionfm.cl\/?p=19348' aria-hidden='false' data-av_icon='\ue8f1' data-av_iconfont='entypo-fontello' title='' data-avia-related-tooltip='Compartir en Twitter' rel=\"noopener\"><span class='avia_hidden_link_text'>Compartir en Twitter<\/span><\/a><\/li><li class='av-share-link av-social-link-whatsapp' ><a target=\"_blank\" aria-label=\"Compartir en Whatsapp\" href='https:\/\/api.whatsapp.com\/send?text=https:\/\/radiorevelacionfm.cl\/?p=19348' aria-hidden='false' data-av_icon='\uf232' data-av_iconfont='entypo-fontello' title='' data-avia-related-tooltip='Compartir en Whatsapp' rel=\"noopener\"><span class='avia_hidden_link_text'>Compartir en Whatsapp<\/span><\/a><\/li><li class='av-share-link av-social-link-linkedin' ><a target=\"_blank\" aria-label=\"Compartir en LinkedIn\" href='https:\/\/linkedin.com\/shareArticle?mini=true&#038;title=Ministro%20de%20Ciencia%20finaliza%20gira%20por%20Ays%C3%A9n%20con%20un%20llamado%20de%20unidad%20y%20articulaci%C3%B3n%20intersectorial&#038;url=https:\/\/radiorevelacionfm.cl\/?p=19348' aria-hidden='false' data-av_icon='\ue8fc' data-av_iconfont='entypo-fontello' title='' data-avia-related-tooltip='Compartir en LinkedIn' rel=\"noopener\"><span class='avia_hidden_link_text'>Compartir en LinkedIn<\/span><\/a><\/li><li class='av-share-link av-social-link-mail' ><a  aria-label=\"Compartir por correo\" href='mailto:?subject=Ministro%20de%20Ciencia%20finaliza%20gira%20por%20Ays%C3%A9n%20con%20un%20llamado%20de%20unidad%20y%20articulaci%C3%B3n%20intersectorial&#038;body=https:\/\/radiorevelacionfm.cl\/?p=19348' aria-hidden='false' data-av_icon='\ue805' data-av_iconfont='entypo-fontello' title='' data-avia-related-tooltip='Compartir por correo'><span class='avia_hidden_link_text'>Compartir por correo<\/span><\/a><\/li><\/ul><\/div><\/div>\n<div  style='height:50px' class='hr hr-invisible   avia-builder-el-8  el_after_av_social_share  el_before_av_comments_list '><span class='hr-inner ' ><span class='hr-inner-style'><\/span><\/span><\/div>\n<div  class='av-buildercomment  av-blog-meta-html-info-disabled av-blog-meta-tag-disabled  '><\/div>\n","protected":false},"excerpt":{"rendered":"","protected":false},"author":1,"featured_media":19349,"comment_status":"open","ping_status":"open","sticky":false,"template":"","format":"standard","meta":{"footnotes":""},"categories":[53],"tags":[],"class_list":["post-19348","post","type-post","status-publish","format-standard","has-post-thumbnail","hentry","category-ciencia"],"jetpack_featured_media_url":"https:\/\/radiorevelacionfm.cl\/wp-content\/uploads\/2022\/07\/viaje-ministro-visita-ciep1-1_optimized.jpg","_links":{"self":[{"href":"https:\/\/radiorevelacionfm.cl\/index.php?rest_route=\/wp\/v2\/posts\/19348","targetHints":{"allow":["GET"]}}],"collection":[{"href":"https:\/\/radiorevelacionfm.cl\/index.php?rest_route=\/wp\/v2\/posts"}],"about":[{"href":"https:\/\/radiorevelacionfm.cl\/index.php?rest_route=\/wp\/v2\/types\/post"}],"author":[{"embeddable":true,"href":"https:\/\/radiorevelacionfm.cl\/index.php?rest_route=\/wp\/v2\/users\/1"}],"replies":[{"embeddable":true,"href":"https:\/\/radiorevelacionfm.cl\/index.php?rest_route=%2Fwp%2Fv2%2Fcomments&post=19348"}],"version-history":[{"count":2,"href":"https:\/\/radiorevelacionfm.cl\/index.php?rest_route=\/wp\/v2\/posts\/19348\/revisions"}],"predecessor-version":[{"id":19351,"href":"https:\/\/radiorevelacionfm.cl\/index.php?rest_route=\/wp\/v2\/posts\/19348\/revisions\/19351"}],"wp:featuredmedia":[{"embeddable":true,"href":"https:\/\/radiorevelacionfm.cl\/index.php?rest_route=\/wp\/v2\/media\/19349"}],"wp:attachment":[{"href":"https:\/\/radiorevelacionfm.cl\/index.php?rest_route=%2Fwp%2Fv2%2Fmedia&parent=19348"}],"wp:term":[{"taxonomy":"category","embeddable":true,"href":"https:\/\/radiorevelacionfm.cl\/index.php?rest_route=%2Fwp%2Fv2%2Fcategories&post=19348"},{"taxonomy":"post_tag","embeddable":true,"href":"https:\/\/radiorevelacionfm.cl\/index.php?rest_route=%2Fwp%2Fv2%2Ftags&post=19348"}],"curies":[{"name":"wp","href":"https:\/\/api.w.org\/{rel}","templated":true}]}}