{"id":19344,"date":"2022-07-18T10:43:55","date_gmt":"2022-07-18T13:43:55","guid":{"rendered":"https:\/\/radiorevelacionfm.cl\/?p=19344"},"modified":"2022-07-18T10:43:55","modified_gmt":"2022-07-18T13:43:55","slug":"aerodromo-de-balmaceda-llega-a-153-mil-pasajeros-movilizados-durante-el-primer-semestre","status":"publish","type":"post","link":"https:\/\/radiorevelacionfm.cl\/?p=19344","title":{"rendered":"Aer\u00f3dromo de Balmaceda llega a 153 mil pasajeros movilizados durante el primer semestre"},"content":{"rendered":"<div class=\"flex_column av_one_full  flex_column_div av-zero-column-padding first  avia-builder-el-0  el_before_av_one_full  avia-builder-el-first  \" style='border-radius:0px; '><div  class='avia-image-container  av-styling-    avia-builder-el-1  avia-builder-el-no-sibling  avia-align-center '  itemprop=\"image\" itemscope=\"itemscope\" itemtype=\"https:\/\/schema.org\/ImageObject\"  ><div class='avia-image-container-inner'><div class='avia-image-overlay-wrap'><img decoding=\"async\" class='wp-image-19345 avia-img-lazy-loading-not-19345 avia_image' src=\"https:\/\/radiorevelacionfm.cl\/wp-content\/uploads\/2022\/07\/Aero-Puerto-Balmaceda-1-1.jpg\" alt='' title='Aero Puerto Balmaceda (1) (1)' height=\"600\" width=\"800\"  itemprop=\"thumbnailUrl\" srcset=\"https:\/\/radiorevelacionfm.cl\/wp-content\/uploads\/2022\/07\/Aero-Puerto-Balmaceda-1-1.jpg 800w, https:\/\/radiorevelacionfm.cl\/wp-content\/uploads\/2022\/07\/Aero-Puerto-Balmaceda-1-1-300x225.jpg 300w, https:\/\/radiorevelacionfm.cl\/wp-content\/uploads\/2022\/07\/Aero-Puerto-Balmaceda-1-1-768x576.jpg 768w, https:\/\/radiorevelacionfm.cl\/wp-content\/uploads\/2022\/07\/Aero-Puerto-Balmaceda-1-1-705x529.jpg 705w, https:\/\/radiorevelacionfm.cl\/wp-content\/uploads\/2022\/07\/Aero-Puerto-Balmaceda-1-1-600x450.jpg 600w\" sizes=\"(max-width: 800px) 100vw, 800px\" \/><\/div><\/div><\/div><\/div><div class=\"flex_column av_one_full  flex_column_div av-zero-column-padding first  avia-builder-el-2  el_after_av_one_full  el_before_av_one_full  column-top-margin\" style='border-radius:0px; '><section class=\"av_textblock_section \"  itemscope=\"itemscope\" itemtype=\"https:\/\/schema.org\/BlogPosting\" itemprop=\"blogPost\" ><div class='avia_textblock  '   itemprop=\"text\" ><p style=\"text-align: center;\"><strong><span style=\"font-size: 18pt;\">Aer\u00f3dromo de Balmaceda llega a 153 mil pasajeros movilizados durante el primer semestre<\/span><\/strong><\/p>\n<div id=\"gtx-trans\" style=\"position: absolute; left: -50px; top: 4.31534px;\">\n<div class=\"gtx-trans-icon\"><\/div>\n<\/div>\n<\/div><\/section><\/div><div class=\"flex_column av_one_full  flex_column_div av-zero-column-padding first  avia-builder-el-4  el_after_av_one_full  el_before_av_hr  column-top-margin\" style='border-radius:0px; '><section class=\"av_textblock_section \"  itemscope=\"itemscope\" itemtype=\"https:\/\/schema.org\/BlogPosting\" itemprop=\"blogPost\" ><div class='avia_textblock  '   itemprop=\"text\" ><p class=\"v1Marcelo\" style=\"text-align: justify;\"><span lang=\"ES-MX\">Un total de 153.242 pasajeros embarcados a trav\u00e9s de su infraestructura alcanz\u00f3 el Aer\u00f3dromo Balmaceda durante los primeros seis meses de este 2022, superando largamente -en un 147%- los viajeros que moviliz\u00f3 en el mismo periodo del a\u00f1o pasado: 62.157.<\/span><\/p>\n<p class=\"v1Marcelo\" style=\"text-align: justify;\"><span lang=\"ES-MX\">De esta manera, el principal recinto a\u00e9reo de la Regi\u00f3n de Ays\u00e9n se acerca paulatinamente a las cifras de movimiento de pasajeros que tuvo antes del inicio de la pandemia, crisis que repercuti\u00f3 globalmente en el sector aeroportuario durante los \u00faltimos dos a\u00f1os. As\u00ed, en el primer semestre de 2019, Balmaceda embarc\u00f3 a 182.627 personas.<\/span><\/p>\n<p class=\"v1Marcelo\" style=\"text-align: justify;\"><span lang=\"ES-MX\">Por otra parte, durante la primera mitad de este 2022 la infraestructura, que opera la Red Aeroportuaria Austral S.A., tuvo 2.190 operaciones a\u00e9reas, principalmente de las aerol\u00edneas Latam y Sky.<\/span><\/p>\n<p class=\"v1Marcelo\" style=\"text-align: justify;\"><span lang=\"ES-MX\">En lo que va de a\u00f1o, con 40.833 pasajeros embarcados, febrero ha sido el mes m\u00e1s relevante en cuanto al movimiento del principal recinto a\u00e9reo de la Regi\u00f3n de Ays\u00e9n. El reci\u00e9n terminado mes de junio, en tanto, represent\u00f3 un total de 16.649 pasajeros embarcados, un 98% m\u00e1s que en igual mes del 2021.<\/span><\/p>\n<p class=\"v1Marcelo\" style=\"text-align: justify;\"><span lang=\"ES-MX\">\u00abCreemos que este primer semestre ha habido signos de que las operaciones \u00e1reas y el embarque de pasajeros a trav\u00e9s del Aer\u00f3dromo Balmaceda poco a poco han tendido a acercarse a los niveles previos a la situaci\u00f3n sanitaria, lo que permite proyectar con confianza lo que pueda ir ocurriendo en la segunda mitad del a\u00f1o\u00bb, sostuvo Lino Iturra, gerente de operaciones del recinto.<\/span><\/p>\n<p class=\"v1Marcelo\" style=\"text-align: justify;\"><span lang=\"ES-MX\">El ejecutivo, adem\u00e1s, adelant\u00f3 que este mes de julio se espera un repunte importante a partir de la extensi\u00f3n del periodo de vacaciones invernales, lo que tendr\u00e1 un impacto positivo en el n\u00famero de pasajeros. Al respecto, coment\u00f3 que \u00ablos distintos servicios del terminal se encuentran preparados de buena forma para atender este incremento de pasajeros\u00bb.<\/span><\/p>\n<\/div><\/section><\/div><div  style='height:50px' class='hr hr-invisible   avia-builder-el-6  el_after_av_one_full  el_before_av_social_share '><span class='hr-inner ' ><span class='hr-inner-style'><\/span><\/span><\/div><\/p>\n<div  class='av-social-sharing-box  avia-builder-el-7  el_after_av_hr  el_before_av_hr  '><div class='av-share-box'><h5 class='av-share-link-description av-no-toc '>Compartir esta noticia<\/h5><ul class='av-share-box-list noLightbox'><li class='av-share-link av-social-link-facebook' ><a target=\"_blank\" aria-label=\"Compartir en Facebook\" href='https:\/\/www.facebook.com\/sharer.php?u=https:\/\/radiorevelacionfm.cl\/?p=19344&#038;t=Aer%C3%B3dromo%20de%20Balmaceda%20llega%20a%20153%20mil%20pasajeros%20movilizados%20durante%20el%20primer%20semestre' aria-hidden='false' data-av_icon='\ue8f3' data-av_iconfont='entypo-fontello' title='' data-avia-related-tooltip='Compartir en Facebook' rel=\"noopener\"><span class='avia_hidden_link_text'>Compartir en Facebook<\/span><\/a><\/li><li class='av-share-link av-social-link-twitter' ><a target=\"_blank\" aria-label=\"Compartir en Twitter\" href='https:\/\/twitter.com\/share?text=Aer%C3%B3dromo%20de%20Balmaceda%20llega%20a%20153%20mil%20pasajeros%20movilizados%20durante%20el%20primer%20semestre&#038;url=https:\/\/radiorevelacionfm.cl\/?p=19344' aria-hidden='false' data-av_icon='\ue8f1' data-av_iconfont='entypo-fontello' title='' data-avia-related-tooltip='Compartir en Twitter' rel=\"noopener\"><span class='avia_hidden_link_text'>Compartir en Twitter<\/span><\/a><\/li><li class='av-share-link av-social-link-whatsapp' ><a target=\"_blank\" aria-label=\"Compartir en Whatsapp\" href='https:\/\/api.whatsapp.com\/send?text=https:\/\/radiorevelacionfm.cl\/?p=19344' aria-hidden='false' data-av_icon='\uf232' data-av_iconfont='entypo-fontello' title='' data-avia-related-tooltip='Compartir en Whatsapp' rel=\"noopener\"><span class='avia_hidden_link_text'>Compartir en Whatsapp<\/span><\/a><\/li><li class='av-share-link av-social-link-linkedin' ><a target=\"_blank\" aria-label=\"Compartir en LinkedIn\" href='https:\/\/linkedin.com\/shareArticle?mini=true&#038;title=Aer%C3%B3dromo%20de%20Balmaceda%20llega%20a%20153%20mil%20pasajeros%20movilizados%20durante%20el%20primer%20semestre&#038;url=https:\/\/radiorevelacionfm.cl\/?p=19344' aria-hidden='false' data-av_icon='\ue8fc' data-av_iconfont='entypo-fontello' title='' data-avia-related-tooltip='Compartir en LinkedIn' rel=\"noopener\"><span class='avia_hidden_link_text'>Compartir en LinkedIn<\/span><\/a><\/li><li class='av-share-link av-social-link-mail' ><a  aria-label=\"Compartir por correo\" href='mailto:?subject=Aer%C3%B3dromo%20de%20Balmaceda%20llega%20a%20153%20mil%20pasajeros%20movilizados%20durante%20el%20primer%20semestre&#038;body=https:\/\/radiorevelacionfm.cl\/?p=19344' aria-hidden='false' data-av_icon='\ue805' data-av_iconfont='entypo-fontello' title='' data-avia-related-tooltip='Compartir por correo'><span class='avia_hidden_link_text'>Compartir por correo<\/span><\/a><\/li><\/ul><\/div><\/div>\n<div  style='height:50px' class='hr hr-invisible   avia-builder-el-8  el_after_av_social_share  el_before_av_comments_list '><span class='hr-inner ' ><span class='hr-inner-style'><\/span><\/span><\/div>\n<div  class='av-buildercomment  av-blog-meta-html-info-disabled av-blog-meta-tag-disabled  '><\/div>\n","protected":false},"excerpt":{"rendered":"","protected":false},"author":1,"featured_media":19345,"comment_status":"open","ping_status":"open","sticky":false,"template":"","format":"standard","meta":{"footnotes":""},"categories":[38],"tags":[],"class_list":["post-19344","post","type-post","status-publish","format-standard","has-post-thumbnail","hentry","category-regional"],"jetpack_featured_media_url":"https:\/\/radiorevelacionfm.cl\/wp-content\/uploads\/2022\/07\/Aero-Puerto-Balmaceda-1-1.jpg","_links":{"self":[{"href":"https:\/\/radiorevelacionfm.cl\/index.php?rest_route=\/wp\/v2\/posts\/19344","targetHints":{"allow":["GET"]}}],"collection":[{"href":"https:\/\/radiorevelacionfm.cl\/index.php?rest_route=\/wp\/v2\/posts"}],"about":[{"href":"https:\/\/radiorevelacionfm.cl\/index.php?rest_route=\/wp\/v2\/types\/post"}],"author":[{"embeddable":true,"href":"https:\/\/radiorevelacionfm.cl\/index.php?rest_route=\/wp\/v2\/users\/1"}],"replies":[{"embeddable":true,"href":"https:\/\/radiorevelacionfm.cl\/index.php?rest_route=%2Fwp%2Fv2%2Fcomments&post=19344"}],"version-history":[{"count":2,"href":"https:\/\/radiorevelacionfm.cl\/index.php?rest_route=\/wp\/v2\/posts\/19344\/revisions"}],"predecessor-version":[{"id":19347,"href":"https:\/\/radiorevelacionfm.cl\/index.php?rest_route=\/wp\/v2\/posts\/19344\/revisions\/19347"}],"wp:featuredmedia":[{"embeddable":true,"href":"https:\/\/radiorevelacionfm.cl\/index.php?rest_route=\/wp\/v2\/media\/19345"}],"wp:attachment":[{"href":"https:\/\/radiorevelacionfm.cl\/index.php?rest_route=%2Fwp%2Fv2%2Fmedia&parent=19344"}],"wp:term":[{"taxonomy":"category","embeddable":true,"href":"https:\/\/radiorevelacionfm.cl\/index.php?rest_route=%2Fwp%2Fv2%2Fcategories&post=19344"},{"taxonomy":"post_tag","embeddable":true,"href":"https:\/\/radiorevelacionfm.cl\/index.php?rest_route=%2Fwp%2Fv2%2Ftags&post=19344"}],"curies":[{"name":"wp","href":"https:\/\/api.w.org\/{rel}","templated":true}]}}