{"id":19336,"date":"2022-07-17T22:03:23","date_gmt":"2022-07-18T01:03:23","guid":{"rendered":"https:\/\/radiorevelacionfm.cl\/?p=19336"},"modified":"2022-07-17T22:03:23","modified_gmt":"2022-07-18T01:03:23","slug":"cambios-en-hospital-regional-coyhaique-por-retorno-de-prestaciones-brindadas-en-el-eleam","status":"publish","type":"post","link":"https:\/\/radiorevelacionfm.cl\/?p=19336","title":{"rendered":"Cambios en Hospital Regional Coyhaique por retorno de prestaciones brindadas en el ELEAM"},"content":{"rendered":"<div class=\"flex_column av_one_full  flex_column_div av-zero-column-padding first  avia-builder-el-0  el_before_av_one_full  avia-builder-el-first  \" style='border-radius:0px; '><div  class='avia-image-container  av-styling-    avia-builder-el-1  avia-builder-el-no-sibling  avia-align-center '  itemprop=\"image\" itemscope=\"itemscope\" itemtype=\"https:\/\/schema.org\/ImageObject\"  ><div class='avia-image-container-inner'><div class='avia-image-overlay-wrap'><img decoding=\"async\" class='wp-image-19337 avia-img-lazy-loading-not-19337 avia_image' src=\"https:\/\/radiorevelacionfm.cl\/wp-content\/uploads\/2022\/07\/IMG_E3683-1-1.jpg\" alt='' title='IMG_E3683 (1) (1)' height=\"600\" width=\"1109\"  itemprop=\"thumbnailUrl\" srcset=\"https:\/\/radiorevelacionfm.cl\/wp-content\/uploads\/2022\/07\/IMG_E3683-1-1.jpg 1109w, https:\/\/radiorevelacionfm.cl\/wp-content\/uploads\/2022\/07\/IMG_E3683-1-1-300x162.jpg 300w, https:\/\/radiorevelacionfm.cl\/wp-content\/uploads\/2022\/07\/IMG_E3683-1-1-1030x557.jpg 1030w, https:\/\/radiorevelacionfm.cl\/wp-content\/uploads\/2022\/07\/IMG_E3683-1-1-768x416.jpg 768w, https:\/\/radiorevelacionfm.cl\/wp-content\/uploads\/2022\/07\/IMG_E3683-1-1-705x381.jpg 705w, https:\/\/radiorevelacionfm.cl\/wp-content\/uploads\/2022\/07\/IMG_E3683-1-1-600x325.jpg 600w\" sizes=\"(max-width: 1109px) 100vw, 1109px\" \/><\/div><\/div><\/div><\/div><div class=\"flex_column av_one_full  flex_column_div av-zero-column-padding first  avia-builder-el-2  el_after_av_one_full  el_before_av_one_full  column-top-margin\" style='border-radius:0px; '><section class=\"av_textblock_section \"  itemscope=\"itemscope\" itemtype=\"https:\/\/schema.org\/BlogPosting\" itemprop=\"blogPost\" ><div class='avia_textblock  '   itemprop=\"text\" ><p style=\"text-align: center;\"><span style=\"font-size: 18pt;\"><b>Cambios en Hospital Regional Coyhaique por retorno de prestaciones brindadas en el ELEAM<\/b><\/span><\/p>\n<div id=\"gtx-trans\" style=\"position: absolute; left: -50px; top: 4.31534px;\">\n<div class=\"gtx-trans-icon\"><\/div>\n<\/div>\n<\/div><\/section><\/div><div class=\"flex_column av_one_full  flex_column_div av-zero-column-padding first  avia-builder-el-4  el_after_av_one_full  el_before_av_hr  column-top-margin\" style='border-radius:0px; '><section class=\"av_textblock_section \"  itemscope=\"itemscope\" itemtype=\"https:\/\/schema.org\/BlogPosting\" itemprop=\"blogPost\" ><div class='avia_textblock  '   itemprop=\"text\" ><p style=\"text-align: justify;\">A partir de este lunes todas las prestaciones brindadas en el Establecimiento de Larga Estad\u00eda de Adultos Mayores (ELEAM) regresan al Hospital Regional Coyhaique. Cambio que ha implicado la readaptaci\u00f3n de los espacios al interior del \u00fanico recinto de alta complejidad de Ays\u00e9n.<\/p>\n<p style=\"text-align: justify;\">Estos cambios se vienen trabajando hace meses, entendiendo la importancia de mantener la continuidad de las atenciones que se realizaban en el establecimiento ubicado en el sector de Escuela Agr\u00edcola.<\/p>\n<p style=\"text-align: justify;\">\u201cLa salida del ELEAM implica terminar con la disponibilidad amplia de espacio f\u00edsico para el trabajo del Policl\u00ednico de Especialidades. El d\u00eda lunes continuamos con nuestra actividad asistencial en el Hospital Regional y es importante recordar a\u00a0 nuestros usuarios que las horas m\u00e9dicas entregadas no se suspenden\u201d indic\u00f3 Jaime L\u00f3pez Quintana, Director del Hospital Regional Coyhaique<\/p>\n<p style=\"text-align: justify;\">El traslado de los servicios de Policl\u00ednico de Pediatr\u00eda, Policl\u00ednico TACO y Evaluaci\u00f3n Pre anest\u00e9sica, entre otros, ha implicado diversas readecuaciones al interior del principal centro asistencial de la regi\u00f3n.<\/p>\n<p style=\"text-align: justify;\">\u201cHemos reconvertido un box de vacunaci\u00f3n, tambi\u00e9n un box destinado a la especialidad de Nefrolog\u00eda, para que pueda contribuir en la merma de espacio f\u00edsico que vamos a tener a contar del lunes. Con el esfuerzo de todo el Hospital, hemos reconvertido estas \u00e1reas, para recuperar en parte lo que ten\u00edamos en el ELEAM\u201d agreg\u00f3 el director del Hospital Regional Coyhaique, Jaime L\u00f3pez Quintana.<\/p>\n<p style=\"text-align: justify;\">Los usuarios que se atend\u00edan hasta este viernes en el ELEAM ahora tendr\u00e1n ingresos diferenciados en el Hospital Regional. Los pacientes del Policl\u00ednico de Pediatr\u00eda, deben entrar por la puerta de Carrera del sector SOME; quienes tengan hora de atenci\u00f3n por Evaluaci\u00f3n Pre Anest\u00e9sica ingresar\u00e1n por calle Carrera, por el sector de Rayos subiendo hacia Di\u00e1lisis; y el Policl\u00ednico TACO tendr\u00e1 su entrada en calle Carrera, pero por el ingreso al estacionamiento en el sector del Helipuerto.<\/p>\n<p style=\"text-align: justify;\">Adem\u00e1s el traslado del Policl\u00ednico de Especialidades desde el ELEAM, donde se concentraron m\u00e1s del 40 por ciento de las prestaciones de m\u00e9dicos especialistas, ha conllevado una disminuci\u00f3n en la cantidad de horas disponibles.<\/p>\n<p style=\"text-align: justify;\">\u201cVamos a tener un detrimento de la oferta de prestaciones de especialidad durante este mes, que ya est\u00e1 absorbido en la apertura de agenda que se realiz\u00f3 en junio y tambi\u00e9n en lo que ser\u00e1 entregas de horas para agosto y septiembre, pero tambi\u00e9n est\u00e1n en curso acciones que nos permitan tener nuevos boxes de atenci\u00f3n a trav\u00e9s del arriendo de dispositivos\u201d agreg\u00f3 Jaime L\u00f3pez Quintana, Director del HRC.<\/p>\n<p style=\"text-align: justify;\">Desde el principal recinto asistencial de la Red de Salud agregaron que estas soluciones han sido implementadas a la espera de la habilitaci\u00f3n de los m\u00f3dulos para el Policl\u00ednico Adosado de Especialidades, proyecto financiado con recursos del Fondo Nacional de Desarrollo Regional y que contempla incorporar 15 boxes de atenci\u00f3n m\u00e9dica que brindaran mejores espacios a la comunidad y a los funcionarios.<\/p>\n<\/div><\/section><\/div><div  style='height:50px' class='hr hr-invisible   avia-builder-el-6  el_after_av_one_full  el_before_av_social_share '><span class='hr-inner ' ><span class='hr-inner-style'><\/span><\/span><\/div><\/p>\n<div  class='av-social-sharing-box  avia-builder-el-7  el_after_av_hr  el_before_av_hr  '><div class='av-share-box'><h5 class='av-share-link-description av-no-toc '>Compartir esta noticia<\/h5><ul class='av-share-box-list noLightbox'><li class='av-share-link av-social-link-facebook' ><a target=\"_blank\" aria-label=\"Compartir en Facebook\" href='https:\/\/www.facebook.com\/sharer.php?u=https:\/\/radiorevelacionfm.cl\/?p=19336&#038;t=Cambios%20en%20Hospital%20Regional%20Coyhaique%20por%20retorno%20de%20prestaciones%20brindadas%20en%20el%20ELEAM' aria-hidden='false' data-av_icon='\ue8f3' data-av_iconfont='entypo-fontello' title='' data-avia-related-tooltip='Compartir en Facebook' rel=\"noopener\"><span class='avia_hidden_link_text'>Compartir en Facebook<\/span><\/a><\/li><li class='av-share-link av-social-link-twitter' ><a target=\"_blank\" aria-label=\"Compartir en Twitter\" href='https:\/\/twitter.com\/share?text=Cambios%20en%20Hospital%20Regional%20Coyhaique%20por%20retorno%20de%20prestaciones%20brindadas%20en%20el%20ELEAM&#038;url=https:\/\/radiorevelacionfm.cl\/?p=19336' aria-hidden='false' data-av_icon='\ue8f1' data-av_iconfont='entypo-fontello' title='' data-avia-related-tooltip='Compartir en Twitter' rel=\"noopener\"><span class='avia_hidden_link_text'>Compartir en Twitter<\/span><\/a><\/li><li class='av-share-link av-social-link-whatsapp' ><a target=\"_blank\" aria-label=\"Compartir en Whatsapp\" href='https:\/\/api.whatsapp.com\/send?text=https:\/\/radiorevelacionfm.cl\/?p=19336' aria-hidden='false' data-av_icon='\uf232' data-av_iconfont='entypo-fontello' title='' data-avia-related-tooltip='Compartir en Whatsapp' rel=\"noopener\"><span class='avia_hidden_link_text'>Compartir en Whatsapp<\/span><\/a><\/li><li class='av-share-link av-social-link-linkedin' ><a target=\"_blank\" aria-label=\"Compartir en LinkedIn\" href='https:\/\/linkedin.com\/shareArticle?mini=true&#038;title=Cambios%20en%20Hospital%20Regional%20Coyhaique%20por%20retorno%20de%20prestaciones%20brindadas%20en%20el%20ELEAM&#038;url=https:\/\/radiorevelacionfm.cl\/?p=19336' aria-hidden='false' data-av_icon='\ue8fc' data-av_iconfont='entypo-fontello' title='' data-avia-related-tooltip='Compartir en LinkedIn' rel=\"noopener\"><span class='avia_hidden_link_text'>Compartir en LinkedIn<\/span><\/a><\/li><li class='av-share-link av-social-link-mail' ><a  aria-label=\"Compartir por correo\" href='mailto:?subject=Cambios%20en%20Hospital%20Regional%20Coyhaique%20por%20retorno%20de%20prestaciones%20brindadas%20en%20el%20ELEAM&#038;body=https:\/\/radiorevelacionfm.cl\/?p=19336' aria-hidden='false' data-av_icon='\ue805' data-av_iconfont='entypo-fontello' title='' data-avia-related-tooltip='Compartir por correo'><span class='avia_hidden_link_text'>Compartir por correo<\/span><\/a><\/li><\/ul><\/div><\/div>\n<div  style='height:50px' class='hr hr-invisible   avia-builder-el-8  el_after_av_social_share  el_before_av_comments_list '><span class='hr-inner ' ><span class='hr-inner-style'><\/span><\/span><\/div>\n<div  class='av-buildercomment  av-blog-meta-html-info-disabled av-blog-meta-tag-disabled  '><\/div>\n","protected":false},"excerpt":{"rendered":"","protected":false},"author":1,"featured_media":19337,"comment_status":"open","ping_status":"open","sticky":false,"template":"","format":"standard","meta":{"footnotes":""},"categories":[46],"tags":[],"class_list":["post-19336","post","type-post","status-publish","format-standard","has-post-thumbnail","hentry","category-salud"],"jetpack_featured_media_url":"https:\/\/radiorevelacionfm.cl\/wp-content\/uploads\/2022\/07\/IMG_E3683-1-1.jpg","_links":{"self":[{"href":"https:\/\/radiorevelacionfm.cl\/index.php?rest_route=\/wp\/v2\/posts\/19336","targetHints":{"allow":["GET"]}}],"collection":[{"href":"https:\/\/radiorevelacionfm.cl\/index.php?rest_route=\/wp\/v2\/posts"}],"about":[{"href":"https:\/\/radiorevelacionfm.cl\/index.php?rest_route=\/wp\/v2\/types\/post"}],"author":[{"embeddable":true,"href":"https:\/\/radiorevelacionfm.cl\/index.php?rest_route=\/wp\/v2\/users\/1"}],"replies":[{"embeddable":true,"href":"https:\/\/radiorevelacionfm.cl\/index.php?rest_route=%2Fwp%2Fv2%2Fcomments&post=19336"}],"version-history":[{"count":2,"href":"https:\/\/radiorevelacionfm.cl\/index.php?rest_route=\/wp\/v2\/posts\/19336\/revisions"}],"predecessor-version":[{"id":19339,"href":"https:\/\/radiorevelacionfm.cl\/index.php?rest_route=\/wp\/v2\/posts\/19336\/revisions\/19339"}],"wp:featuredmedia":[{"embeddable":true,"href":"https:\/\/radiorevelacionfm.cl\/index.php?rest_route=\/wp\/v2\/media\/19337"}],"wp:attachment":[{"href":"https:\/\/radiorevelacionfm.cl\/index.php?rest_route=%2Fwp%2Fv2%2Fmedia&parent=19336"}],"wp:term":[{"taxonomy":"category","embeddable":true,"href":"https:\/\/radiorevelacionfm.cl\/index.php?rest_route=%2Fwp%2Fv2%2Fcategories&post=19336"},{"taxonomy":"post_tag","embeddable":true,"href":"https:\/\/radiorevelacionfm.cl\/index.php?rest_route=%2Fwp%2Fv2%2Ftags&post=19336"}],"curies":[{"name":"wp","href":"https:\/\/api.w.org\/{rel}","templated":true}]}}