{"id":19332,"date":"2022-07-18T10:31:22","date_gmt":"2022-07-18T13:31:22","guid":{"rendered":"https:\/\/radiorevelacionfm.cl\/?p=19332"},"modified":"2022-07-18T10:31:22","modified_gmt":"2022-07-18T13:31:22","slug":"senador-sandoval-se-reunio-con-director-del-ssa-para-abordar-infraestructura-de-salud-necesaria-a-nivel-regional","status":"publish","type":"post","link":"https:\/\/radiorevelacionfm.cl\/?p=19332","title":{"rendered":"Senador Sandoval se reuni\u00f3 con director del SSA para abordar infraestructura de salud necesaria a nivel regional"},"content":{"rendered":"<div class=\"flex_column av_one_full  flex_column_div av-zero-column-padding first  avia-builder-el-0  el_before_av_one_full  avia-builder-el-first  \" style='border-radius:0px; '><div  class='avia-image-container  av-styling-    avia-builder-el-1  avia-builder-el-no-sibling  avia-align-center '  itemprop=\"image\" itemscope=\"itemscope\" itemtype=\"https:\/\/schema.org\/ImageObject\"  ><div class='avia-image-container-inner'><div class='avia-image-overlay-wrap'><img decoding=\"async\" class='wp-image-19333 avia-img-lazy-loading-not-19333 avia_image' src=\"https:\/\/radiorevelacionfm.cl\/wp-content\/uploads\/2022\/07\/reuniOn-con-servicio-de-salud1_optimized.1-1.jpg\" alt='' title='reuni\u00d3n-con-servicio-de-salud1_optimized.1-(1)' height=\"600\" width=\"1146\"  itemprop=\"thumbnailUrl\" srcset=\"https:\/\/radiorevelacionfm.cl\/wp-content\/uploads\/2022\/07\/reuniOn-con-servicio-de-salud1_optimized.1-1.jpg 1146w, https:\/\/radiorevelacionfm.cl\/wp-content\/uploads\/2022\/07\/reuniOn-con-servicio-de-salud1_optimized.1-1-300x157.jpg 300w, https:\/\/radiorevelacionfm.cl\/wp-content\/uploads\/2022\/07\/reuniOn-con-servicio-de-salud1_optimized.1-1-1030x539.jpg 1030w, https:\/\/radiorevelacionfm.cl\/wp-content\/uploads\/2022\/07\/reuniOn-con-servicio-de-salud1_optimized.1-1-768x402.jpg 768w, https:\/\/radiorevelacionfm.cl\/wp-content\/uploads\/2022\/07\/reuniOn-con-servicio-de-salud1_optimized.1-1-705x369.jpg 705w, https:\/\/radiorevelacionfm.cl\/wp-content\/uploads\/2022\/07\/reuniOn-con-servicio-de-salud1_optimized.1-1-600x314.jpg 600w\" sizes=\"(max-width: 1146px) 100vw, 1146px\" \/><\/div><\/div><\/div><\/div><div class=\"flex_column av_one_full  flex_column_div av-zero-column-padding first  avia-builder-el-2  el_after_av_one_full  el_before_av_one_full  column-top-margin\" style='border-radius:0px; '><section class=\"av_textblock_section \"  itemscope=\"itemscope\" itemtype=\"https:\/\/schema.org\/BlogPosting\" itemprop=\"blogPost\" ><div class='avia_textblock  '   itemprop=\"text\" ><p style=\"text-align: center;\"><span style=\"font-size: 18pt;\"><strong>Senador Sandoval se reuni\u00f3 con director del SSA para abordar infraestructura de salud necesaria a nivel regional <\/strong><\/span><\/p>\n<div id=\"gtx-trans\" style=\"position: absolute; left: -50px; top: 4.31534px;\">\n<div class=\"gtx-trans-icon\"><\/div>\n<\/div>\n<\/div><\/section><\/div><div class=\"flex_column av_one_full  flex_column_div av-zero-column-padding first  avia-builder-el-4  el_after_av_one_full  el_before_av_hr  column-top-margin\" style='border-radius:0px; '><section class=\"av_textblock_section \"  itemscope=\"itemscope\" itemtype=\"https:\/\/schema.org\/BlogPosting\" itemprop=\"blogPost\" ><div class='avia_textblock  '   itemprop=\"text\" ><p style=\"text-align: justify;\">\u201cTodo lo que se avance hoy d\u00eda es fundamental\u201d. As\u00ed lo se\u00f1al\u00f3 el senador David Sandoval, luego de reunirse en los \u00faltimos d\u00edas con el director del Servicio de Salud Ays\u00e9n, Gabriel Burgos, con quien abordaron los principales temas de infraestructura requeridas a nivel regional.<\/p>\n<p style=\"text-align: justify;\">Durante el encuentro se abord\u00f3 el estado actual de avance de los M\u00f3dulos Cr\u00edticos del Hospital Regional de Coyhaique, el cual considera una unidad de Esterilizaci\u00f3n, un nuevo pabell\u00f3n en el \u00e1rea Pedi\u00e1trica, y tambi\u00e9n de Hemodinamia, el cual record\u00f3 ya se estuvo trabajando durante la administraci\u00f3n anterior, consiguiendo los recursos y la pertinencia t\u00e9cnica para su concreci\u00f3n. \u201cEsta semana habl\u00e1bamos con el director del Servicio de Salud, entre otros temas sobre los m\u00f3dulos cr\u00edticos, y bueno estamos hablando de un tema de salud para toda la regi\u00f3n de Ays\u00e9n\u201d, indic\u00f3.<\/p>\n<p style=\"text-align: justify;\">Tambi\u00e9n se abord\u00f3 el trabajo que se est\u00e1 haciendo en materia de habilitar la mediana complejidad en el Hospital de Puerto Ays\u00e9n, as\u00ed como el esc\u00e1ner para ese recinto, adem\u00e1s de dialogar respecto del Pol\u00edclinico de la Obesidad en esa ciudad. \u201cPara la gente de Puerto Ays\u00e9n es muy importante el tema de la complejidad del hospital\u201d, subray\u00f3.<\/p>\n<p style=\"text-align: justify;\">Con todo, Sandoval manifest\u00f3 su disposici\u00f3n a poder avanzar en todos estos temas, considerando que forma parte de la comisi\u00f3n mixta de Presupuesto constituida en el Congreso, la cual se encarga de analizar y definir los recursos para el pr\u00f3ximo a\u00f1o a nivel nacional.<\/p>\n<p style=\"text-align: justify;\">Finalmente, el parlamentario reiter\u00f3 la importancia de poder avanzar hoy en estos temas, pues precis\u00f3 que en el caso de las unidades cr\u00edticas \u201csi todo sale bien, eso estar\u00e1 listo en cinco a\u00f1os m\u00e1s\u201d, mientras que respecto del nuevo hospital regional, podr\u00edan ser dentro de quince a\u00f1os, por lo que insisti\u00f3 en que es fundamental avanzar hoy en estos temas.<\/p>\n<\/div><\/section><\/div><div  style='height:50px' class='hr hr-invisible   avia-builder-el-6  el_after_av_one_full  el_before_av_social_share '><span class='hr-inner ' ><span class='hr-inner-style'><\/span><\/span><\/div><\/p>\n<div  class='av-social-sharing-box  avia-builder-el-7  el_after_av_hr  el_before_av_hr  '><div class='av-share-box'><h5 class='av-share-link-description av-no-toc '>Compartir esta noticia<\/h5><ul class='av-share-box-list noLightbox'><li class='av-share-link av-social-link-facebook' ><a target=\"_blank\" aria-label=\"Compartir en Facebook\" href='https:\/\/www.facebook.com\/sharer.php?u=https:\/\/radiorevelacionfm.cl\/?p=19332&#038;t=Senador%20Sandoval%20se%20reuni%C3%B3%20con%20director%20del%20SSA%20para%20abordar%20infraestructura%20de%20salud%20necesaria%20a%20nivel%20regional' aria-hidden='false' data-av_icon='\ue8f3' data-av_iconfont='entypo-fontello' title='' data-avia-related-tooltip='Compartir en Facebook' rel=\"noopener\"><span class='avia_hidden_link_text'>Compartir en Facebook<\/span><\/a><\/li><li class='av-share-link av-social-link-twitter' ><a target=\"_blank\" aria-label=\"Compartir en Twitter\" href='https:\/\/twitter.com\/share?text=Senador%20Sandoval%20se%20reuni%C3%B3%20con%20director%20del%20SSA%20para%20abordar%20infraestructura%20de%20salud%20necesaria%20a%20nivel%20regional&#038;url=https:\/\/radiorevelacionfm.cl\/?p=19332' aria-hidden='false' data-av_icon='\ue8f1' data-av_iconfont='entypo-fontello' title='' data-avia-related-tooltip='Compartir en Twitter' rel=\"noopener\"><span class='avia_hidden_link_text'>Compartir en Twitter<\/span><\/a><\/li><li class='av-share-link av-social-link-whatsapp' ><a target=\"_blank\" aria-label=\"Compartir en Whatsapp\" href='https:\/\/api.whatsapp.com\/send?text=https:\/\/radiorevelacionfm.cl\/?p=19332' aria-hidden='false' data-av_icon='\uf232' data-av_iconfont='entypo-fontello' title='' data-avia-related-tooltip='Compartir en Whatsapp' rel=\"noopener\"><span class='avia_hidden_link_text'>Compartir en Whatsapp<\/span><\/a><\/li><li class='av-share-link av-social-link-linkedin' ><a target=\"_blank\" aria-label=\"Compartir en LinkedIn\" href='https:\/\/linkedin.com\/shareArticle?mini=true&#038;title=Senador%20Sandoval%20se%20reuni%C3%B3%20con%20director%20del%20SSA%20para%20abordar%20infraestructura%20de%20salud%20necesaria%20a%20nivel%20regional&#038;url=https:\/\/radiorevelacionfm.cl\/?p=19332' aria-hidden='false' data-av_icon='\ue8fc' data-av_iconfont='entypo-fontello' title='' data-avia-related-tooltip='Compartir en LinkedIn' rel=\"noopener\"><span class='avia_hidden_link_text'>Compartir en LinkedIn<\/span><\/a><\/li><li class='av-share-link av-social-link-mail' ><a  aria-label=\"Compartir por correo\" href='mailto:?subject=Senador%20Sandoval%20se%20reuni%C3%B3%20con%20director%20del%20SSA%20para%20abordar%20infraestructura%20de%20salud%20necesaria%20a%20nivel%20regional&#038;body=https:\/\/radiorevelacionfm.cl\/?p=19332' aria-hidden='false' data-av_icon='\ue805' data-av_iconfont='entypo-fontello' title='' data-avia-related-tooltip='Compartir por correo'><span class='avia_hidden_link_text'>Compartir por correo<\/span><\/a><\/li><\/ul><\/div><\/div>\n<div  style='height:50px' class='hr hr-invisible   avia-builder-el-8  el_after_av_social_share  el_before_av_comments_list '><span class='hr-inner ' ><span class='hr-inner-style'><\/span><\/span><\/div>\n<div  class='av-buildercomment  av-blog-meta-html-info-disabled av-blog-meta-tag-disabled  '><\/div>\n","protected":false},"excerpt":{"rendered":"","protected":false},"author":1,"featured_media":19333,"comment_status":"open","ping_status":"open","sticky":false,"template":"","format":"standard","meta":{"footnotes":""},"categories":[35],"tags":[],"class_list":["post-19332","post","type-post","status-publish","format-standard","has-post-thumbnail","hentry","category-politica"],"jetpack_featured_media_url":"https:\/\/radiorevelacionfm.cl\/wp-content\/uploads\/2022\/07\/reuniOn-con-servicio-de-salud1_optimized.1-1.jpg","_links":{"self":[{"href":"https:\/\/radiorevelacionfm.cl\/index.php?rest_route=\/wp\/v2\/posts\/19332","targetHints":{"allow":["GET"]}}],"collection":[{"href":"https:\/\/radiorevelacionfm.cl\/index.php?rest_route=\/wp\/v2\/posts"}],"about":[{"href":"https:\/\/radiorevelacionfm.cl\/index.php?rest_route=\/wp\/v2\/types\/post"}],"author":[{"embeddable":true,"href":"https:\/\/radiorevelacionfm.cl\/index.php?rest_route=\/wp\/v2\/users\/1"}],"replies":[{"embeddable":true,"href":"https:\/\/radiorevelacionfm.cl\/index.php?rest_route=%2Fwp%2Fv2%2Fcomments&post=19332"}],"version-history":[{"count":2,"href":"https:\/\/radiorevelacionfm.cl\/index.php?rest_route=\/wp\/v2\/posts\/19332\/revisions"}],"predecessor-version":[{"id":19343,"href":"https:\/\/radiorevelacionfm.cl\/index.php?rest_route=\/wp\/v2\/posts\/19332\/revisions\/19343"}],"wp:featuredmedia":[{"embeddable":true,"href":"https:\/\/radiorevelacionfm.cl\/index.php?rest_route=\/wp\/v2\/media\/19333"}],"wp:attachment":[{"href":"https:\/\/radiorevelacionfm.cl\/index.php?rest_route=%2Fwp%2Fv2%2Fmedia&parent=19332"}],"wp:term":[{"taxonomy":"category","embeddable":true,"href":"https:\/\/radiorevelacionfm.cl\/index.php?rest_route=%2Fwp%2Fv2%2Fcategories&post=19332"},{"taxonomy":"post_tag","embeddable":true,"href":"https:\/\/radiorevelacionfm.cl\/index.php?rest_route=%2Fwp%2Fv2%2Ftags&post=19332"}],"curies":[{"name":"wp","href":"https:\/\/api.w.org\/{rel}","templated":true}]}}