{"id":19327,"date":"2022-07-17T16:48:35","date_gmt":"2022-07-17T19:48:35","guid":{"rendered":"https:\/\/radiorevelacionfm.cl\/?p=19327"},"modified":"2022-07-17T16:48:35","modified_gmt":"2022-07-17T19:48:35","slug":"esta-semana-parten-buses-entre-coyhaique-y-chile-chico-por-argentina","status":"publish","type":"post","link":"https:\/\/radiorevelacionfm.cl\/?p=19327","title":{"rendered":"Esta semana parten buses entre Coyhaique y Chile Chico por Argentina"},"content":{"rendered":"<div class=\"flex_column av_one_full  flex_column_div av-zero-column-padding first  avia-builder-el-0  el_before_av_one_full  avia-builder-el-first  \" style='border-radius:0px; '><div  class='avia-image-container  av-styling-    avia-builder-el-1  avia-builder-el-no-sibling  avia-align-center '  itemprop=\"image\" itemscope=\"itemscope\" itemtype=\"https:\/\/schema.org\/ImageObject\"  ><div class='avia-image-container-inner'><div class='avia-image-overlay-wrap'><img decoding=\"async\" class='wp-image-19328 avia-img-lazy-loading-not-19328 avia_image' src=\"https:\/\/radiorevelacionfm.cl\/wp-content\/uploads\/2022\/07\/chile-chico-conectividad-1_optimized.jpg\" alt='' title='chile-chico-conectividad-(1)_optimized' height=\"600\" width=\"974\"  itemprop=\"thumbnailUrl\" srcset=\"https:\/\/radiorevelacionfm.cl\/wp-content\/uploads\/2022\/07\/chile-chico-conectividad-1_optimized.jpg 974w, https:\/\/radiorevelacionfm.cl\/wp-content\/uploads\/2022\/07\/chile-chico-conectividad-1_optimized-300x185.jpg 300w, https:\/\/radiorevelacionfm.cl\/wp-content\/uploads\/2022\/07\/chile-chico-conectividad-1_optimized-768x473.jpg 768w, https:\/\/radiorevelacionfm.cl\/wp-content\/uploads\/2022\/07\/chile-chico-conectividad-1_optimized-705x434.jpg 705w, https:\/\/radiorevelacionfm.cl\/wp-content\/uploads\/2022\/07\/chile-chico-conectividad-1_optimized-600x370.jpg 600w\" sizes=\"(max-width: 974px) 100vw, 974px\" \/><\/div><\/div><\/div><\/div><div class=\"flex_column av_one_full  flex_column_div av-zero-column-padding first  avia-builder-el-2  el_after_av_one_full  el_before_av_one_full  column-top-margin\" style='border-radius:0px; '><section class=\"av_textblock_section \"  itemscope=\"itemscope\" itemtype=\"https:\/\/schema.org\/BlogPosting\" itemprop=\"blogPost\" ><div class='avia_textblock  '   itemprop=\"text\" ><p style=\"text-align: center;\"><span style=\"font-size: 18pt;\"><b><span lang=\"ES\">Esta semana parten buses entre Coyhaique y Chile Chico por Argentina<\/span><\/b><\/span><\/p>\n<div id=\"gtx-trans\" style=\"position: absolute; left: -50px; top: 4.31534px;\">\n<div class=\"gtx-trans-icon\"><\/div>\n<\/div>\n<\/div><\/section><\/div><div class=\"flex_column av_one_full  flex_column_div av-zero-column-padding first  avia-builder-el-4  el_after_av_one_full  el_before_av_hr  column-top-margin\" style='border-radius:0px; '><section class=\"av_textblock_section \"  itemscope=\"itemscope\" itemtype=\"https:\/\/schema.org\/BlogPosting\" itemprop=\"blogPost\" ><div class='avia_textblock  '   itemprop=\"text\" ><p style=\"text-align: justify;\">Esta semana comienza a operar el servicio de buses entre Coyhaique y Chile Chico por Argentina, como una de las medidas inmediatas del Plan de Conectividad que desarrolla el Gobierno, para la comunidad de la provincia General Carrera.<\/p>\n<p style=\"text-align: justify;\">El Delegado Presidencial Regional de Ays\u00e9n, Rodrigo Araya, inform\u00f3 que el Plan de Conectividad ha implicado una estrecha coordinaci\u00f3n a nivel nacional y regional, a fin de generar opciones concretas de traslado seguro.<\/p>\n<p style=\"text-align: justify;\">\u201cLa conectividad del Lago General Carrera involucra a\u00f1os de problem\u00e1tica y nosotros estamos abordando esto de manera integral. Tenemos medidas inmediatas para lograr la conectividad de las familias actualmente, pero tambi\u00e9n tenemos que resolver la reparaci\u00f3n de las barcazas para dar conectividad lacustre con seguridad y calidad a trav\u00e9s de las barcazas Tehuelche y Pilchero, pero tambi\u00e9n con el dise\u00f1o y construcci\u00f3n de una nueva embarcaci\u00f3n. Para eso hemos podido articular con los ministerios de Transportes y Obras P\u00fablicas, logrando los compromisos de los ministros para respaldar las acciones que estamos haciendo a nivel local con el Gobierno Regional, con los alcaldes y las seremis de Transportes y de Obras P\u00fablicas\u201d, recalc\u00f3 Rodrigo Araya.<\/p>\n<p style=\"text-align: justify;\">La seremi de Transportes y Telecomunicaciones, Claudia Cantero, detall\u00f3 que el pasaje del bus tendr\u00e1 un valor de dos mil pesos para adultos y gratuito para personas mayores y estudiantes, con viaje seis veces a la semana en un trayecto que tarda alrededor de seis horas.<\/p>\n<p style=\"text-align: justify;\">\u201cBuses de recorrido entre Coyhaique y Chile Chico, pasando por Argentina, por el paso Huemules y Jeinimeni, seis veces a la semana, los d\u00edas lunes, martes, mi\u00e9rcoles, jueves, viernes y domingo, saliendo de Coyhaique y de Chile Chico a las nueve horas. Son buses de 33 y 35 pasajeros; el valor de los pasajes va a ser muy accesible, porque como ministerio estamos avanzando en que el transporte en general sea accesible a la comunidad, con valores de dos mil pesos para adultos, gratuito para adultos mayores y estudiantes\u201d, precis\u00f3.<\/p>\n<p style=\"text-align: justify;\"><strong>Plan de Conectividad: Contingencia, mediano y largo plazo<\/strong><\/p>\n<p style=\"text-align: justify;\">El Plan de Conectividad considera el traslado\u00a0terrestre, a\u00e9reo y lacustre\u00a0e involucra a las Delegaciones Presidenciales Regional, Provincial, el Ministerio de Obras P\u00fablicas y Ministerio de Transportes y Telecomunicaciones, junto con el Gobierno Regional, municipalidades de R\u00edo Ib\u00e1\u00f1ez y Chile Chico, parlamentarios y organizaciones de la comunidad.<\/p>\n<p style=\"text-align: justify;\">El Plan de Conectividad implic\u00f3\u00a0aumentar de 24 a 30 los viajes mensuales de la barcaza Chelenco\u00a0en el Lago General Carrera,\u00a0diez vuelos semanales Coyhaique-Chile Chico por parte de la empresa Aerocord\u00a0e iniciar el\u00a0transporte terrestre de lunes a domingo -a excepci\u00f3n de los d\u00edas s\u00e1bado-, por Argentina\u00a0luego de las autorizaciones gestionadas con las autoridades trasandinas competentes.<\/p>\n<p style=\"text-align: justify;\">\u201cEn este gran problema de conectividad del Lago General Carrera, hemos establecido varias medidas que son de corto plazo para resolver este tema y una de las m\u00e1s solicitadas por la comunidad era el traslado v\u00eda terrestre por territorio argentino entre Chile Chico y la ciudad de Coyhaique\u201d, concluy\u00f3 Rodrigo Araya.<\/p>\n<p style=\"text-align: justify;\">Entre las medidas de mediano plazo, se trabaja en la apertura\u00a0del Paso Internacional Palaviccini\u00a0desde agosto pr\u00f3ximo, disposici\u00f3n de un\u00a0minib\u00fas en la barcaza Chelenco\u00a0para proveer butacas a los pasajeros,\u00a0reparaci\u00f3n del sistema el\u00e9ctrico de la barcaza Pilchero\u00a0y\u00a0carena a flote de la barcaza La Tehuelche\u00a0por parte de los Astilleros y Maestranzas de la Armada, Asmar, entre julio y diciembre.<\/p>\n<p style=\"text-align: justify;\">Como medidas de largo plazo, el Ministerio de Obras P\u00fablicas prepara el dise\u00f1o participativo y posterior construcci\u00f3n de una\u00a0nueva embarcaci\u00f3n; licitaci\u00f3n de la construcci\u00f3n de un\u00a0cobertizo en Paso Las Llaves\u00a0avaluado en seis mil millones de pesos y\u00a0pavimentaci\u00f3n de la ruta 265-Ch El Mait\u00e9n-Guadal\u00a0mediante una inversi\u00f3n de 15.000 millones de pesos para el pr\u00f3ximo a\u00f1o 2023.<\/p>\n<\/div><\/section><\/div><div  style='height:50px' class='hr hr-invisible   avia-builder-el-6  el_after_av_one_full  el_before_av_social_share '><span class='hr-inner ' ><span class='hr-inner-style'><\/span><\/span><\/div><\/p>\n<div  class='av-social-sharing-box  avia-builder-el-7  el_after_av_hr  el_before_av_hr  '><div class='av-share-box'><h5 class='av-share-link-description av-no-toc '>Compartir esta noticia<\/h5><ul class='av-share-box-list noLightbox'><li class='av-share-link av-social-link-facebook' ><a target=\"_blank\" aria-label=\"Compartir en Facebook\" href='https:\/\/www.facebook.com\/sharer.php?u=https:\/\/radiorevelacionfm.cl\/?p=19327&#038;t=Esta%20semana%20parten%20buses%20entre%20Coyhaique%20y%20Chile%20Chico%20por%20Argentina' aria-hidden='false' data-av_icon='\ue8f3' data-av_iconfont='entypo-fontello' title='' data-avia-related-tooltip='Compartir en Facebook' rel=\"noopener\"><span class='avia_hidden_link_text'>Compartir en Facebook<\/span><\/a><\/li><li class='av-share-link av-social-link-twitter' ><a target=\"_blank\" aria-label=\"Compartir en Twitter\" href='https:\/\/twitter.com\/share?text=Esta%20semana%20parten%20buses%20entre%20Coyhaique%20y%20Chile%20Chico%20por%20Argentina&#038;url=https:\/\/radiorevelacionfm.cl\/?p=19327' aria-hidden='false' data-av_icon='\ue8f1' data-av_iconfont='entypo-fontello' title='' data-avia-related-tooltip='Compartir en Twitter' rel=\"noopener\"><span class='avia_hidden_link_text'>Compartir en Twitter<\/span><\/a><\/li><li class='av-share-link av-social-link-whatsapp' ><a target=\"_blank\" aria-label=\"Compartir en Whatsapp\" href='https:\/\/api.whatsapp.com\/send?text=https:\/\/radiorevelacionfm.cl\/?p=19327' aria-hidden='false' data-av_icon='\uf232' data-av_iconfont='entypo-fontello' title='' data-avia-related-tooltip='Compartir en Whatsapp' rel=\"noopener\"><span class='avia_hidden_link_text'>Compartir en Whatsapp<\/span><\/a><\/li><li class='av-share-link av-social-link-linkedin' ><a target=\"_blank\" aria-label=\"Compartir en LinkedIn\" href='https:\/\/linkedin.com\/shareArticle?mini=true&#038;title=Esta%20semana%20parten%20buses%20entre%20Coyhaique%20y%20Chile%20Chico%20por%20Argentina&#038;url=https:\/\/radiorevelacionfm.cl\/?p=19327' aria-hidden='false' data-av_icon='\ue8fc' data-av_iconfont='entypo-fontello' title='' data-avia-related-tooltip='Compartir en LinkedIn' rel=\"noopener\"><span class='avia_hidden_link_text'>Compartir en LinkedIn<\/span><\/a><\/li><li class='av-share-link av-social-link-mail' ><a  aria-label=\"Compartir por correo\" href='mailto:?subject=Esta%20semana%20parten%20buses%20entre%20Coyhaique%20y%20Chile%20Chico%20por%20Argentina&#038;body=https:\/\/radiorevelacionfm.cl\/?p=19327' aria-hidden='false' data-av_icon='\ue805' data-av_iconfont='entypo-fontello' title='' data-avia-related-tooltip='Compartir por correo'><span class='avia_hidden_link_text'>Compartir por correo<\/span><\/a><\/li><\/ul><\/div><\/div>\n<div  style='height:50px' class='hr hr-invisible   avia-builder-el-8  el_after_av_social_share  el_before_av_comments_list '><span class='hr-inner ' ><span class='hr-inner-style'><\/span><\/span><\/div>\n<div  class='av-buildercomment  av-blog-meta-html-info-disabled av-blog-meta-tag-disabled  '><\/div>\n","protected":false},"excerpt":{"rendered":"","protected":false},"author":1,"featured_media":19328,"comment_status":"open","ping_status":"open","sticky":false,"template":"","format":"standard","meta":{"footnotes":""},"categories":[38],"tags":[],"class_list":["post-19327","post","type-post","status-publish","format-standard","has-post-thumbnail","hentry","category-regional"],"jetpack_featured_media_url":"https:\/\/radiorevelacionfm.cl\/wp-content\/uploads\/2022\/07\/chile-chico-conectividad-1_optimized.jpg","_links":{"self":[{"href":"https:\/\/radiorevelacionfm.cl\/index.php?rest_route=\/wp\/v2\/posts\/19327","targetHints":{"allow":["GET"]}}],"collection":[{"href":"https:\/\/radiorevelacionfm.cl\/index.php?rest_route=\/wp\/v2\/posts"}],"about":[{"href":"https:\/\/radiorevelacionfm.cl\/index.php?rest_route=\/wp\/v2\/types\/post"}],"author":[{"embeddable":true,"href":"https:\/\/radiorevelacionfm.cl\/index.php?rest_route=\/wp\/v2\/users\/1"}],"replies":[{"embeddable":true,"href":"https:\/\/radiorevelacionfm.cl\/index.php?rest_route=%2Fwp%2Fv2%2Fcomments&post=19327"}],"version-history":[{"count":2,"href":"https:\/\/radiorevelacionfm.cl\/index.php?rest_route=\/wp\/v2\/posts\/19327\/revisions"}],"predecessor-version":[{"id":19330,"href":"https:\/\/radiorevelacionfm.cl\/index.php?rest_route=\/wp\/v2\/posts\/19327\/revisions\/19330"}],"wp:featuredmedia":[{"embeddable":true,"href":"https:\/\/radiorevelacionfm.cl\/index.php?rest_route=\/wp\/v2\/media\/19328"}],"wp:attachment":[{"href":"https:\/\/radiorevelacionfm.cl\/index.php?rest_route=%2Fwp%2Fv2%2Fmedia&parent=19327"}],"wp:term":[{"taxonomy":"category","embeddable":true,"href":"https:\/\/radiorevelacionfm.cl\/index.php?rest_route=%2Fwp%2Fv2%2Fcategories&post=19327"},{"taxonomy":"post_tag","embeddable":true,"href":"https:\/\/radiorevelacionfm.cl\/index.php?rest_route=%2Fwp%2Fv2%2Ftags&post=19327"}],"curies":[{"name":"wp","href":"https:\/\/api.w.org\/{rel}","templated":true}]}}