{"id":19315,"date":"2022-07-17T13:50:58","date_gmt":"2022-07-17T16:50:58","guid":{"rendered":"https:\/\/radiorevelacionfm.cl\/?p=19315"},"modified":"2022-07-17T13:50:58","modified_gmt":"2022-07-17T16:50:58","slug":"agricultura-golpea-la-mesa-ministerio-eleva-exigencias-para-evitar-urbanizacion-indiscriminada-del-suelo-rural","status":"publish","type":"post","link":"https:\/\/radiorevelacionfm.cl\/?p=19315","title":{"rendered":"Agricultura golpea la mesa: Ministerio eleva exigencias para evitar urbanizaci\u00f3n indiscriminada del suelo rural"},"content":{"rendered":"<div class=\"flex_column av_one_full  flex_column_div av-zero-column-padding first  avia-builder-el-0  el_before_av_one_full  avia-builder-el-first  \" style='border-radius:0px; '><div  class='avia-image-container  av-styling-    avia-builder-el-1  avia-builder-el-no-sibling  avia-align-center '  itemprop=\"image\" itemscope=\"itemscope\" itemtype=\"https:\/\/schema.org\/ImageObject\"  ><div class='avia-image-container-inner'><div class='avia-image-overlay-wrap'><img decoding=\"async\" class='wp-image-19316 avia-img-lazy-loading-not-19316 avia_image' src=\"https:\/\/radiorevelacionfm.cl\/wp-content\/uploads\/2022\/07\/coyhaique-2-2_optimized.jpg\" alt='' title='coyhaique-(2)-(2)_optimized' height=\"600\" width=\"901\"  itemprop=\"thumbnailUrl\" srcset=\"https:\/\/radiorevelacionfm.cl\/wp-content\/uploads\/2022\/07\/coyhaique-2-2_optimized.jpg 901w, https:\/\/radiorevelacionfm.cl\/wp-content\/uploads\/2022\/07\/coyhaique-2-2_optimized-300x200.jpg 300w, https:\/\/radiorevelacionfm.cl\/wp-content\/uploads\/2022\/07\/coyhaique-2-2_optimized-768x511.jpg 768w, https:\/\/radiorevelacionfm.cl\/wp-content\/uploads\/2022\/07\/coyhaique-2-2_optimized-705x469.jpg 705w, https:\/\/radiorevelacionfm.cl\/wp-content\/uploads\/2022\/07\/coyhaique-2-2_optimized-600x400.jpg 600w\" sizes=\"(max-width: 901px) 100vw, 901px\" \/><\/div><\/div><\/div><\/div><div class=\"flex_column av_one_full  flex_column_div av-zero-column-padding first  avia-builder-el-2  el_after_av_one_full  el_before_av_one_full  column-top-margin\" style='border-radius:0px; '><section class=\"av_textblock_section \"  itemscope=\"itemscope\" itemtype=\"https:\/\/schema.org\/BlogPosting\" itemprop=\"blogPost\" ><div class='avia_textblock  '   itemprop=\"text\" ><p style=\"text-align: center;\"><span style=\"font-size: 18pt;\"><b><span lang=\"ES-TRAD\">Agricultura golpea la mesa: Ministerio eleva exigencias para evitar urbanizaci\u00f3n indiscriminada del suelo rural<\/span><\/b><\/span><\/p>\n<div id=\"gtx-trans\" style=\"position: absolute; left: -50px; top: 4.31534px;\">\n<div class=\"gtx-trans-icon\"><\/div>\n<\/div>\n<\/div><\/section><\/div><div class=\"flex_column av_one_full  flex_column_div av-zero-column-padding first  avia-builder-el-4  el_after_av_one_full  el_before_av_hr  column-top-margin\" style='border-radius:0px; '><section class=\"av_textblock_section \"  itemscope=\"itemscope\" itemtype=\"https:\/\/schema.org\/BlogPosting\" itemprop=\"blogPost\" ><div class='avia_textblock  '   itemprop=\"text\" ><p class=\"v1gmail-Cuerpo\" style=\"text-align: justify;\"><span class=\"v1gmail-Ninguno\"><span lang=\"FR\">Un hist<\/span><span lang=\"ES-TRAD\">\u00f3rico instructivo emiti\u00f3 esta semana el Ministro de Agricultura Esteban Valenzuela van Treek como una forma de frenar el profundo proceso de fragmentaci\u00f3n que en los \u00fa<\/span><\/span><span class=\"v1gmail-Ninguno\"><span lang=\"PT\">ltimos a<\/span><span lang=\"ES-TRAD\">\u00f1os ha afectado a las zonas rurales del pa\u00eds, particularmente en el sur y la Patagonia. La idea es hacerse cargo de la \u00abp\u00fa<\/span><\/span><span class=\"v1gmail-Ninguno\"><span lang=\"PT\">blica notoriedad<\/span><span lang=\"ES-TRAD\">\u00bb que el tema ha cobrado durante los \u00faltimos meses, donde comunidades y autoridades han denunciado que los loteos indiscriminados con fines habitacionales generan graves impactos, tanto en materia ambiental como a las comunidades que en estos territorios habitan.<\/span><\/span><\/p>\n<p class=\"v1gmail-Cuerpo\" style=\"text-align: justify;\"><span class=\"v1gmail-Ninguno\"><span lang=\"ES-TRAD\">El acto administrativo, fechado el 12 de julio, fue derivado este viernes a todas las direcciones regionales del Servicio Agr\u00edcola y Ganadero (SAG), organismo responsable de la aplicaci\u00f3n del Decreto 3.516 sobre subdivisi\u00f3n de predios r\u00fasticos, al cual est\u00e1 dirigido el instructivo.<\/span><\/span><\/p>\n<p class=\"v1gmail-Cuerpo\" style=\"text-align: justify;\"><span class=\"v1gmail-Ninguno\"><span lang=\"ES-TRAD\">En concreto, se\u00f1ala el oficio conductor, el instructivo obliga a la paralizar el proceso de certificaci\u00f3n que realiza el SAG cuando la solicitud pudiera \u00abdar cuenta que el proyecto importa un eventual cambio de destino de los lotes, una vulneraci\u00f3n de la prohibici\u00f3n asociada a los art\u00edculos 55 y 56 de la LGUC, o una inviabilidad en su ejecuci\u00f3n conforme la normativa que deba respetar\u00bb.\u00a0<span class=\"v1gmail-Apple-converted-space\">\u00a0<\/span>Es decir, cuando se trate\u00a0<span class=\"v1gmail-Apple-converted-space\">\u00a0<\/span>de proyectos con evidentes fines habitacionales. En estos casos, se deber\u00e1 requerir, previo a seguir con el proceso \u00ablos informes que sean pertinentes, como los de SEREMI MINVU o CONAF, a fin de mejor resolver rechazar de plano la solicitud o continuar su tramitaci\u00f3<\/span><\/span><span class=\"v1gmail-Ninguno\">n regular<span lang=\"ES-TRAD\">\u00ab.<\/span><\/span><\/p>\n<p class=\"v1gmail-Cuerpo\" style=\"text-align: justify;\"><span class=\"v1gmail-Ninguno\"><span lang=\"ES-TRAD\">En la fundamentaci\u00f3n del instructivo, adem\u00e1s, se constata que la idea es enfrentar el hecho de que \u00abparte de la industria y los desarrolladores inmobiliarios han ajustado sus proyectos para vulnerar el esp\u00edritu del citado decreto al lotear terrenos rurales simulando que contin\u00faan teniendo fines agr\u00edcolas, ganaderos o forestales, aunque en realidad sus usos finales son de tipo habitacional\u00bb.<\/span><\/span><\/p>\n<p class=\"v1gmail-Cuerpo\" style=\"text-align: justify;\"><span class=\"v1gmail-Ninguno\"><span lang=\"ES-TRAD\">Durante los \u00faltimos meses el tema ha sido puesto en la discusi\u00f3n por m\u00faltiples organizaciones territoriales y ambientales del sur del pa\u00eds, de lo cual se han hecho los alcaldes de Valdivia y Puerto Varas, adem\u00e1s de la gobernadora de Ays<\/span><\/span><span class=\"v1gmail-Ninguno\"><span lang=\"FR\">\u00e9<\/span><span lang=\"ES-TRAD\">n.<\/span><\/span><\/p>\n<p class=\"v1gmail-Cuerpo\" style=\"text-align: justify;\"><span class=\"v1gmail-Ninguno\"><span lang=\"IT\">Erwin Sandoval Gallardo, presidente de la Corporaci<\/span><span lang=\"ES-TRAD\">\u00f3n Privada para el Desarrollo de Ays<\/span><\/span><span class=\"v1gmail-Ninguno\"><span lang=\"FR\">\u00e9n, expres<\/span><span lang=\"ES-TRAD\">\u00f3 que \u00absin duda que este instructivo constituye un aporte en solucionar un problema que, en parte, responde a una ausente o deficiente coordinaci\u00f3n entre los distintos \u00f3rganos administrativos con competencia en la materia\u00bb. Agreg\u00f3 que la medida confirma \u00abalgo que hemos se\u00f1alado reiteradamente, que, no obstante la necesaria modificaci\u00f3n o robustecimiento de la normativa vigente, hoy existen herramientas normativas para abordar, desde la institucionalidad, la problem\u00e1tica de los mega loteos con fines inmobiliarios en suelo rural\u00bb.<span class=\"v1gmail-Apple-converted-space\">\u00a0<\/span><\/span><\/span><\/p>\n<p class=\"v1gmail-Cuerpo\" style=\"text-align: justify;\"><span class=\"v1gmail-Ninguno\"><span lang=\"ES-TRAD\">Y concluy\u00f3: \u00abEn buena hora que el Ministerio de Agricultura act\u00faa en la senda correcta, buscando la coordinaci\u00f3n intersectorial desde etapas tempranas y con un enfoque preventivo; esperamos que el Ministerio de Vivienda y Urbanismo igualmente est<\/span><\/span><span class=\"v1gmail-Ninguno\"><span lang=\"FR\">\u00e9<span class=\"v1gmail-Apple-converted-space\">\u00a0<\/span><\/span><span lang=\"ES-TRAD\">disponible a ejercer las atribuciones que tiene en materia de subdivisiones y no generaci\u00f3<\/span><\/span><span class=\"v1gmail-Ninguno\"><span lang=\"NL\">n de n<\/span><span lang=\"ES-TRAD\">\u00facleos urbanos al margen de la planificaci\u00f3<\/span><\/span><span class=\"v1gmail-Ninguno\"><span lang=\"IT\">n territorial<\/span><span lang=\"ES-TRAD\">\u00ab.<\/span><\/span><\/p>\n<p class=\"v1gmail-Cuerpo\" style=\"text-align: justify;\"><span class=\"v1gmail-Ninguno\"><span lang=\"ES-TRAD\">\u00abNos alegra mucho ver este instructivo y, sobretodo, el cambio de actitud del ministerio de Agricultura, ya que nosotros hemos estado presentes y hemos visto en primera persona la influencia que tienen estas subdivisiones en territorios agr\u00edcolas, que afectan no s\u00f3lo al medio ambiente sino que gravemente a las comunidades\u00bb se\u00f1al\u00f3 \u00c1lvaro Erazo, arquitecto e integrante de la Agrupaci\u00f3n Protege los Molles, de la regi\u00f3<\/span><\/span><span class=\"v1gmail-Ninguno\"><span lang=\"NL\">n de Valpara<\/span><span lang=\"ES-TRAD\">\u00ed<\/span><\/span><span class=\"v1gmail-Ninguno\"><span lang=\"IT\">so. Puntualiz<\/span><span lang=\"ES-TRAD\">\u00f3 que \u00aben el caso de nosotros el tema del agua es prioritario y los servicios vienen de las mismas cuencas, se ha generado una fragmentaci\u00f3n del territorio en que afecta gravemente al medio ambiente, flora y fauna, incluso se ven amenazadas zonas arqueol\u00f3<\/span><\/span><span class=\"v1gmail-Ninguno\"><span lang=\"PT\">gicas<\/span><span lang=\"ES-TRAD\">\u00ab.<span class=\"v1gmail-Apple-converted-space\">\u00a0<\/span><\/span><\/span><\/p>\n<p class=\"v1gmail-Cuerpo\" style=\"text-align: justify;\"><span class=\"v1gmail-Ninguno\"><span lang=\"PT\">Explic<\/span><span lang=\"ES-TRAD\">\u00f3 que \u00abcuesta mucho lograr planificaci\u00f3n territorial de buena calidad y que est<\/span><\/span><span class=\"v1gmail-Ninguno\"><span lang=\"FR\">\u00e9<span class=\"v1gmail-Apple-converted-space\">\u00a0<\/span><\/span><span lang=\"ES-TRAD\">actualizada, y que contemple estas cosas. Entonces si las zonas rurales que son las que no se planifican quedan en manos de loteadores irregulares o parcelaciones con nombres ecol\u00f3gicos pero que no se cumplen, el ordenamiento territorial queda en el vac\u00edo<\/span><span lang=\"ES-TRAD\">\u00ab.<span class=\"v1gmail-Apple-converted-space\">\u00a0<\/span><\/span><\/span><\/p>\n<p class=\"v1gmail-Cuerpo\" style=\"text-align: justify;\"><span class=\"v1gmail-Ninguno\"><span lang=\"IT\">Paula Ba<\/span><span lang=\"ES-TRAD\">st\u00edas, presidenta del Colegio de Arquitectos Zonal Chilo<\/span><\/span><span class=\"v1gmail-Ninguno\"><span lang=\"FR\">\u00e9<\/span><span lang=\"ES-TRAD\">, agreg\u00f3 que \u00abes fundamental entender que el problema no son las parcelaciones en s\u00ed mismas, sino la falta de planificaci\u00f3n del territorio. No es posible parcelar cuencas, bosque nativo, humedales y lugares que son nuestras reservas de agua, de la vida de la flora y fauna. \u00bfC\u00f3mo es posible parcelar para uso habitacional aquellos sectores donde est\u00e1n nuestros alimentos, permitiendo p<\/span><\/span><span class=\"v1gmail-Ninguno\"><span lang=\"FR\">\u00e9<\/span><span lang=\"ES-TRAD\">rdida de bosque, aumento de requerimiento h\u00eddricos para los municipios o APR, desarticulaci\u00f3n social, afectaci\u00f3n de napas, aumento de perros asilvestrados, y todo aquello que trae consigo la fragmentaci\u00f3n del territorio o del ecosistemas<\/span><span lang=\"ES-TRAD\">\u00ab.<\/span><\/span><\/p>\n<p class=\"v1gmail-Cuerpo\" style=\"text-align: justify;\"><span class=\"v1gmail-Ninguno\"><span lang=\"ES-TRAD\">Por ello, en la opini\u00f3n de la orden profesional \u00abesto es el principio para empezar a trabajar en una planificaci\u00f3n territorial, en incentivos a los peque\u00f1os agricultores, en la protecci\u00f3n definitiva de nuestras reservas naturales. Esto no va ser posible si no hay territorio que ordenar y\/o proteger, por tanto espero que se siga avanzando en esta direcci\u00f3n, ya que finalmente lo que se hizo fue aplicar la ley\u00bb.<\/span><\/span><\/p>\n<\/div><\/section><\/div><div  style='height:50px' class='hr hr-invisible   avia-builder-el-6  el_after_av_one_full  el_before_av_social_share '><span class='hr-inner ' ><span class='hr-inner-style'><\/span><\/span><\/div><\/p>\n<div  class='av-social-sharing-box  avia-builder-el-7  el_after_av_hr  el_before_av_hr  '><div class='av-share-box'><h5 class='av-share-link-description av-no-toc '>Compartir esta noticia<\/h5><ul class='av-share-box-list noLightbox'><li class='av-share-link av-social-link-facebook' ><a target=\"_blank\" aria-label=\"Compartir en Facebook\" href='https:\/\/www.facebook.com\/sharer.php?u=https:\/\/radiorevelacionfm.cl\/?p=19315&#038;t=Agricultura%20golpea%20la%20mesa%3A%20Ministerio%20eleva%20exigencias%20para%20evitar%20urbanizaci%C3%B3n%20indiscriminada%20del%20suelo%20rural' aria-hidden='false' data-av_icon='\ue8f3' data-av_iconfont='entypo-fontello' title='' data-avia-related-tooltip='Compartir en Facebook' rel=\"noopener\"><span class='avia_hidden_link_text'>Compartir en Facebook<\/span><\/a><\/li><li class='av-share-link av-social-link-twitter' ><a target=\"_blank\" aria-label=\"Compartir en Twitter\" href='https:\/\/twitter.com\/share?text=Agricultura%20golpea%20la%20mesa%3A%20Ministerio%20eleva%20exigencias%20para%20evitar%20urbanizaci%C3%B3n%20indiscriminada%20del%20suelo%20rural&#038;url=https:\/\/radiorevelacionfm.cl\/?p=19315' aria-hidden='false' data-av_icon='\ue8f1' data-av_iconfont='entypo-fontello' title='' data-avia-related-tooltip='Compartir en Twitter' rel=\"noopener\"><span class='avia_hidden_link_text'>Compartir en Twitter<\/span><\/a><\/li><li class='av-share-link av-social-link-whatsapp' ><a target=\"_blank\" aria-label=\"Compartir en Whatsapp\" href='https:\/\/api.whatsapp.com\/send?text=https:\/\/radiorevelacionfm.cl\/?p=19315' aria-hidden='false' data-av_icon='\uf232' data-av_iconfont='entypo-fontello' title='' data-avia-related-tooltip='Compartir en Whatsapp' rel=\"noopener\"><span class='avia_hidden_link_text'>Compartir en Whatsapp<\/span><\/a><\/li><li class='av-share-link av-social-link-linkedin' ><a target=\"_blank\" aria-label=\"Compartir en LinkedIn\" href='https:\/\/linkedin.com\/shareArticle?mini=true&#038;title=Agricultura%20golpea%20la%20mesa%3A%20Ministerio%20eleva%20exigencias%20para%20evitar%20urbanizaci%C3%B3n%20indiscriminada%20del%20suelo%20rural&#038;url=https:\/\/radiorevelacionfm.cl\/?p=19315' aria-hidden='false' data-av_icon='\ue8fc' data-av_iconfont='entypo-fontello' title='' data-avia-related-tooltip='Compartir en LinkedIn' rel=\"noopener\"><span class='avia_hidden_link_text'>Compartir en LinkedIn<\/span><\/a><\/li><li class='av-share-link av-social-link-mail' ><a  aria-label=\"Compartir por correo\" href='mailto:?subject=Agricultura%20golpea%20la%20mesa%3A%20Ministerio%20eleva%20exigencias%20para%20evitar%20urbanizaci%C3%B3n%20indiscriminada%20del%20suelo%20rural&#038;body=https:\/\/radiorevelacionfm.cl\/?p=19315' aria-hidden='false' data-av_icon='\ue805' data-av_iconfont='entypo-fontello' title='' data-avia-related-tooltip='Compartir por correo'><span class='avia_hidden_link_text'>Compartir por correo<\/span><\/a><\/li><\/ul><\/div><\/div>\n<div  style='height:50px' class='hr hr-invisible   avia-builder-el-8  el_after_av_social_share  el_before_av_comments_list '><span class='hr-inner ' ><span class='hr-inner-style'><\/span><\/span><\/div>\n<div  class='av-buildercomment  av-blog-meta-html-info-disabled av-blog-meta-tag-disabled  '><\/div>\n","protected":false},"excerpt":{"rendered":"","protected":false},"author":1,"featured_media":19316,"comment_status":"open","ping_status":"open","sticky":false,"template":"","format":"standard","meta":{"footnotes":""},"categories":[61],"tags":[],"class_list":["post-19315","post","type-post","status-publish","format-standard","has-post-thumbnail","hentry","category-nacional"],"jetpack_featured_media_url":"https:\/\/radiorevelacionfm.cl\/wp-content\/uploads\/2022\/07\/coyhaique-2-2_optimized.jpg","_links":{"self":[{"href":"https:\/\/radiorevelacionfm.cl\/index.php?rest_route=\/wp\/v2\/posts\/19315","targetHints":{"allow":["GET"]}}],"collection":[{"href":"https:\/\/radiorevelacionfm.cl\/index.php?rest_route=\/wp\/v2\/posts"}],"about":[{"href":"https:\/\/radiorevelacionfm.cl\/index.php?rest_route=\/wp\/v2\/types\/post"}],"author":[{"embeddable":true,"href":"https:\/\/radiorevelacionfm.cl\/index.php?rest_route=\/wp\/v2\/users\/1"}],"replies":[{"embeddable":true,"href":"https:\/\/radiorevelacionfm.cl\/index.php?rest_route=%2Fwp%2Fv2%2Fcomments&post=19315"}],"version-history":[{"count":2,"href":"https:\/\/radiorevelacionfm.cl\/index.php?rest_route=\/wp\/v2\/posts\/19315\/revisions"}],"predecessor-version":[{"id":19318,"href":"https:\/\/radiorevelacionfm.cl\/index.php?rest_route=\/wp\/v2\/posts\/19315\/revisions\/19318"}],"wp:featuredmedia":[{"embeddable":true,"href":"https:\/\/radiorevelacionfm.cl\/index.php?rest_route=\/wp\/v2\/media\/19316"}],"wp:attachment":[{"href":"https:\/\/radiorevelacionfm.cl\/index.php?rest_route=%2Fwp%2Fv2%2Fmedia&parent=19315"}],"wp:term":[{"taxonomy":"category","embeddable":true,"href":"https:\/\/radiorevelacionfm.cl\/index.php?rest_route=%2Fwp%2Fv2%2Fcategories&post=19315"},{"taxonomy":"post_tag","embeddable":true,"href":"https:\/\/radiorevelacionfm.cl\/index.php?rest_route=%2Fwp%2Fv2%2Ftags&post=19315"}],"curies":[{"name":"wp","href":"https:\/\/api.w.org\/{rel}","templated":true}]}}