{"id":19310,"date":"2022-07-17T11:56:37","date_gmt":"2022-07-17T14:56:37","guid":{"rendered":"https:\/\/radiorevelacionfm.cl\/?p=19310"},"modified":"2022-07-17T12:02:21","modified_gmt":"2022-07-17T15:02:21","slug":"gobierno-en-aysen-releva-apoyos-para-reactivar-la-economia","status":"publish","type":"post","link":"https:\/\/radiorevelacionfm.cl\/?p=19310","title":{"rendered":"Gobierno en Ays\u00e9n releva apoyos para reactivar la econom\u00eda"},"content":{"rendered":"<div class=\"flex_column av_one_full  flex_column_div av-zero-column-padding first  avia-builder-el-0  el_before_av_one_full  avia-builder-el-first  \" style='border-radius:0px; '><div  class='avia-image-container  av-styling-    avia-builder-el-1  avia-builder-el-no-sibling  avia-align-center '  itemprop=\"image\" itemscope=\"itemscope\" itemtype=\"https:\/\/schema.org\/ImageObject\"  ><div class='avia-image-container-inner'><div class='avia-image-overlay-wrap'><img decoding=\"async\" class='wp-image-19311 avia-img-lazy-loading-not-19311 avia_image' src=\"https:\/\/radiorevelacionfm.cl\/wp-content\/uploads\/2022\/07\/Seremis-Econ-y-Gob1-1-1.jpg\" alt='' title='Seremis Econ y Gob1 (1) (1)' height=\"600\" width=\"929\"  itemprop=\"thumbnailUrl\" srcset=\"https:\/\/radiorevelacionfm.cl\/wp-content\/uploads\/2022\/07\/Seremis-Econ-y-Gob1-1-1.jpg 929w, https:\/\/radiorevelacionfm.cl\/wp-content\/uploads\/2022\/07\/Seremis-Econ-y-Gob1-1-1-300x194.jpg 300w, https:\/\/radiorevelacionfm.cl\/wp-content\/uploads\/2022\/07\/Seremis-Econ-y-Gob1-1-1-768x496.jpg 768w, https:\/\/radiorevelacionfm.cl\/wp-content\/uploads\/2022\/07\/Seremis-Econ-y-Gob1-1-1-705x455.jpg 705w, https:\/\/radiorevelacionfm.cl\/wp-content\/uploads\/2022\/07\/Seremis-Econ-y-Gob1-1-1-600x388.jpg 600w\" sizes=\"(max-width: 929px) 100vw, 929px\" \/><\/div><\/div><\/div><\/div>\n<div class=\"flex_column av_one_full  flex_column_div av-zero-column-padding first  avia-builder-el-2  el_after_av_one_full  el_before_av_one_full  column-top-margin\" style='border-radius:0px; '><section class=\"av_textblock_section \"  itemscope=\"itemscope\" itemtype=\"https:\/\/schema.org\/BlogPosting\" itemprop=\"blogPost\" ><div class='avia_textblock  '   itemprop=\"text\" ><p style=\"text-align: center;\"><strong><span style=\"font-size: 18pt;\">Gobierno en Ays\u00e9n releva apoyos para reactivar la econom\u00eda<\/span><\/strong><\/p>\n<div id=\"gtx-trans\" style=\"position: absolute; left: -50px; top: 4.31534px;\">\n<div class=\"gtx-trans-icon\"><\/div>\n<\/div>\n<\/div><\/section><\/div>\n<div class=\"flex_column av_one_full  flex_column_div av-zero-column-padding first  avia-builder-el-4  el_after_av_one_full  el_before_av_hr  column-top-margin\" style='border-radius:0px; '><section class=\"av_textblock_section \"  itemscope=\"itemscope\" itemtype=\"https:\/\/schema.org\/BlogPosting\" itemprop=\"blogPost\" ><div class='avia_textblock  '   itemprop=\"text\" ><p style=\"text-align: justify;\">En el marco de un trabajo de coordinaci\u00f3n para difundir los beneficios econ\u00f3micos del Gobierno, la seremi de Econom\u00eda, Fomento y Turismo, Rosa Machacan Navarrete, junto a la seremi de Gobierno, Tatiana Pl\u00e1 \u00c1lvarez, relevaron las medidas econ\u00f3micas que ha impulsado el Gobierno del Presidente Gabriel Boric, y que han sido pensadas para reactivar aquellas \u00e1reas que fueron m\u00e1s afectadas por la Pandemia del Covid.<\/p>\n<p style=\"text-align: justify;\">En este sentido, Tatiana Pl\u00e1, se\u00f1al\u00f3 que \u00abcomo gobierno no podemos ser indiferentes a la situaci\u00f3n actual, donde vemos el alza que ha tenido el costo de la vida, y por eso hemos trabajado para dar ayudas directas, promover la generaci\u00f3n de empleo y apoyar a los sectores m\u00e1s rezagados\u00bb.<\/p>\n<p style=\"text-align: justify;\">La vocera a\u00f1adi\u00f3 que consecuente con lo anterior, el Presidente de la rep\u00fablica anunci\u00f3 este lunes nuevas medidas econ\u00f3micas para enfrentar la inflaci\u00f3n, como el Bono Chile Apoya de Invierno, la Extensi\u00f3n del IFE laboral, la extensi\u00f3n del Postnatal Parental y la ampliaci\u00f3n de las postulaciones al subsidio laboral Protege hasta fin de a\u00f1o.<\/p>\n<p style=\"text-align: justify;\">\u00abComo dijo el Presidente Gabriel Boric, nuestro gobierno est\u00e1 haciendo todos los esfuerzos para apoyar a los sectores m\u00e1s afectados por esta crisis, sin abandonar nuestro compromiso con la responsabilidad fiscal\u00bb, acot\u00f3.<\/p>\n<p style=\"text-align: justify;\">Del mismo modo, la titular de Econom\u00eda, destac\u00f3 los beneficios para el sector empresarial que ofrecen el Programa de Apoyo para la Recuperaci\u00f3n, PAR Chile Apoya Turismo de Corfo, y el subsidio al Sueldo M\u00ednimo, entre otros.<\/p>\n<p style=\"text-align: justify;\">\u00abEl programa PAR Chile Apoya Turismo 2022 busca contribuir a la econom\u00eda y capital de trabajo local, para la reactivaci\u00f3n de empresas vinculadas al turismo, con financiamiento de hasta 4 millones en proyectos, sin cofinanciamiento por parte de las empresas\u00bb, explic\u00f3 Rosa Machac\u00e1n.<\/p>\n<p style=\"text-align: justify;\">\u00abPara que las micro, peque\u00f1as y medianas empresas que puedan postular al PAR Chile Apoya Turismo 2022, deben contar con inicio actividades ante el Servicio de Impuestos Internos (SII), tributando en Primera Categor\u00eda, con al menos un a\u00f1o de antig\u00fcedad, previo al inicio de esta convocatoria, y acreditar ventas entre 600UF y 100.000UF, es decir, ventas desde 1,5 millones mensuales aproximadamente\u00bb, a\u00f1adi\u00f3.<\/p>\n<p style=\"text-align: justify;\">As\u00ed tambi\u00e9n, la Seremi de Econom\u00eda inst\u00f3 a las micro, peque\u00f1as y medianas empresas de la regi\u00f3n a solicitar estos beneficios.<\/p>\n<p style=\"text-align: justify;\">\u00abEl subsidio al sueldo m\u00ednimo para las MiPymes es in\u00e9dito en el marco de un aumento salarial, y va en directo apoyo a las empresas de menor tama\u00f1o y cooperativas para acompa\u00f1arlos en esta transici\u00f3n al nuevo salario m\u00ednimo y se espera que alrededor de 1.600 MiPymes puedan acceder a este beneficio en nuestra regi\u00f3n, accediendo -para solicitarlo por \u00fanica vez- a la p\u00e1gina web del servicio de impuestos internos\u00bb, concluy\u00f3.<\/p>\n<\/div><\/section><\/div><div  style='height:50px' class='hr hr-invisible   avia-builder-el-6  el_after_av_one_full  el_before_av_social_share '><span class='hr-inner ' ><span class='hr-inner-style'><\/span><\/span><\/div><\/p>\n<div  class='av-social-sharing-box  avia-builder-el-7  el_after_av_hr  el_before_av_hr  '><div class='av-share-box'><h5 class='av-share-link-description av-no-toc '>Compartir esta noticia<\/h5><ul class='av-share-box-list noLightbox'><li class='av-share-link av-social-link-facebook' ><a target=\"_blank\" aria-label=\"Compartir en Facebook\" href='https:\/\/www.facebook.com\/sharer.php?u=https:\/\/radiorevelacionfm.cl\/?p=19310&#038;t=Gobierno%20en%20Ays%C3%A9n%20releva%20apoyos%20para%20reactivar%20la%20econom%C3%ADa' aria-hidden='false' data-av_icon='\ue8f3' data-av_iconfont='entypo-fontello' title='' data-avia-related-tooltip='Compartir en Facebook' rel=\"noopener\"><span class='avia_hidden_link_text'>Compartir en Facebook<\/span><\/a><\/li><li class='av-share-link av-social-link-twitter' ><a target=\"_blank\" aria-label=\"Compartir en Twitter\" href='https:\/\/twitter.com\/share?text=Gobierno%20en%20Ays%C3%A9n%20releva%20apoyos%20para%20reactivar%20la%20econom%C3%ADa&#038;url=https:\/\/radiorevelacionfm.cl\/?p=19310' aria-hidden='false' data-av_icon='\ue8f1' data-av_iconfont='entypo-fontello' title='' data-avia-related-tooltip='Compartir en Twitter' rel=\"noopener\"><span class='avia_hidden_link_text'>Compartir en Twitter<\/span><\/a><\/li><li class='av-share-link av-social-link-whatsapp' ><a target=\"_blank\" aria-label=\"Compartir en Whatsapp\" href='https:\/\/api.whatsapp.com\/send?text=https:\/\/radiorevelacionfm.cl\/?p=19310' aria-hidden='false' data-av_icon='\uf232' data-av_iconfont='entypo-fontello' title='' data-avia-related-tooltip='Compartir en Whatsapp' rel=\"noopener\"><span class='avia_hidden_link_text'>Compartir en Whatsapp<\/span><\/a><\/li><li class='av-share-link av-social-link-linkedin' ><a target=\"_blank\" aria-label=\"Compartir en LinkedIn\" href='https:\/\/linkedin.com\/shareArticle?mini=true&#038;title=Gobierno%20en%20Ays%C3%A9n%20releva%20apoyos%20para%20reactivar%20la%20econom%C3%ADa&#038;url=https:\/\/radiorevelacionfm.cl\/?p=19310' aria-hidden='false' data-av_icon='\ue8fc' data-av_iconfont='entypo-fontello' title='' data-avia-related-tooltip='Compartir en LinkedIn' rel=\"noopener\"><span class='avia_hidden_link_text'>Compartir en LinkedIn<\/span><\/a><\/li><li class='av-share-link av-social-link-mail' ><a  aria-label=\"Compartir por correo\" href='mailto:?subject=Gobierno%20en%20Ays%C3%A9n%20releva%20apoyos%20para%20reactivar%20la%20econom%C3%ADa&#038;body=https:\/\/radiorevelacionfm.cl\/?p=19310' aria-hidden='false' data-av_icon='\ue805' data-av_iconfont='entypo-fontello' title='' data-avia-related-tooltip='Compartir por correo'><span class='avia_hidden_link_text'>Compartir por correo<\/span><\/a><\/li><\/ul><\/div><\/div>\n<div  style='height:50px' class='hr hr-invisible   avia-builder-el-8  el_after_av_social_share  el_before_av_comments_list '><span class='hr-inner ' ><span class='hr-inner-style'><\/span><\/span><\/div>\n<div  class='av-buildercomment  av-blog-meta-html-info-disabled av-blog-meta-tag-disabled  '><\/div>\n","protected":false},"excerpt":{"rendered":"","protected":false},"author":1,"featured_media":19311,"comment_status":"open","ping_status":"open","sticky":false,"template":"","format":"standard","meta":{"footnotes":""},"categories":[38],"tags":[],"class_list":["post-19310","post","type-post","status-publish","format-standard","has-post-thumbnail","hentry","category-regional"],"jetpack_featured_media_url":"https:\/\/radiorevelacionfm.cl\/wp-content\/uploads\/2022\/07\/Seremis-Econ-y-Gob1-1-1.jpg","_links":{"self":[{"href":"https:\/\/radiorevelacionfm.cl\/index.php?rest_route=\/wp\/v2\/posts\/19310","targetHints":{"allow":["GET"]}}],"collection":[{"href":"https:\/\/radiorevelacionfm.cl\/index.php?rest_route=\/wp\/v2\/posts"}],"about":[{"href":"https:\/\/radiorevelacionfm.cl\/index.php?rest_route=\/wp\/v2\/types\/post"}],"author":[{"embeddable":true,"href":"https:\/\/radiorevelacionfm.cl\/index.php?rest_route=\/wp\/v2\/users\/1"}],"replies":[{"embeddable":true,"href":"https:\/\/radiorevelacionfm.cl\/index.php?rest_route=%2Fwp%2Fv2%2Fcomments&post=19310"}],"version-history":[{"count":3,"href":"https:\/\/radiorevelacionfm.cl\/index.php?rest_route=\/wp\/v2\/posts\/19310\/revisions"}],"predecessor-version":[{"id":19313,"href":"https:\/\/radiorevelacionfm.cl\/index.php?rest_route=\/wp\/v2\/posts\/19310\/revisions\/19313"}],"wp:featuredmedia":[{"embeddable":true,"href":"https:\/\/radiorevelacionfm.cl\/index.php?rest_route=\/wp\/v2\/media\/19311"}],"wp:attachment":[{"href":"https:\/\/radiorevelacionfm.cl\/index.php?rest_route=%2Fwp%2Fv2%2Fmedia&parent=19310"}],"wp:term":[{"taxonomy":"category","embeddable":true,"href":"https:\/\/radiorevelacionfm.cl\/index.php?rest_route=%2Fwp%2Fv2%2Fcategories&post=19310"},{"taxonomy":"post_tag","embeddable":true,"href":"https:\/\/radiorevelacionfm.cl\/index.php?rest_route=%2Fwp%2Fv2%2Ftags&post=19310"}],"curies":[{"name":"wp","href":"https:\/\/api.w.org\/{rel}","templated":true}]}}