{"id":19306,"date":"2022-07-16T15:12:49","date_gmt":"2022-07-16T18:12:49","guid":{"rendered":"https:\/\/radiorevelacionfm.cl\/?p=19306"},"modified":"2022-07-16T15:12:49","modified_gmt":"2022-07-16T18:12:49","slug":"carabineros-60-anos-de-la-incorporacion-de-la-mujer-a-sus-filas","status":"publish","type":"post","link":"https:\/\/radiorevelacionfm.cl\/?p=19306","title":{"rendered":"Carabineros: 60 a\u00f1os de la incorporaci\u00f3n de la mujer a sus filas"},"content":{"rendered":"<div class=\"flex_column av_one_full  flex_column_div av-zero-column-padding first  avia-builder-el-0  el_before_av_one_full  avia-builder-el-first  \" style='border-radius:0px; '><div  class='avia-image-container  av-styling-    avia-builder-el-1  avia-builder-el-no-sibling  avia-align-center '  itemprop=\"image\" itemscope=\"itemscope\" itemtype=\"https:\/\/schema.org\/ImageObject\"  ><div class='avia-image-container-inner'><div class='avia-image-overlay-wrap'><img decoding=\"async\" class='wp-image-19307 avia-img-lazy-loading-not-19307 avia_image' src=\"https:\/\/radiorevelacionfm.cl\/wp-content\/uploads\/2022\/07\/5b2-1-1.jpg\" alt='' title='5b2 (1) (1)' height=\"600\" width=\"733\"  itemprop=\"thumbnailUrl\" srcset=\"https:\/\/radiorevelacionfm.cl\/wp-content\/uploads\/2022\/07\/5b2-1-1.jpg 733w, https:\/\/radiorevelacionfm.cl\/wp-content\/uploads\/2022\/07\/5b2-1-1-300x246.jpg 300w, https:\/\/radiorevelacionfm.cl\/wp-content\/uploads\/2022\/07\/5b2-1-1-705x577.jpg 705w, https:\/\/radiorevelacionfm.cl\/wp-content\/uploads\/2022\/07\/5b2-1-1-600x491.jpg 600w\" sizes=\"(max-width: 733px) 100vw, 733px\" \/><\/div><\/div><\/div><\/div><div class=\"flex_column av_one_full  flex_column_div av-zero-column-padding first  avia-builder-el-2  el_after_av_one_full  el_before_av_one_full  column-top-margin\" style='border-radius:0px; '><section class=\"av_textblock_section \"  itemscope=\"itemscope\" itemtype=\"https:\/\/schema.org\/BlogPosting\" itemprop=\"blogPost\" ><div class='avia_textblock  '   itemprop=\"text\" ><p style=\"text-align: center;\"><strong><span style=\"font-size: 18pt;\">Carabineros: 60 a\u00f1os de la incorporaci\u00f3n de la mujer a sus filas<\/span><\/strong><\/p>\n<div id=\"gtx-trans\" style=\"position: absolute; left: -50px; top: 4.31534px;\">\n<div class=\"gtx-trans-icon\"><\/div>\n<\/div>\n<\/div><\/section><\/div><div class=\"flex_column av_one_full  flex_column_div av-zero-column-padding first  avia-builder-el-4  el_after_av_one_full  el_before_av_hr  column-top-margin\" style='border-radius:0px; '><section class=\"av_textblock_section \"  itemscope=\"itemscope\" itemtype=\"https:\/\/schema.org\/BlogPosting\" itemprop=\"blogPost\" ><div class='avia_textblock  '   itemprop=\"text\" ><p class=\"v1MsoNormal\" style=\"text-align: justify;\">Esenciales para el desarrollo del pa\u00eds, hace 60 a\u00f1os \u2013un d\u00eda como hoy 16 de julio de 1962- Carabineros de Chile, hasta ese momento con un car\u00e1cter fundamentalmente masculino, dio cabida a la mujer entre sus filas.<\/p>\n<p class=\"v1MsoNormal\" style=\"text-align: justify;\">Inicialmente fueron 104 mujeres que hicieron historia y que desempe\u00f1aron funciones en la atenci\u00f3n de menores en situaci\u00f3n irregular, donde la delicadeza y sensibilidad propias del g\u00e9nero, eran fundamentales para enfrentar este desaf\u00edo y brindar protecci\u00f3n a la infancia desvalida.<\/p>\n<p class=\"v1MsoNormal\" style=\"text-align: justify;\">Hoy, la mujer cumple funciones en las m\u00e1s diversas \u00e1reas, especialidades y escalafones e integra el Alto Mando Institucional, contribuyendo a la seguridad como expresi\u00f3n de una polic\u00eda moderna e integrada y que constituye una pieza fundamental para el desarrollo de nuestro pa\u00eds.<\/p>\n<p class=\"v1MsoNormal\" style=\"text-align: justify;\">Oriunda de la ciudad de Chill\u00e1n y con 26 a\u00f1os de servicio en la Instituci\u00f3n, la Suboficial Carmen Gonz\u00e1lez Navarrete desarroll\u00f3 su carrera policial en la ciudad de Santiago, cumpliendo funciones en la 1ra. y 3ra. Comisar\u00eda Santiago Centro de la Prefectura Central.<\/p>\n<p class=\"v1MsoNormal\" style=\"text-align: justify;\">El a\u00f1o 2021 fue destinada desde 3ra. Comisar\u00eda Santiago Central a la 1ra. Comisar\u00eda Coyhaique, donde inicialmente desarroll\u00f3 servicios policiales en la poblaci\u00f3n, para acto seguido conforme a sus conocimientos y experiencia, integrar la Autoridad Fiscalizadora OS.11 de esta Unidad.<\/p>\n<p class=\"v1MsoNormal\" style=\"text-align: justify;\">Luego de desarrollar una extensa trayectoria, integrando equipos y dispositivos a cargo de patrullajes, velando por la seguridad y tranquilidad en el casco hist\u00f3rico de Santiago, hoy sirve al pa\u00eds desde la ciudad de Coyhaique, siendo parte de un equipo que muchos relacionaban al g\u00e9nero masculino, el cual \u2013como en otros \u00e1mbitos del quehacer institucional- hoy es desarrollado por la mujer.<\/p>\n<p class=\"v1MsoNormal\" style=\"text-align: justify;\">En la actualidad, la Suboficial Gonz\u00e1lez cumple funciones en un \u00e1rea diferente a lo tradicional, se trata del OS.11, un departamento a cargo del control de armas y explosivos, encargado del registro de estas piezas, autorizaci\u00f3n y tambi\u00e9n el uso de estos elementos \u2013bajo estrictos protocolos de seguridad- tanto en la miner\u00eda como en tronaduras, posibilitando \u2013estas \u00faltimas- la apertura y mejora de rutas y caminos que unen personas y contribuyen a la integraci\u00f3n y al desarrollo del territorio.<\/p>\n<p class=\"v1MsoNormal\" style=\"text-align: justify;\">\u00abEn esta regi\u00f3n, la mayor parte de las personas inscriben armas para la caza, deportes y otras para defensa personal. Realizamos fiscalizaciones en terreno, verificamos que las armas est\u00e9n en el domicilio que la persona otorg\u00f3. As\u00ed tambi\u00e9n fiscalizamos las minas y polvorines, verificando que cumplan con todos los requisitos para poder funcionar\u00bb, indic\u00f3.<\/p>\n<p class=\"v1MsoNormal\" style=\"text-align: justify;\"><b>Seguridad ante todo<\/b><\/p>\n<p class=\"v1MsoNormal\" style=\"text-align: justify;\">\u00abEsta es una labor totalmente nueva para m\u00ed, porque no es algo que realicemos normalmente los carabineros. Con la ayuda de mis pares y charlas de la DGMN (Direcci\u00f3n Nacional de Movilizaci\u00f3n Nacional) y del Departamento OS.11 de la ciudad de Santiago, nos vamos retroalimentando y hacemos una buena labor\u00bb.<\/p>\n<p class=\"v1MsoNormal\" style=\"text-align: justify;\">Se trata de un trabajo en el cual se controlan las medidas de seguridad, toda vez que personas debidamente autorizadas manipulan elementos de alto poder destructivo, lo cual de no ser realizado de manera correcta puede derivar en hechos lamentables en su almacenamiento, traslado o manipulaci\u00f3n.<\/p>\n<p class=\"v1MsoNormal\" style=\"text-align: justify;\">\u00abHa sido una muy linda experiencia, sorprendente para m\u00ed, porque es algo a lo cual no estaba acostumbrada, como es fiscalizar explosivos o estar ah\u00ed cuando hacen las tronaduras. Se debe estar con todas las medidas de seguridad, casco, chaleco, situados a una distancia prudente y verificar que las personas que est\u00e1n haciendo el trabajo mantengan su carn\u00e9 de manipulador de explosivos, programador calculista y en definitiva que se encuentre todo en regla para poder realizar con \u00e9xito este trabajo y no cause lesiones a las personas, da\u00f1os a las casas en los alrededores o a quienes viven en esos lugares\u00bb, indic\u00f3.<\/p>\n<p class=\"v1MsoNormal\" style=\"text-align: justify;\"><b>Resguardo y protecci\u00f3n<\/b><\/p>\n<p class=\"v1MsoNormal\" style=\"text-align: justify;\">La Autoridad Fiscalizadora 094 OS.11 de la 1ra. Comisar\u00eda de Coyhaique, posee jurisdicci\u00f3n por el norte hasta Villa Ortega y hasta la localidad de R\u00edo Tranquilo por el sur.<\/p>\n<p class=\"v1MsoNormal\" style=\"text-align: justify;\">A lo largo de dicho territorio, la Suboficial Carmen Gonz\u00e1lez junto al personal realizan en forma peri\u00f3dica una rigurosa fiscalizaci\u00f3n en terreno, verificando aquellas armas debidamente inscritas y los domicilios fijados por sus propietarios, constatando igualmente el cumplimiento de los requisitos exigidos y establecidos por la ley.<\/p>\n<p class=\"v1MsoNormal\" style=\"text-align: justify;\">\u00abCuando voy a fiscalizar a las personas, les llama la atenci\u00f3n que sea una mujer, porque siempre los han fiscalizado hombres. He tenido una muy bonita experiencia porque la gente es cari\u00f1osa, nos recibe en sus casas y es muy accesible a la fiscalizaci\u00f3n\u00bb, indic\u00f3.<\/p>\n<p class=\"v1MsoNormal\" style=\"text-align: justify;\">\u00abHay mujeres que van a inscribir sus armas \u2013lo cual tambi\u00e9n me ha sorprendido- porque tienen su predio y ellas lo administran y quieren tener una seguridad para cuidar sus animales, para que no les causen da\u00f1o a sus ovejas. Ellas van a dar su examen y cuando les va bien y lo aprueban, se sienten muy orgullosas, m\u00e1s a\u00fan cuando aprueban a la primera, es muy gratificante para ellas\u00bb, se\u00f1al\u00f3 la Suboficial Gonz\u00e1lez.<\/p>\n<p class=\"v1MsoNormal\" style=\"text-align: justify;\">\u00abEstoy orgullosa de todas las mujeres carabineros porque es muy dif\u00edcil cumplir bien en todas las labores que se nos encomiendan, tanto en lo laboral, familiar -con los hijos-. Estoy orgullosa de todas mis colegas que est\u00e1n en puestos importantes a lo largo de todo Chile. Las mujeres est\u00e1n incorporadas en todas las labores que hace Carabineros. Antes solo era para el tema de familia, hab\u00eda centros de menores en los que estaban dedicadas las mujeres carabineros, hoy cubrimos todas las \u00e1reas y labores que hacen nuestros colegas masculinos. Siempre es un orgullo para m\u00ed ver a una mujer \u2013cuando voy a lugares extremos- y encontrarme ah\u00ed en que estamos en todos los lugares\u00bb, a\u00f1adi\u00f3.<\/p>\n<p class=\"v1MsoNormal\" style=\"text-align: justify;\">A 60 a\u00f1os de la incorporaci\u00f3n de la mujer en Carabineros, el g\u00e9nero transit\u00f3 desde haber estado al cuidado y de brindar protecci\u00f3n a la infancia desvalida, a estar hoy presente en toda esfera, desempe\u00f1ando funciones en los m\u00e1s variados \u00e1mbitos del quehacer institucional, contribuyendo a la seguridad y al desarrollo de nuestro pa\u00eds.<\/p>\n<\/div><\/section><\/div><div  style='height:50px' class='hr hr-invisible   avia-builder-el-6  el_after_av_one_full  el_before_av_social_share '><span class='hr-inner ' ><span class='hr-inner-style'><\/span><\/span><\/div><\/p>\n<div  class='av-social-sharing-box  avia-builder-el-7  el_after_av_hr  el_before_av_hr  '><div class='av-share-box'><h5 class='av-share-link-description av-no-toc '>Compartir esta noticia<\/h5><ul class='av-share-box-list noLightbox'><li class='av-share-link av-social-link-facebook' ><a target=\"_blank\" aria-label=\"Compartir en Facebook\" href='https:\/\/www.facebook.com\/sharer.php?u=https:\/\/radiorevelacionfm.cl\/?p=19306&#038;t=Carabineros%3A%2060%20a%C3%B1os%20de%20la%20incorporaci%C3%B3n%20de%20la%20mujer%20a%20sus%20filas' aria-hidden='false' data-av_icon='\ue8f3' data-av_iconfont='entypo-fontello' title='' data-avia-related-tooltip='Compartir en Facebook' rel=\"noopener\"><span class='avia_hidden_link_text'>Compartir en Facebook<\/span><\/a><\/li><li class='av-share-link av-social-link-twitter' ><a target=\"_blank\" aria-label=\"Compartir en Twitter\" href='https:\/\/twitter.com\/share?text=Carabineros%3A%2060%20a%C3%B1os%20de%20la%20incorporaci%C3%B3n%20de%20la%20mujer%20a%20sus%20filas&#038;url=https:\/\/radiorevelacionfm.cl\/?p=19306' aria-hidden='false' data-av_icon='\ue8f1' data-av_iconfont='entypo-fontello' title='' data-avia-related-tooltip='Compartir en Twitter' rel=\"noopener\"><span class='avia_hidden_link_text'>Compartir en Twitter<\/span><\/a><\/li><li class='av-share-link av-social-link-whatsapp' ><a target=\"_blank\" aria-label=\"Compartir en Whatsapp\" href='https:\/\/api.whatsapp.com\/send?text=https:\/\/radiorevelacionfm.cl\/?p=19306' aria-hidden='false' data-av_icon='\uf232' data-av_iconfont='entypo-fontello' title='' data-avia-related-tooltip='Compartir en Whatsapp' rel=\"noopener\"><span class='avia_hidden_link_text'>Compartir en Whatsapp<\/span><\/a><\/li><li class='av-share-link av-social-link-linkedin' ><a target=\"_blank\" aria-label=\"Compartir en LinkedIn\" href='https:\/\/linkedin.com\/shareArticle?mini=true&#038;title=Carabineros%3A%2060%20a%C3%B1os%20de%20la%20incorporaci%C3%B3n%20de%20la%20mujer%20a%20sus%20filas&#038;url=https:\/\/radiorevelacionfm.cl\/?p=19306' aria-hidden='false' data-av_icon='\ue8fc' data-av_iconfont='entypo-fontello' title='' data-avia-related-tooltip='Compartir en LinkedIn' rel=\"noopener\"><span class='avia_hidden_link_text'>Compartir en LinkedIn<\/span><\/a><\/li><li class='av-share-link av-social-link-mail' ><a  aria-label=\"Compartir por correo\" href='mailto:?subject=Carabineros%3A%2060%20a%C3%B1os%20de%20la%20incorporaci%C3%B3n%20de%20la%20mujer%20a%20sus%20filas&#038;body=https:\/\/radiorevelacionfm.cl\/?p=19306' aria-hidden='false' data-av_icon='\ue805' data-av_iconfont='entypo-fontello' title='' data-avia-related-tooltip='Compartir por correo'><span class='avia_hidden_link_text'>Compartir por correo<\/span><\/a><\/li><\/ul><\/div><\/div>\n<div  style='height:50px' class='hr hr-invisible   avia-builder-el-8  el_after_av_social_share  el_before_av_comments_list '><span class='hr-inner ' ><span class='hr-inner-style'><\/span><\/span><\/div>\n<div  class='av-buildercomment  av-blog-meta-html-info-disabled av-blog-meta-tag-disabled  '><\/div>\n","protected":false},"excerpt":{"rendered":"","protected":false},"author":1,"featured_media":19307,"comment_status":"open","ping_status":"open","sticky":false,"template":"","format":"standard","meta":{"footnotes":""},"categories":[36],"tags":[],"class_list":["post-19306","post","type-post","status-publish","format-standard","has-post-thumbnail","hentry","category-policial"],"jetpack_featured_media_url":"https:\/\/radiorevelacionfm.cl\/wp-content\/uploads\/2022\/07\/5b2-1-1.jpg","_links":{"self":[{"href":"https:\/\/radiorevelacionfm.cl\/index.php?rest_route=\/wp\/v2\/posts\/19306","targetHints":{"allow":["GET"]}}],"collection":[{"href":"https:\/\/radiorevelacionfm.cl\/index.php?rest_route=\/wp\/v2\/posts"}],"about":[{"href":"https:\/\/radiorevelacionfm.cl\/index.php?rest_route=\/wp\/v2\/types\/post"}],"author":[{"embeddable":true,"href":"https:\/\/radiorevelacionfm.cl\/index.php?rest_route=\/wp\/v2\/users\/1"}],"replies":[{"embeddable":true,"href":"https:\/\/radiorevelacionfm.cl\/index.php?rest_route=%2Fwp%2Fv2%2Fcomments&post=19306"}],"version-history":[{"count":2,"href":"https:\/\/radiorevelacionfm.cl\/index.php?rest_route=\/wp\/v2\/posts\/19306\/revisions"}],"predecessor-version":[{"id":19309,"href":"https:\/\/radiorevelacionfm.cl\/index.php?rest_route=\/wp\/v2\/posts\/19306\/revisions\/19309"}],"wp:featuredmedia":[{"embeddable":true,"href":"https:\/\/radiorevelacionfm.cl\/index.php?rest_route=\/wp\/v2\/media\/19307"}],"wp:attachment":[{"href":"https:\/\/radiorevelacionfm.cl\/index.php?rest_route=%2Fwp%2Fv2%2Fmedia&parent=19306"}],"wp:term":[{"taxonomy":"category","embeddable":true,"href":"https:\/\/radiorevelacionfm.cl\/index.php?rest_route=%2Fwp%2Fv2%2Fcategories&post=19306"},{"taxonomy":"post_tag","embeddable":true,"href":"https:\/\/radiorevelacionfm.cl\/index.php?rest_route=%2Fwp%2Fv2%2Ftags&post=19306"}],"curies":[{"name":"wp","href":"https:\/\/api.w.org\/{rel}","templated":true}]}}