{"id":19292,"date":"2022-07-16T12:08:08","date_gmt":"2022-07-16T15:08:08","guid":{"rendered":"https:\/\/radiorevelacionfm.cl\/?p=19292"},"modified":"2022-07-16T12:08:08","modified_gmt":"2022-07-16T15:08:08","slug":"productores-as-se-reunen-para-mejorar-competencias-del-sector-agropecuario-regional","status":"publish","type":"post","link":"https:\/\/radiorevelacionfm.cl\/?p=19292","title":{"rendered":"Productores\/as se re\u00fanen para mejorar competencias del sector agropecuario regional"},"content":{"rendered":"<div class=\"flex_column av_one_full  flex_column_div av-zero-column-padding first  avia-builder-el-0  el_before_av_one_full  avia-builder-el-first  \" style='border-radius:0px; '><div  class='avia-image-container  av-styling-    avia-builder-el-1  avia-builder-el-no-sibling  avia-align-center '  itemprop=\"image\" itemscope=\"itemscope\" itemtype=\"https:\/\/schema.org\/ImageObject\"  ><div class='avia-image-container-inner'><div class='avia-image-overlay-wrap'><img decoding=\"async\" class='wp-image-19293 avia-img-lazy-loading-not-19293 avia_image' src=\"https:\/\/radiorevelacionfm.cl\/wp-content\/uploads\/2022\/07\/agricultores-aysen-1-1_optimized.jpg\" alt='' title='agricultores-aysen-(1)-(1)_optimized' height=\"600\" width=\"1071\"  itemprop=\"thumbnailUrl\" srcset=\"https:\/\/radiorevelacionfm.cl\/wp-content\/uploads\/2022\/07\/agricultores-aysen-1-1_optimized.jpg 1071w, https:\/\/radiorevelacionfm.cl\/wp-content\/uploads\/2022\/07\/agricultores-aysen-1-1_optimized-300x168.jpg 300w, https:\/\/radiorevelacionfm.cl\/wp-content\/uploads\/2022\/07\/agricultores-aysen-1-1_optimized-1030x577.jpg 1030w, https:\/\/radiorevelacionfm.cl\/wp-content\/uploads\/2022\/07\/agricultores-aysen-1-1_optimized-768x430.jpg 768w, https:\/\/radiorevelacionfm.cl\/wp-content\/uploads\/2022\/07\/agricultores-aysen-1-1_optimized-705x395.jpg 705w, https:\/\/radiorevelacionfm.cl\/wp-content\/uploads\/2022\/07\/agricultores-aysen-1-1_optimized-600x336.jpg 600w\" sizes=\"(max-width: 1071px) 100vw, 1071px\" \/><\/div><\/div><\/div><\/div><div class=\"flex_column av_one_full  flex_column_div av-zero-column-padding first  avia-builder-el-2  el_after_av_one_full  el_before_av_one_full  column-top-margin\" style='border-radius:0px; '><section class=\"av_textblock_section \"  itemscope=\"itemscope\" itemtype=\"https:\/\/schema.org\/BlogPosting\" itemprop=\"blogPost\" ><div class='avia_textblock  '   itemprop=\"text\" ><p style=\"text-align: center;\"><strong><span style=\"font-size: 18pt;\">Productores\/as se re\u00fanen para mejorar competencias del sector agropecuario regional<\/span><\/strong><\/p>\n<div id=\"gtx-trans\" style=\"position: absolute; left: -50px; top: 4.31534px;\">\n<div class=\"gtx-trans-icon\"><\/div>\n<\/div>\n<\/div><\/section><\/div><div class=\"flex_column av_one_full  flex_column_div av-zero-column-padding first  avia-builder-el-4  el_after_av_one_full  el_before_av_hr  column-top-margin\" style='border-radius:0px; '><section class=\"av_textblock_section \"  itemscope=\"itemscope\" itemtype=\"https:\/\/schema.org\/BlogPosting\" itemprop=\"blogPost\" ><div class='avia_textblock  '   itemprop=\"text\" ><p style=\"text-align: justify;\">Mejorar la asociatividad y fortalecer las competencias t\u00e9cnicas de productores\/as de la regi\u00f3n, por medio de una estrategia participativa es el objetivo de los Grupos de Extensi\u00f3n Tecnol\u00f3gica (GET) que impulsa en cinco sectores de la regi\u00f3n el Instituto de Investigaciones Agropecuarias, INIA, del Ministerio de Agricultura en Ays\u00e9n.<\/p>\n<p style=\"text-align: justify;\">Para esto el Programa \u201cGesti\u00f3n Integral Agropecuaria con Enfoque Territorial\u201d, financiado por el Gobierno Regional de Ays\u00e9n, trabaja con 52 productores\/as de las localidades de La Junta, Coyhaique, Ib\u00e1\u00f1ez y Bah\u00eda Murta. A estos se suman 14 productores de Ays\u00e9n-Ma\u00f1ihuales que, con apoyo de la Subsecretar\u00eda de Agricultura, participan de este modelo donde son los propios campesinos quienes muestran sus modelos productivos.<\/p>\n<p style=\"text-align: justify;\">Es as\u00ed que en La Junta los cinco grupos que dan vida a este modelo realizaron\u00a0un d\u00eda de campo en el cual visitaron a\u00a0experiencias locales sobre manejo de praderas y cultivos suplementarios.<\/p>\n<p style=\"text-align: justify;\">Seg\u00fan destac\u00f3 Camila Reyes, directora de INIA en Ays\u00e9n, este es un proyecto iniciado hace dos a\u00f1os, y \u201cnos ha permitido tener estos grupos en diferentes sectores de la regi\u00f3n y hoy d\u00eda lo que hemos hecho es poder juntarnos para compartir diferentes experiencias, para ir conociendo lo que est\u00e1n haciendo ac\u00e1 en La Junta. Y estamos viendo diferentes ensayos donde colabora el INIA, y la empresa privada.\u201d<\/p>\n<p style=\"text-align: justify;\">En una experiencia de aprendizaje que fue valorado por An\u00edbal Retamal, integrante del GET de Villa Ma\u00f1ihuales, afirm\u00f3 Retamal que \u201cla experiencia es bastante buena, enriquecedora para conocer a otras personas, otros proyectos como trabajan ellos y agradecido de este tipo de oportunidades para salir a conocer otros manejos ganaderos, manejos de pasto y agradecer al INIA por esta buena iniciativa.\u201d<\/p>\n<p style=\"text-align: justify;\">El seremi de Agricultura, Alan Espinoza Ortiz, resalt\u00f3 que este tipo de instancia junto con mejorar la competitividad permite generar una red de vinculaci\u00f3n permanente con los productores del\u00a0territorio. Ante esto la autoridad sectorial se\u00f1al\u00f3 que \u201ceste es un proyecto de cooperaci\u00f3n, de innovaci\u00f3n, de transferencia de conocimiento\u00a0financiado por nuestro Gobierno Regional y su Consejo y que trabajan en conjunto con el INIA, donde\u00a0hemos podido compartir experiencias de productoras y productores de distintas partes de nuestra regi\u00f3n\u201d.<\/p>\n<p style=\"text-align: justify;\">Por su parte Cristi\u00e1n Gallardo de La Junta, explic\u00f3 que la\u00a0 instancia resulta una experiencia s\u00faper enriquecedora, \u201cporque a la vez hay un aporte de ellos, de su mundo, de sus realidades que son totalmente distintas de la regi\u00f3n.\u201d<\/p>\n<p style=\"text-align: justify;\">De tal forma los\u00a0Grupos de Extensi\u00f3n Tecnol\u00f3gica (GET)\u00a0a trav\u00e9s de un modelo participativo genera que sean los propios campesinos quienes muestran sus modelos productivos a sus pares. Reforzando este intercambio de conocimiento con reuniones\u00a0mensuales y charlas\u00a0t\u00e9cnicas buscando fortalecerla competitividad\u00a0del sector.<\/p>\n<\/div><\/section><\/div><div  style='height:50px' class='hr hr-invisible   avia-builder-el-6  el_after_av_one_full  el_before_av_social_share '><span class='hr-inner ' ><span class='hr-inner-style'><\/span><\/span><\/div><\/p>\n<div  class='av-social-sharing-box  avia-builder-el-7  el_after_av_hr  el_before_av_hr  '><div class='av-share-box'><h5 class='av-share-link-description av-no-toc '>Compartir esta noticia<\/h5><ul class='av-share-box-list noLightbox'><li class='av-share-link av-social-link-facebook' ><a target=\"_blank\" aria-label=\"Compartir en Facebook\" href='https:\/\/www.facebook.com\/sharer.php?u=https:\/\/radiorevelacionfm.cl\/?p=19292&#038;t=Productores%2Fas%20se%20re%C3%BAnen%20para%20mejorar%20competencias%20del%20sector%20agropecuario%20regional' aria-hidden='false' data-av_icon='\ue8f3' data-av_iconfont='entypo-fontello' title='' data-avia-related-tooltip='Compartir en Facebook' rel=\"noopener\"><span class='avia_hidden_link_text'>Compartir en Facebook<\/span><\/a><\/li><li class='av-share-link av-social-link-twitter' ><a target=\"_blank\" aria-label=\"Compartir en Twitter\" href='https:\/\/twitter.com\/share?text=Productores%2Fas%20se%20re%C3%BAnen%20para%20mejorar%20competencias%20del%20sector%20agropecuario%20regional&#038;url=https:\/\/radiorevelacionfm.cl\/?p=19292' aria-hidden='false' data-av_icon='\ue8f1' data-av_iconfont='entypo-fontello' title='' data-avia-related-tooltip='Compartir en Twitter' rel=\"noopener\"><span class='avia_hidden_link_text'>Compartir en Twitter<\/span><\/a><\/li><li class='av-share-link av-social-link-whatsapp' ><a target=\"_blank\" aria-label=\"Compartir en Whatsapp\" href='https:\/\/api.whatsapp.com\/send?text=https:\/\/radiorevelacionfm.cl\/?p=19292' aria-hidden='false' data-av_icon='\uf232' data-av_iconfont='entypo-fontello' title='' data-avia-related-tooltip='Compartir en Whatsapp' rel=\"noopener\"><span class='avia_hidden_link_text'>Compartir en Whatsapp<\/span><\/a><\/li><li class='av-share-link av-social-link-linkedin' ><a target=\"_blank\" aria-label=\"Compartir en LinkedIn\" href='https:\/\/linkedin.com\/shareArticle?mini=true&#038;title=Productores%2Fas%20se%20re%C3%BAnen%20para%20mejorar%20competencias%20del%20sector%20agropecuario%20regional&#038;url=https:\/\/radiorevelacionfm.cl\/?p=19292' aria-hidden='false' data-av_icon='\ue8fc' data-av_iconfont='entypo-fontello' title='' data-avia-related-tooltip='Compartir en LinkedIn' rel=\"noopener\"><span class='avia_hidden_link_text'>Compartir en LinkedIn<\/span><\/a><\/li><li class='av-share-link av-social-link-mail' ><a  aria-label=\"Compartir por correo\" href='mailto:?subject=Productores%2Fas%20se%20re%C3%BAnen%20para%20mejorar%20competencias%20del%20sector%20agropecuario%20regional&#038;body=https:\/\/radiorevelacionfm.cl\/?p=19292' aria-hidden='false' data-av_icon='\ue805' data-av_iconfont='entypo-fontello' title='' data-avia-related-tooltip='Compartir por correo'><span class='avia_hidden_link_text'>Compartir por correo<\/span><\/a><\/li><\/ul><\/div><\/div>\n<div  style='height:50px' class='hr hr-invisible   avia-builder-el-8  el_after_av_social_share  el_before_av_comments_list '><span class='hr-inner ' ><span class='hr-inner-style'><\/span><\/span><\/div>\n<div  class='av-buildercomment  av-blog-meta-html-info-disabled av-blog-meta-tag-disabled  '><\/div>\n","protected":false},"excerpt":{"rendered":"","protected":false},"author":1,"featured_media":19293,"comment_status":"open","ping_status":"open","sticky":false,"template":"","format":"standard","meta":{"footnotes":""},"categories":[58],"tags":[],"class_list":["post-19292","post","type-post","status-publish","format-standard","has-post-thumbnail","hentry","category-agricultura"],"jetpack_featured_media_url":"https:\/\/radiorevelacionfm.cl\/wp-content\/uploads\/2022\/07\/agricultores-aysen-1-1_optimized.jpg","_links":{"self":[{"href":"https:\/\/radiorevelacionfm.cl\/index.php?rest_route=\/wp\/v2\/posts\/19292","targetHints":{"allow":["GET"]}}],"collection":[{"href":"https:\/\/radiorevelacionfm.cl\/index.php?rest_route=\/wp\/v2\/posts"}],"about":[{"href":"https:\/\/radiorevelacionfm.cl\/index.php?rest_route=\/wp\/v2\/types\/post"}],"author":[{"embeddable":true,"href":"https:\/\/radiorevelacionfm.cl\/index.php?rest_route=\/wp\/v2\/users\/1"}],"replies":[{"embeddable":true,"href":"https:\/\/radiorevelacionfm.cl\/index.php?rest_route=%2Fwp%2Fv2%2Fcomments&post=19292"}],"version-history":[{"count":2,"href":"https:\/\/radiorevelacionfm.cl\/index.php?rest_route=\/wp\/v2\/posts\/19292\/revisions"}],"predecessor-version":[{"id":19295,"href":"https:\/\/radiorevelacionfm.cl\/index.php?rest_route=\/wp\/v2\/posts\/19292\/revisions\/19295"}],"wp:featuredmedia":[{"embeddable":true,"href":"https:\/\/radiorevelacionfm.cl\/index.php?rest_route=\/wp\/v2\/media\/19293"}],"wp:attachment":[{"href":"https:\/\/radiorevelacionfm.cl\/index.php?rest_route=%2Fwp%2Fv2%2Fmedia&parent=19292"}],"wp:term":[{"taxonomy":"category","embeddable":true,"href":"https:\/\/radiorevelacionfm.cl\/index.php?rest_route=%2Fwp%2Fv2%2Fcategories&post=19292"},{"taxonomy":"post_tag","embeddable":true,"href":"https:\/\/radiorevelacionfm.cl\/index.php?rest_route=%2Fwp%2Fv2%2Ftags&post=19292"}],"curies":[{"name":"wp","href":"https:\/\/api.w.org\/{rel}","templated":true}]}}