{"id":1929,"date":"2021-01-19T17:53:16","date_gmt":"2021-01-19T20:53:16","guid":{"rendered":"https:\/\/radiorevelacionfm.cl\/?p=1929"},"modified":"2021-01-19T17:53:16","modified_gmt":"2021-01-19T20:53:16","slug":"refuerzan-transporte-maritimo-subsidiado-con-tercera-frecuencia-semanal-en-tramo-quellon-melinka-puerto-cisnes","status":"publish","type":"post","link":"https:\/\/radiorevelacionfm.cl\/?p=1929","title":{"rendered":"Refuerzan transporte mar\u00edtimo subsidiado con tercera frecuencia semanal en tramo Quell\u00f3n \u2013 Melinka \u2013 Puerto Cisnes"},"content":{"rendered":"<div class=\"flex_column av_one_full  flex_column_div av-zero-column-padding first  avia-builder-el-0  el_before_av_one_full  avia-builder-el-first  \" style='border-radius:0px; '><div  class='avia-image-container  av-styling-    avia-builder-el-1  avia-builder-el-no-sibling  avia-align-center '  itemprop=\"image\" itemscope=\"itemscope\" itemtype=\"https:\/\/schema.org\/ImageObject\"  ><div class='avia-image-container-inner'><div class='avia-image-overlay-wrap'><img decoding=\"async\" class='wp-image-0 avia-img-lazy-loading-not-0 avia_image' src=\"https:\/\/radiorevelacionfm.cl\/wp-content\/uploads\/2021\/01\/DSC_3025-1.jpg\" alt='' title=''   itemprop=\"thumbnailUrl\"  \/><\/div><\/div><\/div><\/div><div class=\"flex_column av_one_full  flex_column_div av-zero-column-padding first  avia-builder-el-2  el_after_av_one_full  el_before_av_one_full  column-top-margin\" style='border-radius:0px; '><section class=\"av_textblock_section \"  itemscope=\"itemscope\" itemtype=\"https:\/\/schema.org\/BlogPosting\" itemprop=\"blogPost\" ><div class='avia_textblock  '   itemprop=\"text\" ><p style=\"text-align: center;\"><span style=\"font-size: 18pt;\"><strong>Refuerzan transporte mar\u00edtimo subsidiado con tercera frecuencia semanal en tramo Quell\u00f3n \u2013 Melinka \u2013 Puerto Cisnes<\/strong><\/span><\/p>\n<div id=\"gtx-trans\" style=\"position: absolute; left: -50px; top: 4.31534px;\">\n<div class=\"gtx-trans-icon\"><\/div>\n<\/div>\n<\/div><\/section><\/div><div class=\"flex_column av_one_full  flex_column_div av-zero-column-padding first  avia-builder-el-4  el_after_av_one_full  el_before_av_hr  column-top-margin\" style='border-radius:0px; '><section class=\"av_textblock_section \"  itemscope=\"itemscope\" itemtype=\"https:\/\/schema.org\/BlogPosting\" itemprop=\"blogPost\" ><div class='avia_textblock  '   itemprop=\"text\" ><p style=\"font-weight: 400; text-align: justify;\"><em>Sumando un viaje adicional a esta ruta mar\u00edtima, se dar\u00e1 respuesta a la mayor\u00a0 demanda del transporte de carga que transita en este trayecto, consolidando Puerto Cisnes como puerta de entrada a la regi\u00f3n.<\/em><\/p>\n<p style=\"font-weight: 400; text-align: justify;\">El pasado s\u00e1bado 16 de enero, en el marco de la visita de la Ministra de Transportes y Telecomunicaciones, Gloria Hutt, se dio partida a una tercera frecuencia adicional del transporte mar\u00edtimo subvencionado en el tramo Quell\u00f3n \u2013 Melinka \u2013 Puerto Cisnes. Sumando este recorrido a los trayectos de la barcaza ser\u00e1 posible absorber en forma m\u00e1s efectiva la demanda del transporte de carga en esta ruta, que presenta mayores ventajas de acceso a Ays\u00e9n.<\/p>\n<p style=\"font-weight: 400; text-align: justify;\">En la instancia la secretaria de Estado explic\u00f3: \u201ccon esta nueva frecuencia agregamos casi 12 mil metros lineales anuales a la capacidad de carga. El hecho de que la ruta 7 est\u00e9 todav\u00eda en arreglos y que hay puentes con capacidad limitada hace que la ruta mar\u00edtima sea tan clave y la hemos tenido que reforzar\u201d.<\/p>\n<p style=\"font-weight: 400; text-align: justify;\">El seremiTT Fabi\u00e1n Rojas, se refiri\u00f3 a la alianza p\u00fablico \u2013 privada que hizo posible este logro. \u201cAgradecemos el esfuerzo del sector privado, en este caso Naviera Austral. Sumado a la tercera vuelta, el contrato contempla otras mejoras. Entre ellas, poder asegurar una cantidad de espacio para los transportistas locales\u201d, coment\u00f3.<\/p>\n<p style=\"font-weight: 400; text-align: justify;\">A su vez el gerente de Naviera Austral, C\u00e9sar Hechenleitner destac\u00f3 otra ventaja en la operaci\u00f3n de esta ruta subvencionada: \u201cLas dos naves que tenemos dispuestas en la conexi\u00f3n entre Quell\u00f3n y Puerto Chacabuco, Puerto Cisnes e intermedios, est\u00e1n dedicadas exclusivamente a este contrato, lo que permite mayor seguridad en las frecuencias y en los itinerarios. Tambi\u00e9n ayuda en las planificaciones de nuestros usuarios.\u201d<\/p>\n<p style=\"font-weight: 400; text-align: justify;\">Esta tercera frecuencia tambi\u00e9n consolida a Puerto Cisnes como puerta de entrada a la regi\u00f3n de Ays\u00e9n, un anhelo planteado desde el gobierno comunal. \u201cPara nosotros es importante porque brinda un apoyo a algo que hemos planteado hace mucho tiempo, que tiene que ver con instalar a Puerto Cisnes como la puerta de entrada a Ays\u00e9n, por v\u00eda mar\u00edtima y terrestre\u201d, se\u00f1al\u00f3 Francisco Roncagliolo alcalde de la comuna de Cisnes.<\/p>\n<p style=\"font-weight: 400; text-align: justify;\">Este avance tambi\u00e9n fue valorado por sus mayores beneficiarios: los transportistas de carga de Aysen.<\/p>\n<p style=\"font-weight: 400; text-align: justify;\">\u201cLos peque\u00f1os transportistas quedaban de lado porque las grandes empresa absorb\u00edan los metros lineales. Hoy la solicitud que hicimos se est\u00e1 concretando con los espacios que vamos a tener y que hemos logrado para nuestra gente, que va en beneficio directo de la regi\u00f3n\u201d, indic\u00f3 Conrado Redlich, presidente de la AGRECACH (Asociaci\u00f3n Gremial de Transporte de Carga de Puerto Chacabuco)<\/p>\n<p style=\"font-weight: 400; text-align: justify;\">Ram\u00f3n Vidal, presidente de la Asociaci\u00f3n Gremial de camioneros de Coyhaique agreg\u00f3 que \u201cesta tercera vuelta es significativa no solo para el transporte sino que tambi\u00e9n para el desarrollo de nuestra regi\u00f3n, que es lo que todos esperamos, As\u00ed que agradecemos este trabajo realizado con el Gobierno\u201d<\/p>\n<p style=\"font-weight: 400; text-align: justify;\">Cabe precisar, que durante los \u00faltimos dos a\u00f1os el transporte de carga en la ruta Quell\u00f3n \u2013 Melinka \u2013 Puerto Cisnes ha experimentado su mayor aumento. El a\u00f1o 2019 se traslad\u00f3 un total de 41.813 metros lineales. Y, el a\u00f1o pasado, a pesar de la pandemia y las restricciones existentes para el ingreso a esta regi\u00f3n se registr\u00f3 un ingreso de 36.584 metros lineales por esta ruta.<\/p>\n<\/div><\/section><\/div><div  style='height:50px' class='hr hr-invisible   avia-builder-el-6  el_after_av_one_full  el_before_av_social_share '><span class='hr-inner ' ><span class='hr-inner-style'><\/span><\/span><\/div><\/p>\n<div  class='av-social-sharing-box  avia-builder-el-7  el_after_av_hr  el_before_av_hr  '><div class='av-share-box'><h5 class='av-share-link-description av-no-toc '>Compartir esta noticia<\/h5><ul class='av-share-box-list noLightbox'><li class='av-share-link av-social-link-facebook' ><a target=\"_blank\" aria-label=\"Compartir en Facebook\" href='https:\/\/www.facebook.com\/sharer.php?u=https:\/\/radiorevelacionfm.cl\/?p=1929&#038;t=Refuerzan%20transporte%20mar%C3%ADtimo%20subsidiado%20con%20tercera%20frecuencia%20semanal%20en%20tramo%20Quell%C3%B3n%20%E2%80%93%20Melinka%20%E2%80%93%20Puerto%20Cisnes' aria-hidden='false' data-av_icon='\ue8f3' data-av_iconfont='entypo-fontello' title='' data-avia-related-tooltip='Compartir en Facebook' rel=\"noopener\"><span class='avia_hidden_link_text'>Compartir en Facebook<\/span><\/a><\/li><li class='av-share-link av-social-link-twitter' ><a target=\"_blank\" aria-label=\"Compartir en Twitter\" href='https:\/\/twitter.com\/share?text=Refuerzan%20transporte%20mar%C3%ADtimo%20subsidiado%20con%20tercera%20frecuencia%20semanal%20en%20tramo%20Quell%C3%B3n%20%E2%80%93%20Melinka%20%E2%80%93%20Puerto%20Cisnes&#038;url=https:\/\/radiorevelacionfm.cl\/?p=1929' aria-hidden='false' data-av_icon='\ue8f1' data-av_iconfont='entypo-fontello' title='' data-avia-related-tooltip='Compartir en Twitter' rel=\"noopener\"><span class='avia_hidden_link_text'>Compartir en Twitter<\/span><\/a><\/li><li class='av-share-link av-social-link-whatsapp' ><a target=\"_blank\" aria-label=\"Compartir en Whatsapp\" href='https:\/\/api.whatsapp.com\/send?text=https:\/\/radiorevelacionfm.cl\/?p=1929' aria-hidden='false' data-av_icon='\uf232' data-av_iconfont='entypo-fontello' title='' data-avia-related-tooltip='Compartir en Whatsapp' rel=\"noopener\"><span class='avia_hidden_link_text'>Compartir en Whatsapp<\/span><\/a><\/li><li class='av-share-link av-social-link-linkedin' ><a target=\"_blank\" aria-label=\"Compartir en LinkedIn\" href='https:\/\/linkedin.com\/shareArticle?mini=true&#038;title=Refuerzan%20transporte%20mar%C3%ADtimo%20subsidiado%20con%20tercera%20frecuencia%20semanal%20en%20tramo%20Quell%C3%B3n%20%E2%80%93%20Melinka%20%E2%80%93%20Puerto%20Cisnes&#038;url=https:\/\/radiorevelacionfm.cl\/?p=1929' aria-hidden='false' data-av_icon='\ue8fc' data-av_iconfont='entypo-fontello' title='' data-avia-related-tooltip='Compartir en LinkedIn' rel=\"noopener\"><span class='avia_hidden_link_text'>Compartir en LinkedIn<\/span><\/a><\/li><li class='av-share-link av-social-link-mail' ><a  aria-label=\"Compartir por correo\" href='mailto:?subject=Refuerzan%20transporte%20mar%C3%ADtimo%20subsidiado%20con%20tercera%20frecuencia%20semanal%20en%20tramo%20Quell%C3%B3n%20%E2%80%93%20Melinka%20%E2%80%93%20Puerto%20Cisnes&#038;body=https:\/\/radiorevelacionfm.cl\/?p=1929' aria-hidden='false' data-av_icon='\ue805' data-av_iconfont='entypo-fontello' title='' data-avia-related-tooltip='Compartir por correo'><span class='avia_hidden_link_text'>Compartir por correo<\/span><\/a><\/li><\/ul><\/div><\/div>\n<div  style='height:50px' class='hr hr-invisible   avia-builder-el-8  el_after_av_social_share  el_before_av_comments_list '><span class='hr-inner ' ><span class='hr-inner-style'><\/span><\/span><\/div>\n<div  class='av-buildercomment  av-blog-meta-html-info-disabled av-blog-meta-tag-disabled  '><\/div>\n","protected":false},"excerpt":{"rendered":"","protected":false},"author":1,"featured_media":0,"comment_status":"open","ping_status":"open","sticky":false,"template":"","format":"standard","meta":{"footnotes":""},"categories":[38],"tags":[],"class_list":["post-1929","post","type-post","status-publish","format-standard","hentry","category-regional"],"jetpack_featured_media_url":"","_links":{"self":[{"href":"https:\/\/radiorevelacionfm.cl\/index.php?rest_route=\/wp\/v2\/posts\/1929","targetHints":{"allow":["GET"]}}],"collection":[{"href":"https:\/\/radiorevelacionfm.cl\/index.php?rest_route=\/wp\/v2\/posts"}],"about":[{"href":"https:\/\/radiorevelacionfm.cl\/index.php?rest_route=\/wp\/v2\/types\/post"}],"author":[{"embeddable":true,"href":"https:\/\/radiorevelacionfm.cl\/index.php?rest_route=\/wp\/v2\/users\/1"}],"replies":[{"embeddable":true,"href":"https:\/\/radiorevelacionfm.cl\/index.php?rest_route=%2Fwp%2Fv2%2Fcomments&post=1929"}],"version-history":[{"count":1,"href":"https:\/\/radiorevelacionfm.cl\/index.php?rest_route=\/wp\/v2\/posts\/1929\/revisions"}],"predecessor-version":[{"id":1931,"href":"https:\/\/radiorevelacionfm.cl\/index.php?rest_route=\/wp\/v2\/posts\/1929\/revisions\/1931"}],"wp:attachment":[{"href":"https:\/\/radiorevelacionfm.cl\/index.php?rest_route=%2Fwp%2Fv2%2Fmedia&parent=1929"}],"wp:term":[{"taxonomy":"category","embeddable":true,"href":"https:\/\/radiorevelacionfm.cl\/index.php?rest_route=%2Fwp%2Fv2%2Fcategories&post=1929"},{"taxonomy":"post_tag","embeddable":true,"href":"https:\/\/radiorevelacionfm.cl\/index.php?rest_route=%2Fwp%2Fv2%2Ftags&post=1929"}],"curies":[{"name":"wp","href":"https:\/\/api.w.org\/{rel}","templated":true}]}}