{"id":19284,"date":"2022-07-15T18:55:41","date_gmt":"2022-07-15T21:55:41","guid":{"rendered":"https:\/\/radiorevelacionfm.cl\/?p=19284"},"modified":"2022-07-15T18:55:41","modified_gmt":"2022-07-15T21:55:41","slug":"en-cisnes-se-reune-mesa-publico-privada-busca-avanzar-en-mayor-conectividad-y-asegurar-abastecimiento","status":"publish","type":"post","link":"https:\/\/radiorevelacionfm.cl\/?p=19284","title":{"rendered":"En Cisnes se re\u00fane Mesa p\u00fablico-privada busca avanzar en mayor conectividad y asegurar abastecimiento"},"content":{"rendered":"<div class=\"flex_column av_one_full  flex_column_div av-zero-column-padding first  avia-builder-el-0  el_before_av_one_full  avia-builder-el-first  \" style='border-radius:0px; '><div  class='avia-image-container  av-styling-    avia-builder-el-1  avia-builder-el-no-sibling  avia-align-center '  itemprop=\"image\" itemscope=\"itemscope\" itemtype=\"https:\/\/schema.org\/ImageObject\"  ><div class='avia-image-container-inner'><div class='avia-image-overlay-wrap'><img decoding=\"async\" class='wp-image-19286 avia-img-lazy-loading-not-19286 avia_image' src=\"https:\/\/radiorevelacionfm.cl\/wp-content\/uploads\/2022\/07\/reunion-camioneros-2-1-1.jpeg\" alt='' title='reunion camioneros 2 (1) (1)' height=\"600\" width=\"802\"  itemprop=\"thumbnailUrl\" srcset=\"https:\/\/radiorevelacionfm.cl\/wp-content\/uploads\/2022\/07\/reunion-camioneros-2-1-1.jpeg 802w, https:\/\/radiorevelacionfm.cl\/wp-content\/uploads\/2022\/07\/reunion-camioneros-2-1-1-300x224.jpeg 300w, https:\/\/radiorevelacionfm.cl\/wp-content\/uploads\/2022\/07\/reunion-camioneros-2-1-1-768x575.jpeg 768w, https:\/\/radiorevelacionfm.cl\/wp-content\/uploads\/2022\/07\/reunion-camioneros-2-1-1-705x527.jpeg 705w, https:\/\/radiorevelacionfm.cl\/wp-content\/uploads\/2022\/07\/reunion-camioneros-2-1-1-600x449.jpeg 600w\" sizes=\"(max-width: 802px) 100vw, 802px\" \/><\/div><\/div><\/div><\/div><div class=\"flex_column av_one_full  flex_column_div av-zero-column-padding first  avia-builder-el-2  el_after_av_one_full  el_before_av_one_full  column-top-margin\" style='border-radius:0px; '><section class=\"av_textblock_section \"  itemscope=\"itemscope\" itemtype=\"https:\/\/schema.org\/BlogPosting\" itemprop=\"blogPost\" ><div class='avia_textblock  '   itemprop=\"text\" ><p style=\"text-align: center;\"><strong><span style=\"font-size: 18pt;\">En Cisnes se re\u00fane Mesa p\u00fablico-privada busca avanzar en mayor conectividad y asegurar abastecimiento <\/span><\/strong><\/p>\n<div id=\"gtx-trans\" style=\"position: absolute; left: -50px; top: 4.31534px;\">\n<div class=\"gtx-trans-icon\"><\/div>\n<\/div>\n<\/div><\/section><\/div><div class=\"flex_column av_one_full  flex_column_div av-zero-column-padding first  avia-builder-el-4  el_after_av_one_full  el_before_av_hr  column-top-margin\" style='border-radius:0px; '><section class=\"av_textblock_section \"  itemscope=\"itemscope\" itemtype=\"https:\/\/schema.org\/BlogPosting\" itemprop=\"blogPost\" ><div class='avia_textblock  '   itemprop=\"text\" ><p style=\"text-align: justify;\">Una importante reuni\u00f3n se llev\u00f3 a cabo este viernes, en dependencias de la Ilustre Municipalidad de Cisnes, el encuentro estuvo liderado por el Alcalde, Francisco Roncagliolo Lepio, con la participaci\u00f3n del gerente comercial de Naviera Austral, H\u00e9ctor Soto, el presidente asociaci\u00f3n gremial de camioneros de Ays\u00e9n y Chacabuco, Conrado Redlich y una representante de la Seremi de Transportes.<\/p>\n<p style=\"text-align: justify;\">En la oportunidad, los temas que se abordaron tienen directa relaci\u00f3n con la conectividad mar\u00edtima en la ruta cordillera, que conecta a la regi\u00f3n de Los Lagos y la regi\u00f3n de Ays\u00e9n a trav\u00e9s de Puerto Cisnes. Aumentar los metros lineales para los transportistas de la zona y como as\u00ed tambi\u00e9n la posibilidad de sumar un nuevo viaje, fueron los planteamientos que estuvieron sobre la mesa. Tal como indic\u00f3 el Alcalde Roncagliolo.<\/p>\n<p style=\"text-align: justify;\">\u201cEs importante tener una tercera ruta, aumentar los metros lineales de transporte desde Quell\u00f3n a Puerto Cisnes, tambi\u00e9n es s\u00faper importante considerar que la ruta mar\u00edtima es ruta estructural, es la continuidad de la ruta 7. Por lo mismo, se tiene que tomar como una decisi\u00f3n de Estado en ese sentido y, por lo tanto, tambi\u00e9n la visi\u00f3n del Ministerio de Transportes y Telecomunicaciones debe ir focalizada a fortalecerlo de esa forma\u201d.<\/p>\n<p style=\"text-align: justify;\">Francisco Roncagliolo, a\u00f1adi\u00f3 que es muy importante fortalecer una mesa de trabajo con la d\u00e9cima regi\u00f3n, siempre con los intereses de nuestra regi\u00f3n por delante.<\/p>\n<p style=\"text-align: justify;\">\u201cEstamos muy interesados en fortalecer una mesa de trabajo, que se ha ido comprometiendo y trabajando con la Seremia de Transportes, con la d\u00e9cima regi\u00f3n, para que podamos tambi\u00e9n fortalecer esa ruta de acceso hacia la regi\u00f3n de Ays\u00e9n, con los intereses de nuestra regi\u00f3n por delante. Por lo mismo, es s\u00faper necesario poder trabajar con el Ministerio de Obras Publicas en un futuro cercano, para ir viendo las proyecciones de continuidad de la ruta de Chile por Chile por tierra, que es un desaf\u00edo que tenemos como regi\u00f3n de Ays\u00e9n. Para nosotros es s\u00faper importante considerar la ruta mar\u00edtima Cisnes &#8211; Quell\u00f3n &#8211; Cisnes, Chait\u00e9n &#8211; Puerto Montt &#8211; Chait\u00e9n y la ruta bimodal\u201d.<\/p>\n<p style=\"text-align: justify;\">En la reuni\u00f3n el gerente comercial de Naviera Austral, Hector Soto, se\u00f1al\u00f3 que la empresa tiene toda la disposici\u00f3n a llegar a acuerdos y avanzar en mejorar las condiciones para la regi\u00f3n de Ays\u00e9n.<\/p>\n<p style=\"text-align: justify;\">\u201cUno de los objetivos principales fue, el poder ver como reforzamos con las condiciones actuales que tenemos la oferta para poder solventar, cumplir y poder tener la seguridad de traer el abastecimiento a la regi\u00f3n, pensando en c\u00f3mo ha aumentado la demanda en el \u00faltimo tiempo. As\u00ed es que, quedaron varios compromisos sobre la mesa que esperamos poder dar seguimiento, continuidad. Como naviera estamos cien por ciento disponibles a poder participar, colaborar y entregar soluciones que puedan ir en directo beneficio para los residentes de la regi\u00f3n de Ays\u00e9n\u201d.<\/p>\n<p style=\"text-align: justify;\">En tanto, el presidente de la asociaci\u00f3n gremial de camioneros de Ays\u00e9n y Chacabuco, Conrado Redlich, junto con valorar la instancia de dialogo, se\u00f1al\u00f3, \u201ctuvimos una reuni\u00f3n con el se\u00f1or Alcalde de la comuna de Cisnes, con la representante de la Seremi de Transportes y con el representante de Naviera Austral, con quienes hicimos una mesa de trabajo. En el caso nuestro estamos solicitando una cuarta vuelta subvencionada en la ruta Cisnes \u2013 Quell\u00f3n \u2013 Cisnes, donde nosotros pedimos que sea continuaci\u00f3n de carretera, desde Quell\u00f3n hacia Cisnes y viceversa\u201d.<\/p>\n<p style=\"text-align: justify;\">De esta forma, desde la Municipalidad de Cisnes se mantiene el compromiso con los transportistas de la regi\u00f3n, en ir avanzando y colaborar en las gestiones para que sus requerimientos lleguen a buen puerto, pensando siempre en el bienestar de los habitantes de la comuna y de toda la regi\u00f3n de Ays\u00e9n.<\/p>\n<\/div><\/section><\/div><div  style='height:50px' class='hr hr-invisible   avia-builder-el-6  el_after_av_one_full  el_before_av_social_share '><span class='hr-inner ' ><span class='hr-inner-style'><\/span><\/span><\/div><\/p>\n<div  class='av-social-sharing-box  avia-builder-el-7  el_after_av_hr  el_before_av_hr  '><div class='av-share-box'><h5 class='av-share-link-description av-no-toc '>Compartir esta noticia<\/h5><ul class='av-share-box-list noLightbox'><li class='av-share-link av-social-link-facebook' ><a target=\"_blank\" aria-label=\"Compartir en Facebook\" href='https:\/\/www.facebook.com\/sharer.php?u=https:\/\/radiorevelacionfm.cl\/?p=19284&#038;t=En%20Cisnes%20se%20re%C3%BAne%20Mesa%20p%C3%BAblico-privada%20busca%20avanzar%20en%20mayor%20conectividad%20y%20asegurar%20abastecimiento' aria-hidden='false' data-av_icon='\ue8f3' data-av_iconfont='entypo-fontello' title='' data-avia-related-tooltip='Compartir en Facebook' rel=\"noopener\"><span class='avia_hidden_link_text'>Compartir en Facebook<\/span><\/a><\/li><li class='av-share-link av-social-link-twitter' ><a target=\"_blank\" aria-label=\"Compartir en Twitter\" href='https:\/\/twitter.com\/share?text=En%20Cisnes%20se%20re%C3%BAne%20Mesa%20p%C3%BAblico-privada%20busca%20avanzar%20en%20mayor%20conectividad%20y%20asegurar%20abastecimiento&#038;url=https:\/\/radiorevelacionfm.cl\/?p=19284' aria-hidden='false' data-av_icon='\ue8f1' data-av_iconfont='entypo-fontello' title='' data-avia-related-tooltip='Compartir en Twitter' rel=\"noopener\"><span class='avia_hidden_link_text'>Compartir en Twitter<\/span><\/a><\/li><li class='av-share-link av-social-link-whatsapp' ><a target=\"_blank\" aria-label=\"Compartir en Whatsapp\" href='https:\/\/api.whatsapp.com\/send?text=https:\/\/radiorevelacionfm.cl\/?p=19284' aria-hidden='false' data-av_icon='\uf232' data-av_iconfont='entypo-fontello' title='' data-avia-related-tooltip='Compartir en Whatsapp' rel=\"noopener\"><span class='avia_hidden_link_text'>Compartir en Whatsapp<\/span><\/a><\/li><li class='av-share-link av-social-link-linkedin' ><a target=\"_blank\" aria-label=\"Compartir en LinkedIn\" href='https:\/\/linkedin.com\/shareArticle?mini=true&#038;title=En%20Cisnes%20se%20re%C3%BAne%20Mesa%20p%C3%BAblico-privada%20busca%20avanzar%20en%20mayor%20conectividad%20y%20asegurar%20abastecimiento&#038;url=https:\/\/radiorevelacionfm.cl\/?p=19284' aria-hidden='false' data-av_icon='\ue8fc' data-av_iconfont='entypo-fontello' title='' data-avia-related-tooltip='Compartir en LinkedIn' rel=\"noopener\"><span class='avia_hidden_link_text'>Compartir en LinkedIn<\/span><\/a><\/li><li class='av-share-link av-social-link-mail' ><a  aria-label=\"Compartir por correo\" href='mailto:?subject=En%20Cisnes%20se%20re%C3%BAne%20Mesa%20p%C3%BAblico-privada%20busca%20avanzar%20en%20mayor%20conectividad%20y%20asegurar%20abastecimiento&#038;body=https:\/\/radiorevelacionfm.cl\/?p=19284' aria-hidden='false' data-av_icon='\ue805' data-av_iconfont='entypo-fontello' title='' data-avia-related-tooltip='Compartir por correo'><span class='avia_hidden_link_text'>Compartir por correo<\/span><\/a><\/li><\/ul><\/div><\/div>\n<div  style='height:50px' class='hr hr-invisible   avia-builder-el-8  el_after_av_social_share  el_before_av_comments_list '><span class='hr-inner ' ><span class='hr-inner-style'><\/span><\/span><\/div>\n<div  class='av-buildercomment  av-blog-meta-html-info-disabled av-blog-meta-tag-disabled  '><\/div>\n","protected":false},"excerpt":{"rendered":"","protected":false},"author":1,"featured_media":19286,"comment_status":"open","ping_status":"open","sticky":false,"template":"","format":"standard","meta":{"footnotes":""},"categories":[38],"tags":[],"class_list":["post-19284","post","type-post","status-publish","format-standard","has-post-thumbnail","hentry","category-regional"],"jetpack_featured_media_url":"https:\/\/radiorevelacionfm.cl\/wp-content\/uploads\/2022\/07\/reunion-camioneros-2-1-1.jpeg","_links":{"self":[{"href":"https:\/\/radiorevelacionfm.cl\/index.php?rest_route=\/wp\/v2\/posts\/19284","targetHints":{"allow":["GET"]}}],"collection":[{"href":"https:\/\/radiorevelacionfm.cl\/index.php?rest_route=\/wp\/v2\/posts"}],"about":[{"href":"https:\/\/radiorevelacionfm.cl\/index.php?rest_route=\/wp\/v2\/types\/post"}],"author":[{"embeddable":true,"href":"https:\/\/radiorevelacionfm.cl\/index.php?rest_route=\/wp\/v2\/users\/1"}],"replies":[{"embeddable":true,"href":"https:\/\/radiorevelacionfm.cl\/index.php?rest_route=%2Fwp%2Fv2%2Fcomments&post=19284"}],"version-history":[{"count":2,"href":"https:\/\/radiorevelacionfm.cl\/index.php?rest_route=\/wp\/v2\/posts\/19284\/revisions"}],"predecessor-version":[{"id":19288,"href":"https:\/\/radiorevelacionfm.cl\/index.php?rest_route=\/wp\/v2\/posts\/19284\/revisions\/19288"}],"wp:featuredmedia":[{"embeddable":true,"href":"https:\/\/radiorevelacionfm.cl\/index.php?rest_route=\/wp\/v2\/media\/19286"}],"wp:attachment":[{"href":"https:\/\/radiorevelacionfm.cl\/index.php?rest_route=%2Fwp%2Fv2%2Fmedia&parent=19284"}],"wp:term":[{"taxonomy":"category","embeddable":true,"href":"https:\/\/radiorevelacionfm.cl\/index.php?rest_route=%2Fwp%2Fv2%2Fcategories&post=19284"},{"taxonomy":"post_tag","embeddable":true,"href":"https:\/\/radiorevelacionfm.cl\/index.php?rest_route=%2Fwp%2Fv2%2Ftags&post=19284"}],"curies":[{"name":"wp","href":"https:\/\/api.w.org\/{rel}","templated":true}]}}