{"id":19278,"date":"2022-07-15T19:00:10","date_gmt":"2022-07-15T22:00:10","guid":{"rendered":"https:\/\/radiorevelacionfm.cl\/?p=19278"},"modified":"2022-07-15T20:23:33","modified_gmt":"2022-07-15T23:23:33","slug":"registro-civil-instala-moderno-totem-de-autoatencion-en-el-hospital-de-cochrane","status":"publish","type":"post","link":"https:\/\/radiorevelacionfm.cl\/?p=19278","title":{"rendered":"Registro Civil instala moderno t\u00f3tem de autoatenci\u00f3n en el Hospital de Cochrane"},"content":{"rendered":"<div class=\"flex_column av_one_full  flex_column_div av-zero-column-padding first  avia-builder-el-0  el_before_av_one_full  avia-builder-el-first  \" style='border-radius:0px; '><div  class='avia-image-container  av-styling-    avia-builder-el-1  avia-builder-el-no-sibling  avia-align-center '  itemprop=\"image\" itemscope=\"itemscope\" itemtype=\"https:\/\/schema.org\/ImageObject\"  ><div class='avia-image-container-inner'><div class='avia-image-overlay-wrap'><img decoding=\"async\" class='wp-image-19279 avia-img-lazy-loading-not-19279 avia_image' src=\"https:\/\/radiorevelacionfm.cl\/wp-content\/uploads\/2022\/07\/totem-2_1-1-1.jpg\" alt='' title='totem 2_1 (1) (1)' height=\"600\" width=\"739\"  itemprop=\"thumbnailUrl\" srcset=\"https:\/\/radiorevelacionfm.cl\/wp-content\/uploads\/2022\/07\/totem-2_1-1-1.jpg 739w, https:\/\/radiorevelacionfm.cl\/wp-content\/uploads\/2022\/07\/totem-2_1-1-1-300x244.jpg 300w, https:\/\/radiorevelacionfm.cl\/wp-content\/uploads\/2022\/07\/totem-2_1-1-1-705x572.jpg 705w, https:\/\/radiorevelacionfm.cl\/wp-content\/uploads\/2022\/07\/totem-2_1-1-1-600x487.jpg 600w\" sizes=\"(max-width: 739px) 100vw, 739px\" \/><\/div><\/div><\/div><\/div><div class=\"flex_column av_one_full  flex_column_div av-zero-column-padding first  avia-builder-el-2  el_after_av_one_full  el_before_av_one_full  column-top-margin\" style='border-radius:0px; '><section class=\"av_textblock_section \"  itemscope=\"itemscope\" itemtype=\"https:\/\/schema.org\/BlogPosting\" itemprop=\"blogPost\" ><div class='avia_textblock  '   itemprop=\"text\" ><p style=\"text-align: center;\"><span style=\"font-size: 18pt;\"><strong>Registro Civil instala moderno t\u00f3tem de autoatenci\u00f3n en el Hospital de Cochrane <\/strong><\/span><\/p>\n<div id=\"gtx-trans\" style=\"position: absolute; left: -50px; top: 4.31534px;\">\n<div class=\"gtx-trans-icon\"><\/div>\n<\/div>\n<\/div><\/section><\/div><div class=\"flex_column av_one_full  flex_column_div av-zero-column-padding first  avia-builder-el-4  el_after_av_one_full  el_before_av_hr  column-top-margin\" style='border-radius:0px; '><section class=\"av_textblock_section \"  itemscope=\"itemscope\" itemtype=\"https:\/\/schema.org\/BlogPosting\" itemprop=\"blogPost\" ><div class='avia_textblock  '   itemprop=\"text\" ><p style=\"text-align: justify;\">Recientemente entr\u00f3 en funcionamiento en el Hospital de Cochrane, un moderno t\u00f3tem de autoatenci\u00f3n del Servicio de Registro Civil e Identificaci\u00f3n, y que se enmarca en el Plan de Modernizaci\u00f3n de esta repartici\u00f3n p\u00fablica que tiene como objetivo entregar una mejor experiencia de atenci\u00f3n a la ciudadan\u00eda a trav\u00e9s de nuevos y mejores canales de atenci\u00f3n, con mayor rapidez, inmediatez, ahorro en traslados y en tiempos de espera, siendo \u00e9ste uno de los 8 equipos que se esperan instalar en distintas comunas de la regi\u00f3n de Ays\u00e9n.<\/p>\n<p style=\"text-align: justify;\">Respecto a este nuevo instrumento con el que cuentan desde ahora los habitantes de Cochrane y sus alrededores, la Delegada Presidencial de la Provincia Capit\u00e1n Prat Marta Montiel Alarc\u00f3n se\u00f1al\u00f3 que \u201ca partir de esta semana tenemos instalado y totalmente habilitado en el hospital de Cochrane un t\u00f3tem de autoatenci\u00f3n del Registro Civil e identificaci\u00f3n, en el cual los vecinos y vecinas de Cochrane, O higgins, Tortel, R\u00edo Tranquilo, Bah\u00eda Murta, Puerto Guadal, todos quienes acuden al hospital de Cochrane\u00a0 pueden hacer uso, ya sea si necesitan tramitar alguna documentaci\u00f3n del Registro Civil, hay certificados gratuitos y pagados que se pueden obtener a trav\u00e9s de este m\u00f3dulo, ahora su instalaci\u00f3n en el lugar responde a que muchas personas que recurren al hospital por atenci\u00f3n m\u00e9dica muchas veces tambi\u00e9n requieren contar con estos certificados, de esta manera ayudamos que la atenci\u00f3n sea m\u00e1s expedita y r\u00e1pida, as\u00ed tambi\u00e9n estamos muy contentos porque se est\u00e1n cumpliendo los mandatos del Presidente Gabriel Boric, siendo uno de ellos que las instituciones debemos acercarnos a la comunidad\u201d.<\/p>\n<p style=\"text-align: justify;\">En tanto, el Seremi de Justicia y Derechos Humanos, Samuel Navarro Castro se\u00f1al\u00f3 que \u201cla ciudad de Cochrane cuenta con un nuevo instrumento, se trata de un t\u00f3tem para obtener certificados y documentos de parte del Registro Civil, este equipo de \u00faltima tecnolog\u00eda est\u00e1 emplazado en el hospital de Cochrane, permitiendo as\u00ed que la ciudadan\u00eda en horarios distintos o alternos al de funcionamiento de la oficina del Registro Civil pueda obtener sus certificados o c\u00f3digos de activaci\u00f3n de la clave \u00fanica, siendo de f\u00e1cil acceso permitiendo su uso masivo por parte de la ciudadan\u00eda, ahora nos parece interesante acercar la tecnolog\u00eda a la comunidad y ponerla a disposici\u00f3n de las distintas necesidades de los habitantes de Cochrane y alrededores\u201d.<\/p>\n<p style=\"text-align: justify;\">Respecto a c\u00f3mo ha sido la recepci\u00f3n por parte de la comunidad, la Directora del Hospital de Cochrane Miriam Navarrete Novoa manifest\u00f3 que \u201chemos recibido muy buenos comentarios de la ciudadan\u00eda que ha visto esto como un mejor acceso a tramitaci\u00f3n de documentos, y los propios usuarios y pacientes nos han manifestado su conformidad con este importante avance, ahora contar con este equipo facilita enormemente los tr\u00e1mites tanto de los usuarios como de los funcionarios, y nos permite complementarnos con los servicios p\u00fablicos, este t\u00f3tem estar\u00e1 aqu\u00ed disponible tanto para los usuarios que acceden al hospital o bien para qui\u00e9n desee obtener alg\u00fan certificado \u00a0con la mayor facilidad posible\u201d.<\/p>\n<p style=\"text-align: justify;\">Por su parte, el Director del Servicio de Registro Civil e Identificaci\u00f3n Rodrigo Aguilera Silva indic\u00f3 que \u201ccon el af\u00e1n de acercar los servicios a nuestra comunidad y considerando que vamos a instalar 8 nuevos t\u00f3tem en la regi\u00f3n, se ha decidido destinar uno de estos nuevos equipos a la localidad de Cochrane e instalarlo en esta oportunidad en el nuevo hospital, de esta manera podemos aprovechar la infraestructura que ofrece el recinto hospitalario y el flujo continuo de usuarios que pasan por ah\u00ed\u201d.<\/p>\n<p style=\"text-align: justify;\">Finalmente, cabe indicar que estos equipos cuentan con un dise\u00f1o ergon\u00f3mico, espacio para sillas de ruedas, pantalla t\u00e1ctil y permiten obtener certificados gratuitos y pagados y el c\u00f3digo de activaci\u00f3n la clave \u00fanica, y ser\u00e1n ubicados en lugares con gran afluencia de p\u00fablico, como supermercados, hospitales, entre otros.<\/p>\n<\/div><\/section><\/div><div  style='height:50px' class='hr hr-invisible   avia-builder-el-6  el_after_av_one_full  el_before_av_social_share '><span class='hr-inner ' ><span class='hr-inner-style'><\/span><\/span><\/div><\/p>\n<div  class='av-social-sharing-box  avia-builder-el-7  el_after_av_hr  el_before_av_hr  '><div class='av-share-box'><h5 class='av-share-link-description av-no-toc '>Compartir esta noticia<\/h5><ul class='av-share-box-list noLightbox'><li class='av-share-link av-social-link-facebook' ><a target=\"_blank\" aria-label=\"Compartir en Facebook\" href='https:\/\/www.facebook.com\/sharer.php?u=https:\/\/radiorevelacionfm.cl\/?p=19278&#038;t=Registro%20Civil%20instala%20moderno%20t%C3%B3tem%20de%20autoatenci%C3%B3n%20en%20el%20Hospital%20de%20Cochrane' aria-hidden='false' data-av_icon='\ue8f3' data-av_iconfont='entypo-fontello' title='' data-avia-related-tooltip='Compartir en Facebook' rel=\"noopener\"><span class='avia_hidden_link_text'>Compartir en Facebook<\/span><\/a><\/li><li class='av-share-link av-social-link-twitter' ><a target=\"_blank\" aria-label=\"Compartir en Twitter\" href='https:\/\/twitter.com\/share?text=Registro%20Civil%20instala%20moderno%20t%C3%B3tem%20de%20autoatenci%C3%B3n%20en%20el%20Hospital%20de%20Cochrane&#038;url=https:\/\/radiorevelacionfm.cl\/?p=19278' aria-hidden='false' data-av_icon='\ue8f1' data-av_iconfont='entypo-fontello' title='' data-avia-related-tooltip='Compartir en Twitter' rel=\"noopener\"><span class='avia_hidden_link_text'>Compartir en Twitter<\/span><\/a><\/li><li class='av-share-link av-social-link-whatsapp' ><a target=\"_blank\" aria-label=\"Compartir en Whatsapp\" href='https:\/\/api.whatsapp.com\/send?text=https:\/\/radiorevelacionfm.cl\/?p=19278' aria-hidden='false' data-av_icon='\uf232' data-av_iconfont='entypo-fontello' title='' data-avia-related-tooltip='Compartir en Whatsapp' rel=\"noopener\"><span class='avia_hidden_link_text'>Compartir en Whatsapp<\/span><\/a><\/li><li class='av-share-link av-social-link-linkedin' ><a target=\"_blank\" aria-label=\"Compartir en LinkedIn\" href='https:\/\/linkedin.com\/shareArticle?mini=true&#038;title=Registro%20Civil%20instala%20moderno%20t%C3%B3tem%20de%20autoatenci%C3%B3n%20en%20el%20Hospital%20de%20Cochrane&#038;url=https:\/\/radiorevelacionfm.cl\/?p=19278' aria-hidden='false' data-av_icon='\ue8fc' data-av_iconfont='entypo-fontello' title='' data-avia-related-tooltip='Compartir en LinkedIn' rel=\"noopener\"><span class='avia_hidden_link_text'>Compartir en LinkedIn<\/span><\/a><\/li><li class='av-share-link av-social-link-mail' ><a  aria-label=\"Compartir por correo\" href='mailto:?subject=Registro%20Civil%20instala%20moderno%20t%C3%B3tem%20de%20autoatenci%C3%B3n%20en%20el%20Hospital%20de%20Cochrane&#038;body=https:\/\/radiorevelacionfm.cl\/?p=19278' aria-hidden='false' data-av_icon='\ue805' data-av_iconfont='entypo-fontello' title='' data-avia-related-tooltip='Compartir por correo'><span class='avia_hidden_link_text'>Compartir por correo<\/span><\/a><\/li><\/ul><\/div><\/div>\n<div  style='height:50px' class='hr hr-invisible   avia-builder-el-8  el_after_av_social_share  el_before_av_comments_list '><span class='hr-inner ' ><span class='hr-inner-style'><\/span><\/span><\/div>\n<div  class='av-buildercomment  av-blog-meta-html-info-disabled av-blog-meta-tag-disabled  '><\/div>\n","protected":false},"excerpt":{"rendered":"","protected":false},"author":1,"featured_media":19279,"comment_status":"open","ping_status":"open","sticky":false,"template":"","format":"standard","meta":{"footnotes":""},"categories":[38],"tags":[],"class_list":["post-19278","post","type-post","status-publish","format-standard","has-post-thumbnail","hentry","category-regional"],"jetpack_featured_media_url":"https:\/\/radiorevelacionfm.cl\/wp-content\/uploads\/2022\/07\/totem-2_1-1-1.jpg","_links":{"self":[{"href":"https:\/\/radiorevelacionfm.cl\/index.php?rest_route=\/wp\/v2\/posts\/19278","targetHints":{"allow":["GET"]}}],"collection":[{"href":"https:\/\/radiorevelacionfm.cl\/index.php?rest_route=\/wp\/v2\/posts"}],"about":[{"href":"https:\/\/radiorevelacionfm.cl\/index.php?rest_route=\/wp\/v2\/types\/post"}],"author":[{"embeddable":true,"href":"https:\/\/radiorevelacionfm.cl\/index.php?rest_route=\/wp\/v2\/users\/1"}],"replies":[{"embeddable":true,"href":"https:\/\/radiorevelacionfm.cl\/index.php?rest_route=%2Fwp%2Fv2%2Fcomments&post=19278"}],"version-history":[{"count":2,"href":"https:\/\/radiorevelacionfm.cl\/index.php?rest_route=\/wp\/v2\/posts\/19278\/revisions"}],"predecessor-version":[{"id":19289,"href":"https:\/\/radiorevelacionfm.cl\/index.php?rest_route=\/wp\/v2\/posts\/19278\/revisions\/19289"}],"wp:featuredmedia":[{"embeddable":true,"href":"https:\/\/radiorevelacionfm.cl\/index.php?rest_route=\/wp\/v2\/media\/19279"}],"wp:attachment":[{"href":"https:\/\/radiorevelacionfm.cl\/index.php?rest_route=%2Fwp%2Fv2%2Fmedia&parent=19278"}],"wp:term":[{"taxonomy":"category","embeddable":true,"href":"https:\/\/radiorevelacionfm.cl\/index.php?rest_route=%2Fwp%2Fv2%2Fcategories&post=19278"},{"taxonomy":"post_tag","embeddable":true,"href":"https:\/\/radiorevelacionfm.cl\/index.php?rest_route=%2Fwp%2Fv2%2Ftags&post=19278"}],"curies":[{"name":"wp","href":"https:\/\/api.w.org\/{rel}","templated":true}]}}