{"id":19275,"date":"2022-07-15T14:04:39","date_gmt":"2022-07-15T17:04:39","guid":{"rendered":"https:\/\/radiorevelacionfm.cl\/?p=19275"},"modified":"2022-07-15T14:04:39","modified_gmt":"2022-07-15T17:04:39","slug":"realizan-llamado-a-la-poblacion-a-continuar-con-el-proceso-de-vacunacion-contra-el-covid-19-e-influenza","status":"publish","type":"post","link":"https:\/\/radiorevelacionfm.cl\/?p=19275","title":{"rendered":"Realizan llamado a la poblaci\u00f3n a continuar con el proceso de vacunaci\u00f3n contra el Covid-19 e Influenza"},"content":{"rendered":"<div class=\"flex_column av_one_full  flex_column_div av-zero-column-padding first  avia-builder-el-0  el_before_av_one_full  avia-builder-el-first  \" style='border-radius:0px; '><div  class='avia-image-container  av-styling-    avia-builder-el-1  avia-builder-el-no-sibling  avia-align-center '  itemprop=\"image\" itemscope=\"itemscope\" itemtype=\"https:\/\/schema.org\/ImageObject\"  ><div class='avia-image-container-inner'><div class='avia-image-overlay-wrap'><img decoding=\"async\" class='wp-image-19276 avia-img-lazy-loading-not-19276 avia_image' src=\"https:\/\/radiorevelacionfm.cl\/wp-content\/uploads\/2022\/07\/IMG_3092-1-1.jpg\" alt='' title='IMG_3092 (1) (1)' height=\"600\" width=\"800\"  itemprop=\"thumbnailUrl\" srcset=\"https:\/\/radiorevelacionfm.cl\/wp-content\/uploads\/2022\/07\/IMG_3092-1-1.jpg 800w, https:\/\/radiorevelacionfm.cl\/wp-content\/uploads\/2022\/07\/IMG_3092-1-1-300x225.jpg 300w, https:\/\/radiorevelacionfm.cl\/wp-content\/uploads\/2022\/07\/IMG_3092-1-1-768x576.jpg 768w, https:\/\/radiorevelacionfm.cl\/wp-content\/uploads\/2022\/07\/IMG_3092-1-1-705x529.jpg 705w, https:\/\/radiorevelacionfm.cl\/wp-content\/uploads\/2022\/07\/IMG_3092-1-1-600x450.jpg 600w\" sizes=\"(max-width: 800px) 100vw, 800px\" \/><\/div><\/div><\/div><\/div><div class=\"flex_column av_one_full  flex_column_div av-zero-column-padding first  avia-builder-el-2  el_after_av_one_full  el_before_av_one_full  column-top-margin\" style='border-radius:0px; '><section class=\"av_textblock_section \"  itemscope=\"itemscope\" itemtype=\"https:\/\/schema.org\/BlogPosting\" itemprop=\"blogPost\" ><div class='avia_textblock  '   itemprop=\"text\" ><p style=\"text-align: center;\"><strong><span style=\"font-size: 18pt;\">Realizan llamado a la poblaci\u00f3n a continuar con el proceso de vacunaci\u00f3n contra el Covid-19 e Influenza<\/span><\/strong><\/p>\n<div id=\"gtx-trans\" style=\"position: absolute; left: -50px; top: 4.31534px;\">\n<div class=\"gtx-trans-icon\"><\/div>\n<\/div>\n<\/div><\/section><\/div><div class=\"flex_column av_one_full  flex_column_div av-zero-column-padding first  avia-builder-el-4  el_after_av_one_full  el_before_av_hr  column-top-margin\" style='border-radius:0px; '><section class=\"av_textblock_section \"  itemscope=\"itemscope\" itemtype=\"https:\/\/schema.org\/BlogPosting\" itemprop=\"blogPost\" ><div class='avia_textblock  '   itemprop=\"text\" ><p style=\"text-align: justify;\">De acuerdo a los \u00faltimos reportes del Programa Nacional de Inmunizaciones (PNI), en la regi\u00f3n de Ays\u00e9n, el porcentaje de vacunaci\u00f3n contra el Covid-19 es de un 62,73 % y contra la Influenza es de un 86,99 %, cifras que alertan a las autoridades de salud, dado que van m\u00e1s de 3 meses desde que comenz\u00f3 la implementaci\u00f3n de esta estrategia a nivel pa\u00eds, campa\u00f1as que cobran gran importancia, justamente en \u00e9poca de invierno, en medio de brotes de enfermedades respiratorias y el consiguiente aumento de demanda en los centros de salud de la red asistencial regional.<\/p>\n<p style=\"text-align: justify;\">Es por eso que desde los equipos de salud de la Red Asistencial Regional hacen un llamado a la prevenci\u00f3n de estas enfermedades y a completar sus esquemas de vacunaci\u00f3n contra el Covid, Influenza y otras enfermedades respiratorias.<\/p>\n<p style=\"text-align: justify;\">Justamente, en un invierno con muy bajas temperaturas, cobra mucha importancia seguir avanzando en los esquemas de vacunaci\u00f3n, como lo advierte Leandra Aguilar, encargada del Programa Nacional de Inmunizaciones del Servicio de Salud Ays\u00e9n, sobre todo en pre escolares de 3 a 5 a\u00f1os que es de un 11,76 % en dosis de refuerzo \u201cpensando en que en invierno aumentan las infecciones respiratorias, y si no est\u00e1n protegidos est\u00e1n m\u00e1s vulnerables a adquirir estas enfermedades y que sea tambi\u00e9n un riesgo de enfermedad grave por Covid. El otro grupo con baja cobertura es la cuarta dosis, ya que no est\u00e1 llegando la gente de acuerdo a calendario, han dejado de administrarse las vacunas, pensando en que se afecta su inmunidad, que est\u00e1 comprobado cient\u00edficamente que va bajando, y con esto est\u00e1n m\u00e1s vulnerables a adquirir la enfermedad de Covid y Covid grave\u201d, puntualiz\u00f3 la profesional.<\/p>\n<p style=\"text-align: justify;\">Respecto a las estrategias que se han venido implementando para seguir avanzando en las campa\u00f1as de vacunaci\u00f3n orientadas a Covid-19, Influenza y otras enfermedades respiratorias de invierno, Yasna Soto, encargada del Programa de Inmunizaciones del CESFAM Dr. Alejandro Guti\u00e9rrez de Coyhaique, relev\u00f3 el accionar invitando a la comunidad al punto de vacunaci\u00f3n establecido en el dispositivo. \u201cEstamos funcionando todos los domingos desde las 10:00 a 13:00 horas para que puedan acudir a vacunarse. Contamos con vacunas contra la influenza, neumoc\u00f3cica, contra la neumon\u00eda en pacientes mayores de 65 a\u00f1os, y seguimos con la vacunaci\u00f3n contra el Covid-19. Recalco la importancia de este proceso y que asistan, m\u00e1s a\u00fan en este periodo de invierno, en el que normalmente aumentan los casos de infecciones respiratorias y su gravedad, y normalmente igual las hospitalizaciones, ya sea en pacientes pedi\u00e1tricos, adultos, y adultos que tambi\u00e9n son de poblaci\u00f3n de riesgo\u201d, acot\u00f3.<\/p>\n<p style=\"text-align: justify;\">Todos los p\u00fablicos objetivos, puntos y calendarizaci\u00f3n de la campa\u00f1a de vacunaci\u00f3n contra el Covid-19 e Influenza, se encuentran en la p\u00e1gina web del Servicio de Salud Ays\u00e9n <a href=\"http:\/\/www.saludaysen.cl\">www.saludaysen.cl<\/a> y en sus redes sociales.<\/p>\n<\/div><\/section><\/div><div  style='height:50px' class='hr hr-invisible   avia-builder-el-6  el_after_av_one_full  el_before_av_social_share '><span class='hr-inner ' ><span class='hr-inner-style'><\/span><\/span><\/div><\/p>\n<div  class='av-social-sharing-box  avia-builder-el-7  el_after_av_hr  el_before_av_hr  '><div class='av-share-box'><h5 class='av-share-link-description av-no-toc '>Compartir esta noticia<\/h5><ul class='av-share-box-list noLightbox'><li class='av-share-link av-social-link-facebook' ><a target=\"_blank\" aria-label=\"Compartir en Facebook\" href='https:\/\/www.facebook.com\/sharer.php?u=https:\/\/radiorevelacionfm.cl\/?p=19275&#038;t=Realizan%20llamado%20a%20la%20poblaci%C3%B3n%20a%20continuar%20con%20el%20proceso%20de%20vacunaci%C3%B3n%20contra%20el%20Covid-19%20e%20Influenza' aria-hidden='false' data-av_icon='\ue8f3' data-av_iconfont='entypo-fontello' title='' data-avia-related-tooltip='Compartir en Facebook' rel=\"noopener\"><span class='avia_hidden_link_text'>Compartir en Facebook<\/span><\/a><\/li><li class='av-share-link av-social-link-twitter' ><a target=\"_blank\" aria-label=\"Compartir en Twitter\" href='https:\/\/twitter.com\/share?text=Realizan%20llamado%20a%20la%20poblaci%C3%B3n%20a%20continuar%20con%20el%20proceso%20de%20vacunaci%C3%B3n%20contra%20el%20Covid-19%20e%20Influenza&#038;url=https:\/\/radiorevelacionfm.cl\/?p=19275' aria-hidden='false' data-av_icon='\ue8f1' data-av_iconfont='entypo-fontello' title='' data-avia-related-tooltip='Compartir en Twitter' rel=\"noopener\"><span class='avia_hidden_link_text'>Compartir en Twitter<\/span><\/a><\/li><li class='av-share-link av-social-link-whatsapp' ><a target=\"_blank\" aria-label=\"Compartir en Whatsapp\" href='https:\/\/api.whatsapp.com\/send?text=https:\/\/radiorevelacionfm.cl\/?p=19275' aria-hidden='false' data-av_icon='\uf232' data-av_iconfont='entypo-fontello' title='' data-avia-related-tooltip='Compartir en Whatsapp' rel=\"noopener\"><span class='avia_hidden_link_text'>Compartir en Whatsapp<\/span><\/a><\/li><li class='av-share-link av-social-link-linkedin' ><a target=\"_blank\" aria-label=\"Compartir en LinkedIn\" href='https:\/\/linkedin.com\/shareArticle?mini=true&#038;title=Realizan%20llamado%20a%20la%20poblaci%C3%B3n%20a%20continuar%20con%20el%20proceso%20de%20vacunaci%C3%B3n%20contra%20el%20Covid-19%20e%20Influenza&#038;url=https:\/\/radiorevelacionfm.cl\/?p=19275' aria-hidden='false' data-av_icon='\ue8fc' data-av_iconfont='entypo-fontello' title='' data-avia-related-tooltip='Compartir en LinkedIn' rel=\"noopener\"><span class='avia_hidden_link_text'>Compartir en LinkedIn<\/span><\/a><\/li><li class='av-share-link av-social-link-mail' ><a  aria-label=\"Compartir por correo\" href='mailto:?subject=Realizan%20llamado%20a%20la%20poblaci%C3%B3n%20a%20continuar%20con%20el%20proceso%20de%20vacunaci%C3%B3n%20contra%20el%20Covid-19%20e%20Influenza&#038;body=https:\/\/radiorevelacionfm.cl\/?p=19275' aria-hidden='false' data-av_icon='\ue805' data-av_iconfont='entypo-fontello' title='' data-avia-related-tooltip='Compartir por correo'><span class='avia_hidden_link_text'>Compartir por correo<\/span><\/a><\/li><\/ul><\/div><\/div>\n<div  style='height:50px' class='hr hr-invisible   avia-builder-el-8  el_after_av_social_share  el_before_av_comments_list '><span class='hr-inner ' ><span class='hr-inner-style'><\/span><\/span><\/div>\n<div  class='av-buildercomment  av-blog-meta-html-info-disabled av-blog-meta-tag-disabled  '><\/div>\n","protected":false},"excerpt":{"rendered":"","protected":false},"author":1,"featured_media":19276,"comment_status":"open","ping_status":"open","sticky":false,"template":"","format":"standard","meta":{"footnotes":""},"categories":[46],"tags":[],"class_list":["post-19275","post","type-post","status-publish","format-standard","has-post-thumbnail","hentry","category-salud"],"jetpack_featured_media_url":"https:\/\/radiorevelacionfm.cl\/wp-content\/uploads\/2022\/07\/IMG_3092-1-1.jpg","_links":{"self":[{"href":"https:\/\/radiorevelacionfm.cl\/index.php?rest_route=\/wp\/v2\/posts\/19275","targetHints":{"allow":["GET"]}}],"collection":[{"href":"https:\/\/radiorevelacionfm.cl\/index.php?rest_route=\/wp\/v2\/posts"}],"about":[{"href":"https:\/\/radiorevelacionfm.cl\/index.php?rest_route=\/wp\/v2\/types\/post"}],"author":[{"embeddable":true,"href":"https:\/\/radiorevelacionfm.cl\/index.php?rest_route=\/wp\/v2\/users\/1"}],"replies":[{"embeddable":true,"href":"https:\/\/radiorevelacionfm.cl\/index.php?rest_route=%2Fwp%2Fv2%2Fcomments&post=19275"}],"version-history":[{"count":2,"href":"https:\/\/radiorevelacionfm.cl\/index.php?rest_route=\/wp\/v2\/posts\/19275\/revisions"}],"predecessor-version":[{"id":19281,"href":"https:\/\/radiorevelacionfm.cl\/index.php?rest_route=\/wp\/v2\/posts\/19275\/revisions\/19281"}],"wp:featuredmedia":[{"embeddable":true,"href":"https:\/\/radiorevelacionfm.cl\/index.php?rest_route=\/wp\/v2\/media\/19276"}],"wp:attachment":[{"href":"https:\/\/radiorevelacionfm.cl\/index.php?rest_route=%2Fwp%2Fv2%2Fmedia&parent=19275"}],"wp:term":[{"taxonomy":"category","embeddable":true,"href":"https:\/\/radiorevelacionfm.cl\/index.php?rest_route=%2Fwp%2Fv2%2Fcategories&post=19275"},{"taxonomy":"post_tag","embeddable":true,"href":"https:\/\/radiorevelacionfm.cl\/index.php?rest_route=%2Fwp%2Fv2%2Ftags&post=19275"}],"curies":[{"name":"wp","href":"https:\/\/api.w.org\/{rel}","templated":true}]}}