{"id":19268,"date":"2022-07-15T12:39:22","date_gmt":"2022-07-15T15:39:22","guid":{"rendered":"https:\/\/radiorevelacionfm.cl\/?p=19268"},"modified":"2022-07-15T12:39:22","modified_gmt":"2022-07-15T15:39:22","slug":"tribunal-de-coyhaique-condena-a-miembros-de-agrupacion-dedicada-al-trafico-de-drogas","status":"publish","type":"post","link":"https:\/\/radiorevelacionfm.cl\/?p=19268","title":{"rendered":"Tribunal de Coyhaique condena a miembros de agrupaci\u00f3n dedicada al tr\u00e1fico de drogas"},"content":{"rendered":"<div class=\"flex_column av_one_full  flex_column_div av-zero-column-padding first  avia-builder-el-0  el_before_av_one_full  avia-builder-el-first  \" style='border-radius:0px; '><div  class='avia-image-container  av-styling-    avia-builder-el-1  avia-builder-el-no-sibling  avia-align-center '  itemprop=\"image\" itemscope=\"itemscope\" itemtype=\"https:\/\/schema.org\/ImageObject\"  ><div class='avia-image-container-inner'><div class='avia-image-overlay-wrap'><img decoding=\"async\" class='wp-image-8362 avia-img-lazy-loading-not-8362 avia_image' src=\"https:\/\/radiorevelacionfm.cl\/wp-content\/uploads\/2021\/09\/top-coyhaique-1-1_optimized.jpg\" alt='' title='top-coyhaique-(1)-(1)_optimized' height=\"600\" width=\"977\"  itemprop=\"thumbnailUrl\" srcset=\"https:\/\/radiorevelacionfm.cl\/wp-content\/uploads\/2021\/09\/top-coyhaique-1-1_optimized.jpg 977w, https:\/\/radiorevelacionfm.cl\/wp-content\/uploads\/2021\/09\/top-coyhaique-1-1_optimized-300x184.jpg 300w, https:\/\/radiorevelacionfm.cl\/wp-content\/uploads\/2021\/09\/top-coyhaique-1-1_optimized-768x472.jpg 768w, https:\/\/radiorevelacionfm.cl\/wp-content\/uploads\/2021\/09\/top-coyhaique-1-1_optimized-705x433.jpg 705w, https:\/\/radiorevelacionfm.cl\/wp-content\/uploads\/2021\/09\/top-coyhaique-1-1_optimized-600x368.jpg 600w\" sizes=\"(max-width: 977px) 100vw, 977px\" \/><\/div><\/div><\/div><\/div><div class=\"flex_column av_one_full  flex_column_div av-zero-column-padding first  avia-builder-el-2  el_after_av_one_full  el_before_av_one_full  column-top-margin\" style='border-radius:0px; '><section class=\"av_textblock_section \"  itemscope=\"itemscope\" itemtype=\"https:\/\/schema.org\/BlogPosting\" itemprop=\"blogPost\" ><div class='avia_textblock  '   itemprop=\"text\" ><p style=\"text-align: center;\"><strong><span style=\"font-size: 18pt;\">Tribunal de Coyhaique condena a miembros de agrupaci\u00f3n dedicada al tr\u00e1fico de drogas<\/span><\/strong><\/p>\n<div id=\"gtx-trans\" style=\"position: absolute; left: -50px; top: 4.31534px;\">\n<div class=\"gtx-trans-icon\"><\/div>\n<\/div>\n<\/div><\/section><\/div><div class=\"flex_column av_one_full  flex_column_div av-zero-column-padding first  avia-builder-el-4  el_after_av_one_full  el_before_av_hr  column-top-margin\" style='border-radius:0px; '><section class=\"av_textblock_section \"  itemscope=\"itemscope\" itemtype=\"https:\/\/schema.org\/BlogPosting\" itemprop=\"blogPost\" ><div class='avia_textblock  '   itemprop=\"text\" ><p class=\"v1MsoNormal\" style=\"text-align: justify;\">El Tribunal de Juicio Oral en lo Penal de Coyhaique conden\u00f3 a Rodrigo Andr\u00e9s Salazar Vargas y Jorge Alberto C\u00e1ceres V\u00e1squez a 10 a\u00f1os y un d\u00eda de presidio, en calidad de autores del delito consumado de tr\u00e1fico il\u00edcito de estupefacientes, con la agravante de formar parte de una agrupaci\u00f3n o reuni\u00f3n de delincuentes. Il\u00edcitos perpetrados entre diciembre de 2020 y abril del a\u00f1o pasado, en la ciudad, Puerto Montt y Puerto Varas.<\/p>\n<p class=\"v1MsoNormal\" style=\"text-align: justify;\">En fallo un\u00e1nime (causa rol 23-2022), el tribunal \u2013integrado por los magistrados M\u00f3nica Coloma Pulgar (presidenta), Patricio Z\u00fa\u00f1iga Valenzuela y Rosal\u00eda Mansilla Quiroz (redactora)\u2013 aplic\u00f3, adem\u00e1s, a Salazar Vargas C\u00e1ceres V\u00e1squez las accesorias legales de inhabilitaci\u00f3n absoluta perpetua para cargos y oficios p\u00fablicos y derechos pol\u00edticos y la inhabilitaci\u00f3n absoluta para profesiones titulares mientras duren las condena; m\u00e1s el pago de una multa a beneficio fiscal de 40 UTM cada uno.<\/p>\n<p class=\"v1MsoNormal\" style=\"text-align: justify;\">En tanto, los otros miembros de la agrupaci\u00f3n: Alexis Iv\u00e1n Barr\u00eda Villegas, Diego\u00a0Javier Araneda Guenel deber\u00e1n cumplir 7 a\u00f1os de presidio efectivo; Sonia Francisca Barraza Pacheco y Cristina Carrasco Piffaut, 5 a\u00f1os y un d\u00eda; m\u00e1s\u00a0las accesorias legales de inhabilitaci\u00f3n absoluta perpetua para cargos y oficios p\u00fablicos y derechos pol\u00edticos y la inhabilitaci\u00f3n absoluta para profesiones titulares mientras duren las condenas y el pago de una multa a beneficio fiscal de 40 UTM cada uno.<\/p>\n<p class=\"v1MsoNormal\" style=\"text-align: justify;\">En el caso de Mar\u00eda Ignacia Olmedo Oyarz\u00fan, el tribunal le impuso la pena de 4 a\u00f1os de presidio, con el beneficio de la libertad vigilada intensiva por igual lapso, accesorias legales de inhabilitaci\u00f3n absoluta perpetua para cargos y oficios p\u00fablicos y derechos pol\u00edticos y la inhabilitaci\u00f3n absoluta para profesiones titulares mientras dure la condena y el pago de una multa a beneficio fiscal de 40 UTM.\u00a0Adem\u00e1s de la obligaci\u00f3n de cumplir un tratamiento por consumo de drogas, por el t\u00e9rmino de un a\u00f1o, cuyo cumplimiento deber\u00e1 acreditar ante el delegado y el tribunal de ejecuci\u00f3n.<\/p>\n<p class=\"v1MsoNormal\" style=\"text-align: justify;\">Finalmente, el proveedor de la droga\u00a0Danny Gregory Carrasco Santana deber\u00e1 purgar 6 a\u00f1os de reclusi\u00f3n, accesorias de inhabilitaci\u00f3n absoluta perpetua para cargos y oficios p\u00fablicos y derechos pol\u00edticos y la inhabilitaci\u00f3n absoluta para profesiones titulares mientras dure la condena; m\u00e1s el pago de una multa de 10 UTM, como autor del\u00a0delito de tr\u00e1fico de estupefacientes. Il\u00edcito, cometido el 16 de abril del a\u00f1o pasado, en la comuna de La Cisterna, Regi\u00f3n Metropolitana.<\/p>\n<p class=\"v1MsoNormal\" style=\"text-align: justify;\">Por el mismo delito,\u00a0Camilo Andr\u00e9s Carrasco Santana fue condenado a 5 a\u00f1os de presidio, con el beneficio de la libertad vigilada intensiva por igual lapso, accesorias de inhabilitaci\u00f3n absoluta perpetua para cargos y oficios p\u00fablicos y derechos pol\u00edticos y la inhabilitaci\u00f3n absoluta para profesiones titulares mientras dure la condena y multa de 10 UTM. Adem\u00e1s deber\u00e1 cumplir con\u00a0la obligaci\u00f3n de incorporarse a un programa formativo cultural o educativo, por el lapso de un a\u00f1o, cuyo cumplimiento deber\u00e1 acreditar ante el delegado y el tribunal de ejecuci\u00f3n.<\/p>\n<p class=\"v1MsoNormal\" style=\"text-align: justify;\">Una vez que el fallo quede ejecutoriado, el tribunal dispuso que se proceda a la toma de muestras biol\u00f3gicas de los sentenciados para determinar sus respectivas huellas gen\u00e9ticas e incorporaci\u00f3n en el registro nacional de ADN de condenados. Adem\u00e1s, dispuso del comiso de especies incautadas.<\/p>\n<p class=\"v1MsoNormal\" style=\"text-align: justify;\">El tribunal dio por acreditado, m\u00e1s all\u00e1 de toda duda razonable que, a lo menos desde diciembre de 2020 y hasta abril de 2021, los acusados Alexis Barr\u00eda Villegas, Mar\u00eda Olmedo Oyarz\u00fan, Diego Araneda Guenel, Sonia Barraza Pacheco, Rodrigo Salazar Vargas, Jorge C\u00e1ceres V\u00e1squez y Cristina Carrasco Piffaut procedieron a adquirir, transportar, acopiar, para luego distribuir y comercializar drogas de distinto tipo en las ciudades de Puerto Montt, Puerto Varas y Coyhaique.<\/p>\n<p class=\"v1MsoNormal\" style=\"text-align: justify;\">En dicho contexto, el 16 de abril de 2021, los condenados Danny Carrasco y Camilo Carrasco, tras ser descubiertos como proveedores de drogas sint\u00e9ticas, fueron detenidos en la calle Carlos Biaut de la comuna de La Cisterna, Regi\u00f3n Metropolitana, luego de que el primero acordara reunirse con un agente revelador debidamente autorizado, para hacer entrega de un bolso con un frasco de vidrio con 600 gramos netos de\u00a0cannabis sativa\u00a0y 317 estampillas con la sustancia 4-BROMO-2,5 o brolanfetamina.<\/p>\n<\/div><\/section><\/div><div  style='height:50px' class='hr hr-invisible   avia-builder-el-6  el_after_av_one_full  el_before_av_social_share '><span class='hr-inner ' ><span class='hr-inner-style'><\/span><\/span><\/div><\/p>\n<div  class='av-social-sharing-box  avia-builder-el-7  el_after_av_hr  el_before_av_hr  '><div class='av-share-box'><h5 class='av-share-link-description av-no-toc '>Compartir esta noticia<\/h5><ul class='av-share-box-list noLightbox'><li class='av-share-link av-social-link-facebook' ><a target=\"_blank\" aria-label=\"Compartir en Facebook\" href='https:\/\/www.facebook.com\/sharer.php?u=https:\/\/radiorevelacionfm.cl\/?p=19268&#038;t=Tribunal%20de%20Coyhaique%20condena%20a%20miembros%20de%20agrupaci%C3%B3n%20dedicada%20al%20tr%C3%A1fico%20de%20drogas' aria-hidden='false' data-av_icon='\ue8f3' data-av_iconfont='entypo-fontello' title='' data-avia-related-tooltip='Compartir en Facebook' rel=\"noopener\"><span class='avia_hidden_link_text'>Compartir en Facebook<\/span><\/a><\/li><li class='av-share-link av-social-link-twitter' ><a target=\"_blank\" aria-label=\"Compartir en Twitter\" href='https:\/\/twitter.com\/share?text=Tribunal%20de%20Coyhaique%20condena%20a%20miembros%20de%20agrupaci%C3%B3n%20dedicada%20al%20tr%C3%A1fico%20de%20drogas&#038;url=https:\/\/radiorevelacionfm.cl\/?p=19268' aria-hidden='false' data-av_icon='\ue8f1' data-av_iconfont='entypo-fontello' title='' data-avia-related-tooltip='Compartir en Twitter' rel=\"noopener\"><span class='avia_hidden_link_text'>Compartir en Twitter<\/span><\/a><\/li><li class='av-share-link av-social-link-whatsapp' ><a target=\"_blank\" aria-label=\"Compartir en Whatsapp\" href='https:\/\/api.whatsapp.com\/send?text=https:\/\/radiorevelacionfm.cl\/?p=19268' aria-hidden='false' data-av_icon='\uf232' data-av_iconfont='entypo-fontello' title='' data-avia-related-tooltip='Compartir en Whatsapp' rel=\"noopener\"><span class='avia_hidden_link_text'>Compartir en Whatsapp<\/span><\/a><\/li><li class='av-share-link av-social-link-linkedin' ><a target=\"_blank\" aria-label=\"Compartir en LinkedIn\" href='https:\/\/linkedin.com\/shareArticle?mini=true&#038;title=Tribunal%20de%20Coyhaique%20condena%20a%20miembros%20de%20agrupaci%C3%B3n%20dedicada%20al%20tr%C3%A1fico%20de%20drogas&#038;url=https:\/\/radiorevelacionfm.cl\/?p=19268' aria-hidden='false' data-av_icon='\ue8fc' data-av_iconfont='entypo-fontello' title='' data-avia-related-tooltip='Compartir en LinkedIn' rel=\"noopener\"><span class='avia_hidden_link_text'>Compartir en LinkedIn<\/span><\/a><\/li><li class='av-share-link av-social-link-mail' ><a  aria-label=\"Compartir por correo\" href='mailto:?subject=Tribunal%20de%20Coyhaique%20condena%20a%20miembros%20de%20agrupaci%C3%B3n%20dedicada%20al%20tr%C3%A1fico%20de%20drogas&#038;body=https:\/\/radiorevelacionfm.cl\/?p=19268' aria-hidden='false' data-av_icon='\ue805' data-av_iconfont='entypo-fontello' title='' data-avia-related-tooltip='Compartir por correo'><span class='avia_hidden_link_text'>Compartir por correo<\/span><\/a><\/li><\/ul><\/div><\/div>\n<div  style='height:50px' class='hr hr-invisible   avia-builder-el-8  el_after_av_social_share  el_before_av_comments_list '><span class='hr-inner ' ><span class='hr-inner-style'><\/span><\/span><\/div>\n<div  class='av-buildercomment  av-blog-meta-html-info-disabled av-blog-meta-tag-disabled  '><\/div>\n","protected":false},"excerpt":{"rendered":"","protected":false},"author":1,"featured_media":8362,"comment_status":"open","ping_status":"open","sticky":false,"template":"","format":"standard","meta":{"footnotes":""},"categories":[55],"tags":[],"class_list":["post-19268","post","type-post","status-publish","format-standard","has-post-thumbnail","hentry","category-justicia"],"jetpack_featured_media_url":"https:\/\/radiorevelacionfm.cl\/wp-content\/uploads\/2021\/09\/top-coyhaique-1-1_optimized.jpg","_links":{"self":[{"href":"https:\/\/radiorevelacionfm.cl\/index.php?rest_route=\/wp\/v2\/posts\/19268","targetHints":{"allow":["GET"]}}],"collection":[{"href":"https:\/\/radiorevelacionfm.cl\/index.php?rest_route=\/wp\/v2\/posts"}],"about":[{"href":"https:\/\/radiorevelacionfm.cl\/index.php?rest_route=\/wp\/v2\/types\/post"}],"author":[{"embeddable":true,"href":"https:\/\/radiorevelacionfm.cl\/index.php?rest_route=\/wp\/v2\/users\/1"}],"replies":[{"embeddable":true,"href":"https:\/\/radiorevelacionfm.cl\/index.php?rest_route=%2Fwp%2Fv2%2Fcomments&post=19268"}],"version-history":[{"count":2,"href":"https:\/\/radiorevelacionfm.cl\/index.php?rest_route=\/wp\/v2\/posts\/19268\/revisions"}],"predecessor-version":[{"id":19270,"href":"https:\/\/radiorevelacionfm.cl\/index.php?rest_route=\/wp\/v2\/posts\/19268\/revisions\/19270"}],"wp:featuredmedia":[{"embeddable":true,"href":"https:\/\/radiorevelacionfm.cl\/index.php?rest_route=\/wp\/v2\/media\/8362"}],"wp:attachment":[{"href":"https:\/\/radiorevelacionfm.cl\/index.php?rest_route=%2Fwp%2Fv2%2Fmedia&parent=19268"}],"wp:term":[{"taxonomy":"category","embeddable":true,"href":"https:\/\/radiorevelacionfm.cl\/index.php?rest_route=%2Fwp%2Fv2%2Fcategories&post=19268"},{"taxonomy":"post_tag","embeddable":true,"href":"https:\/\/radiorevelacionfm.cl\/index.php?rest_route=%2Fwp%2Fv2%2Ftags&post=19268"}],"curies":[{"name":"wp","href":"https:\/\/api.w.org\/{rel}","templated":true}]}}