{"id":19265,"date":"2022-07-16T11:29:22","date_gmt":"2022-07-16T14:29:22","guid":{"rendered":"https:\/\/radiorevelacionfm.cl\/?p=19265"},"modified":"2022-07-16T11:29:22","modified_gmt":"2022-07-16T14:29:22","slug":"admision-escolar-2023-estos-son-los-pasos-que-deben-realizar-las-familias-extranjeras-que-no-tienen-run-chileno-antes-de-postular","status":"publish","type":"post","link":"https:\/\/radiorevelacionfm.cl\/?p=19265","title":{"rendered":"Admisi\u00f3n Escolar 2023: Estos son los pasos que deben realizar las familias extranjeras que no tienen RUN chileno antes de postular"},"content":{"rendered":"<div class=\"flex_column av_one_full  flex_column_div av-zero-column-padding first  avia-builder-el-0  el_before_av_one_full  avia-builder-el-first  \" style='border-radius:0px; '><div  class='avia-image-container  av-styling-    avia-builder-el-1  avia-builder-el-no-sibling  avia-align-center '  itemprop=\"image\" itemscope=\"itemscope\" itemtype=\"https:\/\/schema.org\/ImageObject\"  ><div class='avia-image-container-inner'><div class='avia-image-overlay-wrap'><img decoding=\"async\" class='wp-image-19266 avia-img-lazy-loading-not-19266 avia_image' src=\"https:\/\/radiorevelacionfm.cl\/wp-content\/uploads\/2022\/07\/Admision-Escolar-2023-Familias-extranjeras-1-1.jpg\" alt='' title='Admisi\u00f3n Escolar 2023 - Familias extranjeras (1) (1)' height=\"600\" width=\"1014\"  itemprop=\"thumbnailUrl\" srcset=\"https:\/\/radiorevelacionfm.cl\/wp-content\/uploads\/2022\/07\/Admision-Escolar-2023-Familias-extranjeras-1-1.jpg 1014w, https:\/\/radiorevelacionfm.cl\/wp-content\/uploads\/2022\/07\/Admision-Escolar-2023-Familias-extranjeras-1-1-300x178.jpg 300w, https:\/\/radiorevelacionfm.cl\/wp-content\/uploads\/2022\/07\/Admision-Escolar-2023-Familias-extranjeras-1-1-768x454.jpg 768w, https:\/\/radiorevelacionfm.cl\/wp-content\/uploads\/2022\/07\/Admision-Escolar-2023-Familias-extranjeras-1-1-705x417.jpg 705w, https:\/\/radiorevelacionfm.cl\/wp-content\/uploads\/2022\/07\/Admision-Escolar-2023-Familias-extranjeras-1-1-600x355.jpg 600w\" sizes=\"(max-width: 1014px) 100vw, 1014px\" \/><\/div><\/div><\/div><\/div><div class=\"flex_column av_one_full  flex_column_div av-zero-column-padding first  avia-builder-el-2  el_after_av_one_full  el_before_av_one_full  column-top-margin\" style='border-radius:0px; '><section class=\"av_textblock_section \"  itemscope=\"itemscope\" itemtype=\"https:\/\/schema.org\/BlogPosting\" itemprop=\"blogPost\" ><div class='avia_textblock  '   itemprop=\"text\" ><p style=\"text-align: center;\"><strong><span style=\"font-size: 18pt;\">Admisi\u00f3n Escolar 2023: Estos son los pasos que deben realizar las familias extranjeras que no tienen RUN chileno antes de postular <\/span><\/strong><\/p>\n<div id=\"gtx-trans\" style=\"position: absolute; left: -50px; top: 4.31534px;\">\n<div class=\"gtx-trans-icon\"><\/div>\n<\/div>\n<\/div><\/section><\/div><div class=\"flex_column av_one_full  flex_column_div av-zero-column-padding first  avia-builder-el-4  el_after_av_one_full  el_before_av_hr  column-top-margin\" style='border-radius:0px; '><section class=\"av_textblock_section \"  itemscope=\"itemscope\" itemtype=\"https:\/\/schema.org\/BlogPosting\" itemprop=\"blogPost\" ><div class='avia_textblock  '   itemprop=\"text\" ><p class=\"v1MsoNormal\" style=\"text-align: justify;\">El pr\u00f3ximo mi\u00e9rcoles 10 de agosto comienza el proceso de postulaci\u00f3n para la Admisi\u00f3n Escolar para el a\u00f1o 2023,\u00a0que ser\u00e1 a trav\u00e9s de la plataforma web\u00a0<a href=\"http:\/\/www.sistemadeadmisionescolar.cl\/\" target=\"_blank\" rel=\"noopener noreferrer\">www.sistemadeadmisionescolar.cl<\/a>\u00a0y estar\u00e1 disponible hasta el mi\u00e9rcoles 7 de septiembre. Deber\u00e1n postular a este proceso quienes el pr\u00f3ximo a\u00f1o ingresen por primera vez a un establecimiento p\u00fablico o particular subvencionado, quienes quieran cambiarse de establecimiento o se encuentren en un establecimiento que no tiene continuidad en el siguiente nivel, y quienes quieran reingresar al sistema escolar.<\/p>\n<p class=\"v1MsoNormal\" style=\"text-align: justify;\">Para los ni\u00f1os, ni\u00f1as o adolescentes migrantes\u00a0que no cuenten con c\u00e9dula de identidad (RUN chileno) y que necesiten ingresar al sistema educacional p\u00fablico o particular subvencionado, previo a la postulaci\u00f3n tendr\u00e1n que solicitar el Identificador Provisorio Escolar (IPE), tr\u00e1mite que pueden hacer desde ayer jueves 14 de julio en\u00a0<a href=\"http:\/\/www.ayudamineduc.cl\/tramites-en-linea\" target=\"_blank\" rel=\"noopener noreferrer\">www.ayudamineduc.cl\/tramites-en-linea<\/a><span class=\"v1MsoHyperlink\">\u00a0<\/span><\/p>\n<p class=\"v1MsoNormal\" style=\"text-align: justify;\">Adem\u00e1s, el proceso de postulaci\u00f3n exige que el padre, madre y\/o tutor est\u00e9 registrado\u00a0como apoderado de un estudiante en edad escolar. En el caso de que el apoderado est\u00e9 en proceso de regularizaci\u00f3n de su situaci\u00f3n migratoria y no tenga c\u00e9dula de identidad (RUN chileno), tendr\u00e1 que solicitar, en el mismo sitio, el\u00a0Identificador Provisorio del Apoderado (IPA)\u00a0que les permitir\u00e1 ingresar -desde el 10 de agosto- a la plataforma de Admisi\u00f3n Escolar para postular a un estudiante extranjero a los establecimientos educacionales de su preferencia.<\/p>\n<p class=\"v1MsoNormal\" style=\"text-align: justify;\">Un tercer tr\u00e1mite disponible, para personas con RUN chileno que no est\u00e9n vinculadas en el Registro Civil,\u00a0es el\u00a0registro de la vinculaci\u00f3n consangu\u00ednea entre los integrantes de una familia\u00a0(padres\/hijos\/hermanos)\u00a0y\/o las vinculaciones no consangu\u00edneas\u00a0(tutores legales\/tutores simples). Lo anterior permite que familias chilenas o extranjeras, que cuenten con RUN chileno puedan posteriormente continuar con la postulaci\u00f3n de uno o m\u00e1s estudiantes como sus apoderados.<\/p>\n<p class=\"v1MsoNormal\" style=\"text-align: justify;\">Estos tres tr\u00e1mites deben realizarse hasta el 31 de agosto para as\u00ed asegurar la postulaci\u00f3n para la Admisi\u00f3n Escolar 2023.<\/p>\n<p class=\"v1MsoNormal\" style=\"text-align: justify;\">En relaci\u00f3n a este llamado, la Seremi de Educaci\u00f3n de la Regi\u00f3n de Ays\u00e9n, Isabel Garrido Casassa subray\u00f3 \u00bbllamamos a las familias de estudiantes extranjeros de nuestra regi\u00f3n que por favor realicen este tr\u00e1mite con anticipaci\u00f3n, se informen sobre este proceso que es 100% online -que ya est\u00e1 disponible- y que es una etapa previa a las postulaciones que comienzan el pr\u00f3ximo mi\u00e9rcoles 10 de agosto. Este proceso es vital para que las y los estudiantes migrantes puedan ingresar al sistema educativo y puedan continuar con su proceso de aprendizaje\u00bb.<\/p>\n<p class=\"v1MsoNormal\" style=\"text-align: justify;\">M\u00e1s consideraciones importantes<\/p>\n<p class=\"v1MsoNormal\" style=\"text-align: justify;\">No deber\u00e1n realizar este tr\u00e1mite los estudiantes extranjeros que:<\/p>\n<ul style=\"text-align: justify;\">\n<li>Tengan IPE y ya cuenten con un apoderado registrado con RUN chileno o IPA.<\/li>\n<li>Se encuentren matriculados en establecimientos (p\u00fablicos o particulares subvencionados) que tengan continuidad en el siguiente nivel y no deseen cambiarse de la escuela o liceo.<\/li>\n<\/ul>\n<p class=\"v1MsoNormal\" style=\"text-align: justify;\">Pasos para solicitar el IPE y\/o IPA:<\/p>\n<ol style=\"text-align: justify;\">\n<li>Ingresar al sitio web\u00a0<a href=\"https:\/\/www.ayudamineduc.cl\/tramites-en-linea\" target=\"_blank\" rel=\"noopener noreferrer\">https:\/\/www.ayudamineduc.cl\/tramites-en-linea<\/a><span class=\"v1MsoHyperlink\">\u00a0<\/span><\/li>\n<li><span class=\"v1MsoHyperlink\">En \u00abSolicitud de Identificador Provisorio (IPE) e Identificador Provisorio del Apoderado (IPA)\u00bb hacer clic en \u00abIr al tr\u00e1mite\u00bb.<\/span><\/li>\n<li>Completar la informaci\u00f3n requerida en los pasos 1 (identificaci\u00f3n del apoderado); 2 (identificaci\u00f3n del\/los estudiantes); y 3 (enviar solicitud).<\/li>\n<li>Tras enviar la solicitud, se recibir\u00e1 un comprobante del tr\u00e1mite al correo electr\u00f3nico registrado. En ese correo se entrega un n\u00famero de caso, el cual sirve para hacer seguimiento de la solicitud en\u00a0<a href=\"https:\/\/ayudamineduc.cl\/\" target=\"_blank\" rel=\"noopener noreferrer\">https:\/\/ayudamineduc.cl\/<\/a>\u00a0en bot\u00f3n \u00abMis solicitudes\u00bb.<u>\u00a0<\/u><\/li>\n<li>En un plazo de cinco d\u00edas h\u00e1biles se notificar\u00e1 por correo electr\u00f3nico la respuesta a la solicitud (IPE y\/o IPA).\u00a0<u>\u00a0<\/u><\/li>\n<\/ol>\n<p class=\"v1MsoNormal\" style=\"text-align: justify;\">Pasos para registrar vinculaciones consangu\u00edneas entre los integrantes de una familia y\/o las vinculaciones no consangu\u00edneas (tutores legales\/tutores simples):<\/p>\n<ol style=\"text-align: justify;\">\n<li>Ingresar al sitio web\u00a0<a href=\"https:\/\/tramites2.mineduc.cl\/\" target=\"_blank\" rel=\"noopener noreferrer\">https:\/\/tramites2.mineduc.cl\/<\/a><\/li>\n<li>En \u00abSolicitar vinculaci\u00f3n\/es para postular al Sistema de Admisi\u00f3n Escolar (SAE), a\u00f1o acad\u00e9mico 2023\u00bb hacer clic en \u00abIniciar sesi\u00f3n\u00bb.<\/li>\n<li>Ingresar RUN y clave \u00fanica.<span class=\"v1MsoHyperlink\">\u00a0<\/span><\/li>\n<li>Completar los datos del apoderado y el estudiante, adjuntando los documentos que solicita (fotograf\u00eda o pdf): c\u00e9dula de identidad chilena del apoderado y certificado de nacimiento del estudiante. En caso de tutor legal, es necesario contar con la documentaci\u00f3n legal que acredite el cuidado personal del postulante. Los archivos enviados deben ser legibles.<\/li>\n<li>Enviar solicitud.<\/li>\n<li>Tras enviar la solicitud, se recibir\u00e1 un comprobante del tr\u00e1mite al correo electr\u00f3nico registrado. En ese correo se entrega un n\u00famero de caso, el cual sirve para hacer seguimiento de la solicitud en\u00a0<a href=\"https:\/\/ayudamineduc.cl\/\" target=\"_blank\" rel=\"noopener noreferrer\">https:\/\/ayudamineduc.cl\/<\/a>\u00a0en bot\u00f3n \u00abMis solicitudes\u00bb.<u>\u00a0<\/u><\/li>\n<li>En un plazo de cinco d\u00edas h\u00e1biles se notificar\u00e1 por correo electr\u00f3nico la respuesta a la solicitud de vinculaci\u00f3n.<\/li>\n<\/ol>\n<table class=\"v1MsoTableGrid\">\n<tbody>\n<tr>\n<td valign=\"top\" width=\"589\">\n<p class=\"v1MsoNormal\">Oficinas de Ayuda Mineduc:<\/p>\n<p class=\"v1MsoNormal\">Seremi de Educaci\u00f3n Regi\u00f3n de Ays\u00e9n<\/p>\n<p class=\"v1MsoNormal\">Calle Francisco Bilbao #540, Coyhaique<\/p>\n<p class=\"v1MsoNormal\">Tel\u00e9fono: 67 2 582827<\/p>\n<p class=\"v1MsoNormal\">Departamento Provincial de Educaci\u00f3n DEPROVED Coyhaique<\/p>\n<p class=\"v1MsoNormal\">Calle Dussen #226, Coyhaique<\/p>\n<p class=\"v1MsoNormal\">Tel\u00e9fonos: 67 2 582828 \u2013 67 2 582829<\/p>\n<p class=\"v1MsoNormal\">\n<\/td>\n<\/tr>\n<\/tbody>\n<\/table>\n<\/div><\/section><\/div><div  style='height:50px' class='hr hr-invisible   avia-builder-el-6  el_after_av_one_full  el_before_av_social_share '><span class='hr-inner ' ><span class='hr-inner-style'><\/span><\/span><\/div><\/p>\n<div  class='av-social-sharing-box  avia-builder-el-7  el_after_av_hr  el_before_av_hr  '><div class='av-share-box'><h5 class='av-share-link-description av-no-toc '>Compartir esta noticia<\/h5><ul class='av-share-box-list noLightbox'><li class='av-share-link av-social-link-facebook' ><a target=\"_blank\" aria-label=\"Compartir en Facebook\" href='https:\/\/www.facebook.com\/sharer.php?u=https:\/\/radiorevelacionfm.cl\/?p=19265&#038;t=Admisi%C3%B3n%20Escolar%202023%3A%20Estos%20son%20los%20pasos%20que%20deben%20realizar%20las%20familias%20extranjeras%20que%20no%20tienen%20RUN%20chileno%20antes%20de%20postular' aria-hidden='false' data-av_icon='\ue8f3' data-av_iconfont='entypo-fontello' title='' data-avia-related-tooltip='Compartir en Facebook' rel=\"noopener\"><span class='avia_hidden_link_text'>Compartir en Facebook<\/span><\/a><\/li><li class='av-share-link av-social-link-twitter' ><a target=\"_blank\" aria-label=\"Compartir en Twitter\" href='https:\/\/twitter.com\/share?text=Admisi%C3%B3n%20Escolar%202023%3A%20Estos%20son%20los%20pasos%20que%20deben%20realizar%20las%20familias%20extranjeras%20que%20no%20tienen%20RUN%20chileno%20antes%20de%20postular&#038;url=https:\/\/radiorevelacionfm.cl\/?p=19265' aria-hidden='false' data-av_icon='\ue8f1' data-av_iconfont='entypo-fontello' title='' data-avia-related-tooltip='Compartir en Twitter' rel=\"noopener\"><span class='avia_hidden_link_text'>Compartir en Twitter<\/span><\/a><\/li><li class='av-share-link av-social-link-whatsapp' ><a target=\"_blank\" aria-label=\"Compartir en Whatsapp\" href='https:\/\/api.whatsapp.com\/send?text=https:\/\/radiorevelacionfm.cl\/?p=19265' aria-hidden='false' data-av_icon='\uf232' data-av_iconfont='entypo-fontello' title='' data-avia-related-tooltip='Compartir en Whatsapp' rel=\"noopener\"><span class='avia_hidden_link_text'>Compartir en Whatsapp<\/span><\/a><\/li><li class='av-share-link av-social-link-linkedin' ><a target=\"_blank\" aria-label=\"Compartir en LinkedIn\" href='https:\/\/linkedin.com\/shareArticle?mini=true&#038;title=Admisi%C3%B3n%20Escolar%202023%3A%20Estos%20son%20los%20pasos%20que%20deben%20realizar%20las%20familias%20extranjeras%20que%20no%20tienen%20RUN%20chileno%20antes%20de%20postular&#038;url=https:\/\/radiorevelacionfm.cl\/?p=19265' aria-hidden='false' data-av_icon='\ue8fc' data-av_iconfont='entypo-fontello' title='' data-avia-related-tooltip='Compartir en LinkedIn' rel=\"noopener\"><span class='avia_hidden_link_text'>Compartir en LinkedIn<\/span><\/a><\/li><li class='av-share-link av-social-link-mail' ><a  aria-label=\"Compartir por correo\" href='mailto:?subject=Admisi%C3%B3n%20Escolar%202023%3A%20Estos%20son%20los%20pasos%20que%20deben%20realizar%20las%20familias%20extranjeras%20que%20no%20tienen%20RUN%20chileno%20antes%20de%20postular&#038;body=https:\/\/radiorevelacionfm.cl\/?p=19265' aria-hidden='false' data-av_icon='\ue805' data-av_iconfont='entypo-fontello' title='' data-avia-related-tooltip='Compartir por correo'><span class='avia_hidden_link_text'>Compartir por correo<\/span><\/a><\/li><\/ul><\/div><\/div>\n<div  style='height:50px' class='hr hr-invisible   avia-builder-el-8  el_after_av_social_share  el_before_av_comments_list '><span class='hr-inner ' ><span class='hr-inner-style'><\/span><\/span><\/div>\n<div  class='av-buildercomment  av-blog-meta-html-info-disabled av-blog-meta-tag-disabled  '><\/div>\n","protected":false},"excerpt":{"rendered":"","protected":false},"author":1,"featured_media":19266,"comment_status":"open","ping_status":"open","sticky":false,"template":"","format":"standard","meta":{"footnotes":""},"categories":[49],"tags":[],"class_list":["post-19265","post","type-post","status-publish","format-standard","has-post-thumbnail","hentry","category-educacion"],"jetpack_featured_media_url":"https:\/\/radiorevelacionfm.cl\/wp-content\/uploads\/2022\/07\/Admision-Escolar-2023-Familias-extranjeras-1-1.jpg","_links":{"self":[{"href":"https:\/\/radiorevelacionfm.cl\/index.php?rest_route=\/wp\/v2\/posts\/19265","targetHints":{"allow":["GET"]}}],"collection":[{"href":"https:\/\/radiorevelacionfm.cl\/index.php?rest_route=\/wp\/v2\/posts"}],"about":[{"href":"https:\/\/radiorevelacionfm.cl\/index.php?rest_route=\/wp\/v2\/types\/post"}],"author":[{"embeddable":true,"href":"https:\/\/radiorevelacionfm.cl\/index.php?rest_route=\/wp\/v2\/users\/1"}],"replies":[{"embeddable":true,"href":"https:\/\/radiorevelacionfm.cl\/index.php?rest_route=%2Fwp%2Fv2%2Fcomments&post=19265"}],"version-history":[{"count":2,"href":"https:\/\/radiorevelacionfm.cl\/index.php?rest_route=\/wp\/v2\/posts\/19265\/revisions"}],"predecessor-version":[{"id":19291,"href":"https:\/\/radiorevelacionfm.cl\/index.php?rest_route=\/wp\/v2\/posts\/19265\/revisions\/19291"}],"wp:featuredmedia":[{"embeddable":true,"href":"https:\/\/radiorevelacionfm.cl\/index.php?rest_route=\/wp\/v2\/media\/19266"}],"wp:attachment":[{"href":"https:\/\/radiorevelacionfm.cl\/index.php?rest_route=%2Fwp%2Fv2%2Fmedia&parent=19265"}],"wp:term":[{"taxonomy":"category","embeddable":true,"href":"https:\/\/radiorevelacionfm.cl\/index.php?rest_route=%2Fwp%2Fv2%2Fcategories&post=19265"},{"taxonomy":"post_tag","embeddable":true,"href":"https:\/\/radiorevelacionfm.cl\/index.php?rest_route=%2Fwp%2Fv2%2Ftags&post=19265"}],"curies":[{"name":"wp","href":"https:\/\/api.w.org\/{rel}","templated":true}]}}