{"id":19253,"date":"2022-07-14T20:56:29","date_gmt":"2022-07-14T23:56:29","guid":{"rendered":"https:\/\/radiorevelacionfm.cl\/?p=19253"},"modified":"2022-07-14T20:56:29","modified_gmt":"2022-07-14T23:56:29","slug":"fiscalia-obtiene-sumatoria-de-59-anos-de-carcel-para-9-imputados-por-trafico-de-drogas","status":"publish","type":"post","link":"https:\/\/radiorevelacionfm.cl\/?p=19253","title":{"rendered":"Fiscal\u00eda obtiene sumatoria de 59 a\u00f1os de c\u00e1rcel para 9 imputados por tr\u00e1fico de drogas"},"content":{"rendered":"<div class=\"flex_column av_one_full  flex_column_div av-zero-column-padding first  avia-builder-el-0  el_before_av_one_full  avia-builder-el-first  \" style='border-radius:0px; '><div  class='avia-image-container  av-styling-    avia-builder-el-1  avia-builder-el-no-sibling  avia-align-center '  itemprop=\"image\" itemscope=\"itemscope\" itemtype=\"https:\/\/schema.org\/ImageObject\"  ><div class='avia-image-container-inner'><div class='avia-image-overlay-wrap'><img decoding=\"async\" class='wp-image-3217 avia-img-lazy-loading-not-3217 avia_image' src=\"https:\/\/radiorevelacionfm.cl\/wp-content\/uploads\/2021\/04\/FISCALIA1.jpg\" alt='' title='FISCALIA1' height=\"667\" width=\"1000\"  itemprop=\"thumbnailUrl\" srcset=\"https:\/\/radiorevelacionfm.cl\/wp-content\/uploads\/2021\/04\/FISCALIA1.jpg 1000w, https:\/\/radiorevelacionfm.cl\/wp-content\/uploads\/2021\/04\/FISCALIA1-300x200.jpg 300w, https:\/\/radiorevelacionfm.cl\/wp-content\/uploads\/2021\/04\/FISCALIA1-768x512.jpg 768w, https:\/\/radiorevelacionfm.cl\/wp-content\/uploads\/2021\/04\/FISCALIA1-705x470.jpg 705w, https:\/\/radiorevelacionfm.cl\/wp-content\/uploads\/2021\/04\/FISCALIA1-600x400.jpg 600w\" sizes=\"(max-width: 1000px) 100vw, 1000px\" \/><\/div><\/div><\/div><\/div><div class=\"flex_column av_one_full  flex_column_div av-zero-column-padding first  avia-builder-el-2  el_after_av_one_full  el_before_av_one_full  column-top-margin\" style='border-radius:0px; '><section class=\"av_textblock_section \"  itemscope=\"itemscope\" itemtype=\"https:\/\/schema.org\/BlogPosting\" itemprop=\"blogPost\" ><div class='avia_textblock  '   itemprop=\"text\" ><p style=\"text-align: center;\"><strong><span style=\"font-size: 18pt;\">Fiscal\u00eda obtiene sumatoria de 59 a\u00f1os de c\u00e1rcel para 9 imputados por tr\u00e1fico de drogas<\/span><\/strong><\/p>\n<div id=\"gtx-trans\" style=\"position: absolute; left: -50px; top: 4.31534px;\">\n<div class=\"gtx-trans-icon\"><\/div>\n<\/div>\n<\/div><\/section><\/div><div class=\"flex_column av_one_full  flex_column_div av-zero-column-padding first  avia-builder-el-4  el_after_av_one_full  el_before_av_hr  column-top-margin\" style='border-radius:0px; '><section class=\"av_textblock_section \"  itemscope=\"itemscope\" itemtype=\"https:\/\/schema.org\/BlogPosting\" itemprop=\"blogPost\" ><div class='avia_textblock  '   itemprop=\"text\" ><p style=\"text-align: justify;\">Tras una minuciosa investigaci\u00f3n dirigida por el Ministerio P\u00fablico, el Tribunal de Juicio Oral en Lo Penal conden\u00f3 a una sumatoria de 59 a\u00f1os de presidio, a los 9 imputados por el tr\u00e1fico il\u00edcito de estupefacientes desbaratado en abril del a\u00f1o 2021 entre las ciudades de Santiago, Puerto Varas, Puerto Montt y Coyhaique. Lo anterior, tras una investigaci\u00f3n conjunta entre la Unidad de An\u00e1lisis Criminal y Focos Investigativos, SACFI, de la Fiscal\u00eda y la Brigada Antinarc\u00f3ticos y Crimen Organizado, BRIANCO, de la PDI.<\/p>\n<p style=\"text-align: justify;\">De acuerdo a lo expuesto hoy en la audiencia de lectura de sentencia, por la jueza Rosal\u00eda Mansilla Quiroz, los imputados Jorge Alberto C\u00e1ceres V\u00e1squez y Rodrigo Andr\u00e9s Salazar Vargas, fueron condenados a 10 a\u00f1os y un d\u00eda de presidio mayor en su grado medio.<\/p>\n<p style=\"text-align: justify;\">PENAS<\/p>\n<p style=\"text-align: justify;\">Por su parte, Alexis Iv\u00e1n Barr\u00eda Villegas y Diego Javier Araneda Guenel, fueron sentenciados a 7 a\u00f1os de presidio; Danny Gregory Carrasco Santana a 6 a\u00f1os de presidio y Cristina Johana Carrasco Piffaut y Sonia Francisca Barraza Pacheco, a 5 a\u00f1os y un d\u00eda de presidio mayor en su grado m\u00ednimo. Todas estas penas sin beneficios, es decir que deber\u00e1n cumplirse en la c\u00e1rcel, seg\u00fan estableci\u00f3 el Tribunal de Juicio Oral.<\/p>\n<p style=\"text-align: justify;\">En tanto Camilo Andr\u00e9s Carrasco Santana fue condenado a 5 a\u00f1os de presidio menor en su grado m\u00e1ximo y Mar\u00eda Ignacia Olmedo Oyarz\u00fan, a 4 a\u00f1os de presidio menor en su grado m\u00e1ximo. A estos dos \u00faltimos imputados, el Tribunal sustituy\u00f3 la pena asignada por la libertad vigilada intensiva, quedando sujetos a la vigilancia de un delegado de Gendarmer\u00eda. Todas y todos los imputados fueron sentenciados, adem\u00e1s, a diversas penas de multa.<\/p>\n<p style=\"text-align: justify;\">La Fiscal\u00eda, a trav\u00e9s de la fiscal Mar\u00eda In\u00e9s N\u00fa\u00f1ez, tuvo disponible en el juicio oral, un total de 48 testigos, 28 pruebas periciales, 47 documentales y otros 57 medios de prueba, como parte de su arduo trabajo de investigaci\u00f3n y persecuci\u00f3n penal del tr\u00e1fico de drogas, de acuerdo a las directrices entregadas por el Fiscal Regional, Carlos Palma Guerra.<\/p>\n<p style=\"text-align: justify;\">Tras un mes de juicio, los jueces del Tribunal de Juicio Oral en Lo Penal condenaron a 7 de los imputados por los delitos de tr\u00e1fico il\u00edcito de estupefacientes, con la agravante de actuar en grupo, establecida en el art\u00edculo 19 letra A de la ley 20.000 y a otros 2 imputados, por un caso de tr\u00e1fico de drogas, descubierto en La Cisterna, il\u00edcito establecido en el art\u00edculo 3 de la ley 20.000.<\/p>\n<p style=\"text-align: justify;\">ACUSACI\u00d3N<\/p>\n<p style=\"text-align: justify;\">De acuerdo a la acusaci\u00f3n presentada por la fiscal Mar\u00eda In\u00e9s N\u00fa\u00f1ez, los acusados, desde una fecha indeterminada pero a lo menos desde diciembre de 2020 hasta abril del 2021, formaron una asociaci\u00f3n dedicada al tr\u00e1fico il\u00edcito de drogas.<\/p>\n<p style=\"text-align: justify;\">Dentro de ese grupo delictual, exist\u00eda una estructura de mando y roles espec\u00edficos de sus integrantes, asumiendo cada uno diversas responsabilidades para la recepci\u00f3n, acopio, transporte, distribuci\u00f3n y comercializaci\u00f3n de sustancias il\u00edcitas como clorhidrato de coca\u00edna, diversas drogas sint\u00e9ticas y cannabis.<\/p>\n<p style=\"text-align: justify;\">De acuerdo a lo mencionado en el juicio oral, por la fiscal Mar\u00eda In\u00e9s N\u00fa\u00f1ez, su modus operandi -en general- consist\u00eda en adquirir droga desde la zona centro del pa\u00eds para acopiarla posteriormente en Puerto Montt.<\/p>\n<p style=\"text-align: justify;\">En dicha ciudad, se mantuvo la central de operaciones para el tr\u00e1fico de drogas, para luego ser distribuida y comercializada en diversas comunas del sur de Chile, entre ellas Coyhaique, Puerto Varas y Puerto Montt, il\u00edcito que fue detectado por la Fiscal\u00eda y Polic\u00eda de Investigaciones.<\/p>\n<p style=\"text-align: justify;\">En el desarrollo de este juicio tambi\u00e9n apoy\u00f3 la Unidad de Asesor\u00eda Jur\u00eddica de la Fiscal\u00eda Regional de Ays\u00e9n.<\/p>\n<\/div><\/section><\/div><div  style='height:50px' class='hr hr-invisible   avia-builder-el-6  el_after_av_one_full  el_before_av_social_share '><span class='hr-inner ' ><span class='hr-inner-style'><\/span><\/span><\/div><\/p>\n<div  class='av-social-sharing-box  avia-builder-el-7  el_after_av_hr  el_before_av_hr  '><div class='av-share-box'><h5 class='av-share-link-description av-no-toc '>Compartir esta noticia<\/h5><ul class='av-share-box-list noLightbox'><li class='av-share-link av-social-link-facebook' ><a target=\"_blank\" aria-label=\"Compartir en Facebook\" href='https:\/\/www.facebook.com\/sharer.php?u=https:\/\/radiorevelacionfm.cl\/?p=19253&#038;t=Fiscal%C3%ADa%20obtiene%20sumatoria%20de%2059%20a%C3%B1os%20de%20c%C3%A1rcel%20para%209%20imputados%20por%20tr%C3%A1fico%20de%20drogas' aria-hidden='false' data-av_icon='\ue8f3' data-av_iconfont='entypo-fontello' title='' data-avia-related-tooltip='Compartir en Facebook' rel=\"noopener\"><span class='avia_hidden_link_text'>Compartir en Facebook<\/span><\/a><\/li><li class='av-share-link av-social-link-twitter' ><a target=\"_blank\" aria-label=\"Compartir en Twitter\" href='https:\/\/twitter.com\/share?text=Fiscal%C3%ADa%20obtiene%20sumatoria%20de%2059%20a%C3%B1os%20de%20c%C3%A1rcel%20para%209%20imputados%20por%20tr%C3%A1fico%20de%20drogas&#038;url=https:\/\/radiorevelacionfm.cl\/?p=19253' aria-hidden='false' data-av_icon='\ue8f1' data-av_iconfont='entypo-fontello' title='' data-avia-related-tooltip='Compartir en Twitter' rel=\"noopener\"><span class='avia_hidden_link_text'>Compartir en Twitter<\/span><\/a><\/li><li class='av-share-link av-social-link-whatsapp' ><a target=\"_blank\" aria-label=\"Compartir en Whatsapp\" href='https:\/\/api.whatsapp.com\/send?text=https:\/\/radiorevelacionfm.cl\/?p=19253' aria-hidden='false' data-av_icon='\uf232' data-av_iconfont='entypo-fontello' title='' data-avia-related-tooltip='Compartir en Whatsapp' rel=\"noopener\"><span class='avia_hidden_link_text'>Compartir en Whatsapp<\/span><\/a><\/li><li class='av-share-link av-social-link-linkedin' ><a target=\"_blank\" aria-label=\"Compartir en LinkedIn\" href='https:\/\/linkedin.com\/shareArticle?mini=true&#038;title=Fiscal%C3%ADa%20obtiene%20sumatoria%20de%2059%20a%C3%B1os%20de%20c%C3%A1rcel%20para%209%20imputados%20por%20tr%C3%A1fico%20de%20drogas&#038;url=https:\/\/radiorevelacionfm.cl\/?p=19253' aria-hidden='false' data-av_icon='\ue8fc' data-av_iconfont='entypo-fontello' title='' data-avia-related-tooltip='Compartir en LinkedIn' rel=\"noopener\"><span class='avia_hidden_link_text'>Compartir en LinkedIn<\/span><\/a><\/li><li class='av-share-link av-social-link-mail' ><a  aria-label=\"Compartir por correo\" href='mailto:?subject=Fiscal%C3%ADa%20obtiene%20sumatoria%20de%2059%20a%C3%B1os%20de%20c%C3%A1rcel%20para%209%20imputados%20por%20tr%C3%A1fico%20de%20drogas&#038;body=https:\/\/radiorevelacionfm.cl\/?p=19253' aria-hidden='false' data-av_icon='\ue805' data-av_iconfont='entypo-fontello' title='' data-avia-related-tooltip='Compartir por correo'><span class='avia_hidden_link_text'>Compartir por correo<\/span><\/a><\/li><\/ul><\/div><\/div>\n<div  style='height:50px' class='hr hr-invisible   avia-builder-el-8  el_after_av_social_share  el_before_av_comments_list '><span class='hr-inner ' ><span class='hr-inner-style'><\/span><\/span><\/div>\n<div  class='av-buildercomment  av-blog-meta-html-info-disabled av-blog-meta-tag-disabled  '><\/div>\n","protected":false},"excerpt":{"rendered":"","protected":false},"author":1,"featured_media":3217,"comment_status":"open","ping_status":"open","sticky":false,"template":"","format":"standard","meta":{"footnotes":""},"categories":[55],"tags":[],"class_list":["post-19253","post","type-post","status-publish","format-standard","has-post-thumbnail","hentry","category-justicia"],"jetpack_featured_media_url":"https:\/\/radiorevelacionfm.cl\/wp-content\/uploads\/2021\/04\/FISCALIA1.jpg","_links":{"self":[{"href":"https:\/\/radiorevelacionfm.cl\/index.php?rest_route=\/wp\/v2\/posts\/19253","targetHints":{"allow":["GET"]}}],"collection":[{"href":"https:\/\/radiorevelacionfm.cl\/index.php?rest_route=\/wp\/v2\/posts"}],"about":[{"href":"https:\/\/radiorevelacionfm.cl\/index.php?rest_route=\/wp\/v2\/types\/post"}],"author":[{"embeddable":true,"href":"https:\/\/radiorevelacionfm.cl\/index.php?rest_route=\/wp\/v2\/users\/1"}],"replies":[{"embeddable":true,"href":"https:\/\/radiorevelacionfm.cl\/index.php?rest_route=%2Fwp%2Fv2%2Fcomments&post=19253"}],"version-history":[{"count":2,"href":"https:\/\/radiorevelacionfm.cl\/index.php?rest_route=\/wp\/v2\/posts\/19253\/revisions"}],"predecessor-version":[{"id":19256,"href":"https:\/\/radiorevelacionfm.cl\/index.php?rest_route=\/wp\/v2\/posts\/19253\/revisions\/19256"}],"wp:featuredmedia":[{"embeddable":true,"href":"https:\/\/radiorevelacionfm.cl\/index.php?rest_route=\/wp\/v2\/media\/3217"}],"wp:attachment":[{"href":"https:\/\/radiorevelacionfm.cl\/index.php?rest_route=%2Fwp%2Fv2%2Fmedia&parent=19253"}],"wp:term":[{"taxonomy":"category","embeddable":true,"href":"https:\/\/radiorevelacionfm.cl\/index.php?rest_route=%2Fwp%2Fv2%2Fcategories&post=19253"},{"taxonomy":"post_tag","embeddable":true,"href":"https:\/\/radiorevelacionfm.cl\/index.php?rest_route=%2Fwp%2Fv2%2Ftags&post=19253"}],"curies":[{"name":"wp","href":"https:\/\/api.w.org\/{rel}","templated":true}]}}