{"id":19248,"date":"2022-07-15T12:12:06","date_gmt":"2022-07-15T15:12:06","guid":{"rendered":"https:\/\/radiorevelacionfm.cl\/?p=19248"},"modified":"2022-07-15T12:12:06","modified_gmt":"2022-07-15T15:12:06","slug":"mesa-directiva-nacional-de-la-cchc-sesiono-en-la-sede-coyhaique-y-desplego-agenda-gremial-en-la-region","status":"publish","type":"post","link":"https:\/\/radiorevelacionfm.cl\/?p=19248","title":{"rendered":"Mesa directiva nacional de la CChC sesion\u00f3 en la sede Coyhaique y despleg\u00f3 agenda gremial en la regi\u00f3n"},"content":{"rendered":"<div class=\"flex_column av_one_full  flex_column_div av-zero-column-padding first  avia-builder-el-0  el_before_av_one_full  avia-builder-el-first  \" style='border-radius:0px; '><div  class='avia-image-container  av-styling-    avia-builder-el-1  avia-builder-el-no-sibling  avia-align-center '  itemprop=\"image\" itemscope=\"itemscope\" itemtype=\"https:\/\/schema.org\/ImageObject\"  ><div class='avia-image-container-inner'><div class='avia-image-overlay-wrap'><img decoding=\"async\" class='wp-image-19249 avia-img-lazy-loading-not-19249 avia_image' src=\"https:\/\/radiorevelacionfm.cl\/wp-content\/uploads\/2022\/07\/20220713121802_IMG_6451-1-1.jpg\" alt='' title='20220713121802_IMG_6451 (1) (1)' height=\"600\" width=\"900\"  itemprop=\"thumbnailUrl\" srcset=\"https:\/\/radiorevelacionfm.cl\/wp-content\/uploads\/2022\/07\/20220713121802_IMG_6451-1-1.jpg 900w, https:\/\/radiorevelacionfm.cl\/wp-content\/uploads\/2022\/07\/20220713121802_IMG_6451-1-1-300x200.jpg 300w, https:\/\/radiorevelacionfm.cl\/wp-content\/uploads\/2022\/07\/20220713121802_IMG_6451-1-1-768x512.jpg 768w, https:\/\/radiorevelacionfm.cl\/wp-content\/uploads\/2022\/07\/20220713121802_IMG_6451-1-1-705x470.jpg 705w, https:\/\/radiorevelacionfm.cl\/wp-content\/uploads\/2022\/07\/20220713121802_IMG_6451-1-1-600x400.jpg 600w\" sizes=\"(max-width: 900px) 100vw, 900px\" \/><\/div><\/div><\/div><\/div><div class=\"flex_column av_one_full  flex_column_div av-zero-column-padding first  avia-builder-el-2  el_after_av_one_full  el_before_av_one_full  column-top-margin\" style='border-radius:0px; '><section class=\"av_textblock_section \"  itemscope=\"itemscope\" itemtype=\"https:\/\/schema.org\/BlogPosting\" itemprop=\"blogPost\" ><div class='avia_textblock  '   itemprop=\"text\" ><p style=\"text-align: center;\"><span style=\"font-size: 18pt;\"><b>Mesa directiva nacional de la CChC sesion\u00f3 en la sede Coyhaique y despleg\u00f3 agenda gremial en la regi\u00f3n<\/b><\/span><\/p>\n<div id=\"gtx-trans\" style=\"position: absolute; left: -50px; top: 4.31534px;\">\n<div class=\"gtx-trans-icon\"><\/div>\n<\/div>\n<\/div><\/section><\/div><div class=\"flex_column av_one_full  flex_column_div av-zero-column-padding first  avia-builder-el-4  el_after_av_one_full  el_before_av_hr  column-top-margin\" style='border-radius:0px; '><section class=\"av_textblock_section \"  itemscope=\"itemscope\" itemtype=\"https:\/\/schema.org\/BlogPosting\" itemprop=\"blogPost\" ><div class='avia_textblock  '   itemprop=\"text\" ><p style=\"font-weight: 400; text-align: justify;\">La agenda encabezada por el presidente, Antonio Err\u00e1zuriz, estuvo marcada por relacionamiento con autoridades regionales, actividades con trabajadores de obras que se est\u00e1n realizando en Coyhaique y reuniones gremiales con socios y socias de la delegaci\u00f3n.<\/p>\n<p style=\"font-weight: 400; text-align: justify;\">Entre las actividades realizadas durante tres d\u00edas en la capital de la Regi\u00f3n de Ays\u00e9n, destacaron la presentaci\u00f3n de D\u00e9ficit Cero, por parte de su director ejecutivo, Sebasti\u00e1n Bowen y el vicepresidente, Claudio Nitsche a socios y socias de la delegaci\u00f3n Coyhaique.<\/p>\n<p style=\"font-weight: 400; text-align: justify;\">Adem\u00e1s, del hito sent\u00e9monos a conversar con trabajadores de la empresa, Constructora Cristi; encuentro de Matriz Gremial nacional y regional, la inauguraci\u00f3n junto al equipo de colaboradores de la CChC del mural ubicado en dependencias de la austral sede, \u201cMujeres que generan cambios\u201d y la sesi\u00f3n del mes de julio del directorio nacional.<\/p>\n<p style=\"font-weight: 400; text-align: justify;\">Sobre su visita a la regi\u00f3n, el presidente de la C\u00e1mara Chilena de la Construcci\u00f3n, Antonio Err\u00e1zuriz Ru\u00edz-Tagle, coment\u00f3 que \u201cesta era una visita bastante esperada por nuestra parte. Hab\u00edamos elegido hacerlo en Coyhaique porque nos hab\u00eda costado un poco estar por ac\u00e1. Es importante decir que es un respaldo de nosotros, de la C\u00e1mara central a las c\u00e1maras regionales, especialmente en ciudades tan australes y tan extremas en relaci\u00f3n a Santiago, por toda la labor que se hace ac\u00e1. Siempre hemos dicho que la c\u00e1mara es una sola, pero tambi\u00e9n hemos dicho que las c\u00e1maras regionales tienen una particularidad, que es la eficiencia y la eficacia c\u00f3mo se relacionan c\u00f3mo desarrollan los proyectos y nosotros tenemos como C\u00e1mara central que aprender de eso\u201d.<\/p>\n<p style=\"font-weight: 400; text-align: justify;\">\u201cHemos tenido un lindo conversatorio en uno de los proyectos DS19 que se est\u00e1 realizado ac\u00e1, vemos el compromiso de los trabajadores con esta actividad nuestra, que es algo muy bonito, el compromiso de la mujer al interior de las obras de construcci\u00f3n y finalmente para terminar con el trabajo con la gobernadora regional, que esperamos abrir una puerta ah\u00ed para empezar a trabajar en conjunto y potenciar la relaci\u00f3n p\u00fablico-privada que creemos es fundamental en el desarrollo de nuestra actividad.\u201d, detall\u00f3 Err\u00e1zuriz.<\/p>\n<p style=\"font-weight: 400; text-align: justify;\"><strong>Sent\u00e9monos a conversar<\/strong><\/p>\n<p style=\"font-weight: 400; text-align: justify;\">Hasta las obras del proyecto DS19, denominado \u201cLomas de Coyhaique II\u201d, que ejecuta la empresa socia, Constructora Cristi, lleg\u00f3 el presidente de la C\u00e1mara Chilena de la Construcci\u00f3n, Antonio Err\u00e1zuriz junto al vicepresidente, Claudio Nitsche; gerenta general, Paula Urenda y el presidente de la sede Coyhaique, Manuel Suazo, para sostener junto a los trabajadores, trabajadoras y gerente, Raimundo Cristi, el encuentro #Sent\u00e9monosAConversar.<\/p>\n<p style=\"font-weight: 400; text-align: justify;\">Actividad en la que las autoridades gremiales conocieron detalles del proyecto que contar\u00e1 con 5 edificios de departamentos habitacionales y dialogaron con los trabajadores sobre la relevancia de su labor y las dificultades que se deben sortear durante el invierno en este territorio.<\/p>\n<p style=\"font-weight: 400; text-align: justify;\"><strong>Reuni\u00f3n con Gobernadora Regional<\/strong><\/p>\n<p style=\"font-weight: 400; text-align: justify;\">En materia de relacionamiento, el directorio nacional y regional de la C\u00e1mara Chilena de la Construcci\u00f3n, se reuni\u00f3 con la Gobernadora Regional de Ays\u00e9n, Andrea Mac\u00edas Palma. Instancia en la que se abordaron las propuestas que han sido entregadas por el gremio a diversas autoridades regionales con objetivo de colaborar en la reactivaci\u00f3n econ\u00f3mica y el fortalecimiento de la inversi\u00f3n p\u00fablica en la regi\u00f3n, relev\u00e1ndose la disposici\u00f3n de la CChC para continuar trabajando de manera colaborativa con el Gobierno Regional.<\/p>\n<p style=\"font-weight: 400; text-align: justify;\">De la reuni\u00f3n, tambi\u00e9n participaron los consejeros regionales; Lilian Inostroza, Ra\u00fal Rudolphi y Omar Mu\u00f1oz.<\/p>\n<p style=\"font-weight: 400; text-align: justify;\"><strong>Matriz Gremial en sede Coyhaique<\/strong><\/p>\n<p style=\"font-weight: 400; text-align: justify;\">Encabezada por el presidente, Antonio Err\u00e1zuriz y presidente regional, Manuel Suazo; la mesa directiva nacional, gerencia general, subgerencia de red nacional, las gerencias de Infraestructura; Vivienda; Suministros y presidentes de los Comit\u00e9s gremiales, Comisiones y Grupos de Trabajo de la sede Coyhaique, realizaron sesi\u00f3n de Matriz Gremial, en la que analizaron la labor realizada durante el presente a\u00f1o, sus proyecciones y pr\u00f3ximas actividades a llevar a cabo en el quehacer gremial.<\/p>\n<\/div><\/section><\/div><div  style='height:50px' class='hr hr-invisible   avia-builder-el-6  el_after_av_one_full  el_before_av_social_share '><span class='hr-inner ' ><span class='hr-inner-style'><\/span><\/span><\/div><\/p>\n<div  class='av-social-sharing-box  avia-builder-el-7  el_after_av_hr  el_before_av_hr  '><div class='av-share-box'><h5 class='av-share-link-description av-no-toc '>Compartir esta noticia<\/h5><ul class='av-share-box-list noLightbox'><li class='av-share-link av-social-link-facebook' ><a target=\"_blank\" aria-label=\"Compartir en Facebook\" href='https:\/\/www.facebook.com\/sharer.php?u=https:\/\/radiorevelacionfm.cl\/?p=19248&#038;t=Mesa%20directiva%20nacional%20de%20la%20CChC%20sesion%C3%B3%20en%20la%20sede%20Coyhaique%20y%20despleg%C3%B3%20agenda%20gremial%20en%20la%20regi%C3%B3n' aria-hidden='false' data-av_icon='\ue8f3' data-av_iconfont='entypo-fontello' title='' data-avia-related-tooltip='Compartir en Facebook' rel=\"noopener\"><span class='avia_hidden_link_text'>Compartir en Facebook<\/span><\/a><\/li><li class='av-share-link av-social-link-twitter' ><a target=\"_blank\" aria-label=\"Compartir en Twitter\" href='https:\/\/twitter.com\/share?text=Mesa%20directiva%20nacional%20de%20la%20CChC%20sesion%C3%B3%20en%20la%20sede%20Coyhaique%20y%20despleg%C3%B3%20agenda%20gremial%20en%20la%20regi%C3%B3n&#038;url=https:\/\/radiorevelacionfm.cl\/?p=19248' aria-hidden='false' data-av_icon='\ue8f1' data-av_iconfont='entypo-fontello' title='' data-avia-related-tooltip='Compartir en Twitter' rel=\"noopener\"><span class='avia_hidden_link_text'>Compartir en Twitter<\/span><\/a><\/li><li class='av-share-link av-social-link-whatsapp' ><a target=\"_blank\" aria-label=\"Compartir en Whatsapp\" href='https:\/\/api.whatsapp.com\/send?text=https:\/\/radiorevelacionfm.cl\/?p=19248' aria-hidden='false' data-av_icon='\uf232' data-av_iconfont='entypo-fontello' title='' data-avia-related-tooltip='Compartir en Whatsapp' rel=\"noopener\"><span class='avia_hidden_link_text'>Compartir en Whatsapp<\/span><\/a><\/li><li class='av-share-link av-social-link-linkedin' ><a target=\"_blank\" aria-label=\"Compartir en LinkedIn\" href='https:\/\/linkedin.com\/shareArticle?mini=true&#038;title=Mesa%20directiva%20nacional%20de%20la%20CChC%20sesion%C3%B3%20en%20la%20sede%20Coyhaique%20y%20despleg%C3%B3%20agenda%20gremial%20en%20la%20regi%C3%B3n&#038;url=https:\/\/radiorevelacionfm.cl\/?p=19248' aria-hidden='false' data-av_icon='\ue8fc' data-av_iconfont='entypo-fontello' title='' data-avia-related-tooltip='Compartir en LinkedIn' rel=\"noopener\"><span class='avia_hidden_link_text'>Compartir en LinkedIn<\/span><\/a><\/li><li class='av-share-link av-social-link-mail' ><a  aria-label=\"Compartir por correo\" href='mailto:?subject=Mesa%20directiva%20nacional%20de%20la%20CChC%20sesion%C3%B3%20en%20la%20sede%20Coyhaique%20y%20despleg%C3%B3%20agenda%20gremial%20en%20la%20regi%C3%B3n&#038;body=https:\/\/radiorevelacionfm.cl\/?p=19248' aria-hidden='false' data-av_icon='\ue805' data-av_iconfont='entypo-fontello' title='' data-avia-related-tooltip='Compartir por correo'><span class='avia_hidden_link_text'>Compartir por correo<\/span><\/a><\/li><\/ul><\/div><\/div>\n<div  style='height:50px' class='hr hr-invisible   avia-builder-el-8  el_after_av_social_share  el_before_av_comments_list '><span class='hr-inner ' ><span class='hr-inner-style'><\/span><\/span><\/div>\n<div  class='av-buildercomment  av-blog-meta-html-info-disabled av-blog-meta-tag-disabled  '><\/div>\n","protected":false},"excerpt":{"rendered":"","protected":false},"author":1,"featured_media":19249,"comment_status":"open","ping_status":"open","sticky":false,"template":"","format":"standard","meta":{"footnotes":""},"categories":[38],"tags":[],"class_list":["post-19248","post","type-post","status-publish","format-standard","has-post-thumbnail","hentry","category-regional"],"jetpack_featured_media_url":"https:\/\/radiorevelacionfm.cl\/wp-content\/uploads\/2022\/07\/20220713121802_IMG_6451-1-1.jpg","_links":{"self":[{"href":"https:\/\/radiorevelacionfm.cl\/index.php?rest_route=\/wp\/v2\/posts\/19248","targetHints":{"allow":["GET"]}}],"collection":[{"href":"https:\/\/radiorevelacionfm.cl\/index.php?rest_route=\/wp\/v2\/posts"}],"about":[{"href":"https:\/\/radiorevelacionfm.cl\/index.php?rest_route=\/wp\/v2\/types\/post"}],"author":[{"embeddable":true,"href":"https:\/\/radiorevelacionfm.cl\/index.php?rest_route=\/wp\/v2\/users\/1"}],"replies":[{"embeddable":true,"href":"https:\/\/radiorevelacionfm.cl\/index.php?rest_route=%2Fwp%2Fv2%2Fcomments&post=19248"}],"version-history":[{"count":2,"href":"https:\/\/radiorevelacionfm.cl\/index.php?rest_route=\/wp\/v2\/posts\/19248\/revisions"}],"predecessor-version":[{"id":19264,"href":"https:\/\/radiorevelacionfm.cl\/index.php?rest_route=\/wp\/v2\/posts\/19248\/revisions\/19264"}],"wp:featuredmedia":[{"embeddable":true,"href":"https:\/\/radiorevelacionfm.cl\/index.php?rest_route=\/wp\/v2\/media\/19249"}],"wp:attachment":[{"href":"https:\/\/radiorevelacionfm.cl\/index.php?rest_route=%2Fwp%2Fv2%2Fmedia&parent=19248"}],"wp:term":[{"taxonomy":"category","embeddable":true,"href":"https:\/\/radiorevelacionfm.cl\/index.php?rest_route=%2Fwp%2Fv2%2Fcategories&post=19248"},{"taxonomy":"post_tag","embeddable":true,"href":"https:\/\/radiorevelacionfm.cl\/index.php?rest_route=%2Fwp%2Fv2%2Ftags&post=19248"}],"curies":[{"name":"wp","href":"https:\/\/api.w.org\/{rel}","templated":true}]}}