{"id":19245,"date":"2022-07-15T16:25:27","date_gmt":"2022-07-15T19:25:27","guid":{"rendered":"https:\/\/radiorevelacionfm.cl\/?p=19245"},"modified":"2022-07-15T16:25:27","modified_gmt":"2022-07-15T19:25:27","slug":"consejera-martinez-destaco-en-gobernadora-capacidad-de-gestion-trabajo-y-cercania-con-la-gente","status":"publish","type":"post","link":"https:\/\/radiorevelacionfm.cl\/?p=19245","title":{"rendered":"Consejera Mart\u00ednez destac\u00f3 en Gobernadora capacidad de gesti\u00f3n, trabajo y cercan\u00eda con la gente"},"content":{"rendered":"<div class=\"flex_column av_one_full  flex_column_div av-zero-column-padding first  avia-builder-el-0  el_before_av_one_full  avia-builder-el-first  \" style='border-radius:0px; '><div  class='avia-image-container  av-styling-    avia-builder-el-1  avia-builder-el-no-sibling  avia-align-center '  itemprop=\"image\" itemscope=\"itemscope\" itemtype=\"https:\/\/schema.org\/ImageObject\"  ><div class='avia-image-container-inner'><div class='avia-image-overlay-wrap'><img decoding=\"async\" class='wp-image-19246 avia-img-lazy-loading-not-19246 avia_image' src=\"https:\/\/radiorevelacionfm.cl\/wp-content\/uploads\/2022\/07\/core-marisol-martinez1-1_optimized.jpg\" alt='' title='core-marisol-martinez1-(1)_optimized' height=\"600\" width=\"959\"  itemprop=\"thumbnailUrl\" srcset=\"https:\/\/radiorevelacionfm.cl\/wp-content\/uploads\/2022\/07\/core-marisol-martinez1-1_optimized.jpg 959w, https:\/\/radiorevelacionfm.cl\/wp-content\/uploads\/2022\/07\/core-marisol-martinez1-1_optimized-300x188.jpg 300w, https:\/\/radiorevelacionfm.cl\/wp-content\/uploads\/2022\/07\/core-marisol-martinez1-1_optimized-768x481.jpg 768w, https:\/\/radiorevelacionfm.cl\/wp-content\/uploads\/2022\/07\/core-marisol-martinez1-1_optimized-705x441.jpg 705w, https:\/\/radiorevelacionfm.cl\/wp-content\/uploads\/2022\/07\/core-marisol-martinez1-1_optimized-600x375.jpg 600w\" sizes=\"(max-width: 959px) 100vw, 959px\" \/><\/div><\/div><\/div><\/div><div class=\"flex_column av_one_full  flex_column_div av-zero-column-padding first  avia-builder-el-2  el_after_av_one_full  el_before_av_one_full  column-top-margin\" style='border-radius:0px; '><section class=\"av_textblock_section \"  itemscope=\"itemscope\" itemtype=\"https:\/\/schema.org\/BlogPosting\" itemprop=\"blogPost\" ><div class='avia_textblock  '   itemprop=\"text\" ><p style=\"text-align: center;\"><strong><span style=\"font-size: 18pt;\">Consejera Mart\u00ednez destac\u00f3 en Gobernadora capacidad de gesti\u00f3n, trabajo y cercan\u00eda con la gente<\/span><\/strong><\/p>\n<div id=\"gtx-trans\" style=\"position: absolute; left: -50px; top: 4.31534px;\">\n<div class=\"gtx-trans-icon\"><\/div>\n<\/div>\n<\/div><\/section><\/div><div class=\"flex_column av_one_full  flex_column_div av-zero-column-padding first  avia-builder-el-4  el_after_av_one_full  el_before_av_hr  column-top-margin\" style='border-radius:0px; '><section class=\"av_textblock_section \"  itemscope=\"itemscope\" itemtype=\"https:\/\/schema.org\/BlogPosting\" itemprop=\"blogPost\" ><div class='avia_textblock  '   itemprop=\"text\" ><p style=\"text-align: justify;\">La Gobernadora Regional de Ays\u00e9n, Andrea Mac\u00edas Palma, cumpli\u00f3 un a\u00f1o de gesti\u00f3n siendo la primera autoridad electa en ocupar este cargo en el territorio. Periodo que no ha estado exento de situaciones complejas, pero a pesar de ello, ha logrado enfrentar las contingencias, ha podido estar en los distintos puntos de la regi\u00f3n y buscando siempre el bienestar de la ciudadan\u00eda.<\/p>\n<p style=\"text-align: justify;\">La Consejera Regional del Partido Socialista, Marisol Mart\u00ednez S\u00e1nchez, quiso respaldar a Mac\u00edas, poniendo \u00e9nfasis en su gran capacidad de trabajo, labor que desempe\u00f1a con las autoridades locales, la capacidad de gesti\u00f3n ante los conflictos y su cercan\u00eda con la gente.<\/p>\n<p style=\"text-align: justify;\">\u201cQuiero destacar su gran capacidad de trabajo, las extensas horas que dedica para el terreno, con el fin de que no falte ninguna localidad en la que ella este presente. La cercan\u00eda de las personas se nota tambi\u00e9n, se nota el cari\u00f1o que ella entrega y que recibe en cada una de sus visitas a las localidades. El trabajo con todas las autoridades locales y proyectos que han sido financiados en cada una de las comunas, tambi\u00e9n la capacidad de gesti\u00f3n frente a situaciones de conflicto en la regi\u00f3n, situaciones de conectividad donde se han puesto recursos desde el Gobierno Regional, para ayudar a solucionar problemas que surgen, como la barcaza de Chile Chico. La situaci\u00f3n donde ella estuvo presente, en cuanto a lo ocurrido con la escuela Espa\u00f1a, estuvo con la comunidad dentro de una situaci\u00f3n de conflicto, para buscar alternativas, apoyar y ayudar a resolverla\u201d.<\/p>\n<p style=\"text-align: justify;\">Marisol Mart\u00ednez, afirm\u00f3 tambi\u00e9n que la Gobernadora Andrea Mac\u00edas, se ha visto enfrentada a situaciones donde ha dado cuenta de su liderazgo.<\/p>\n<p style=\"text-align: justify;\">\u201cDestacar tambi\u00e9n las gestiones que ha hecho en materia de empleo, enfrentando dificultades en cada una de estas situaciones, donde demuestra su capacidad de liderazgo, su capacidad de conversar, escuchar y por cierto recibir cr\u00edticas, que no es f\u00e1cil cuando se est\u00e1 dirigiendo una regi\u00f3n por primera vez, en un cargo que cumple dos funciones, presidenta del Consejo y tambi\u00e9n la ejecutiva del Gobierno Regional. No ha sido f\u00e1cil al interior del Consejo, puesto que, cuenta con un Consejo mayoritariamente de oposici\u00f3n, sin embargo, la mayor cantidad de acuerdo han sido tomados un\u00e1nimemente, lo que demuestra tambi\u00e9n, una capacidad de llegar a acuerdos con todos los sectores, mas all\u00e1 de las propias discusiones que se dan, que, por cierto, tambi\u00e9n tienen un sesgo pol\u00edtico, pero que m\u00e1s all\u00e1 de eso, se logra llegar a acuerdo y resolver en favor de nuestra regi\u00f3n\u201d.<\/p>\n<p style=\"text-align: justify;\">La Consejera Regional del PS, agreg\u00f3 que, \u201cfelicitar a Andrea Mac\u00edas, una mujer fuerte, una mujer con gran liderazgo, con gran capacidad de gesti\u00f3n y que es de las pocas gobernadoras en el pa\u00eds. Tambi\u00e9n todav\u00eda nuestro pa\u00eds y nuestra regi\u00f3n es muy machista, cuesta a veces entender cuando tenemos una mujer que tiene una fortaleza y capacidad que algunos les sorprende y les incomoda. Pero la felicito y por cierto apoyo su gesti\u00f3n que no est\u00e1 exenta de dificultades, porque obviamente estamos en un momento pol\u00edtico complejo, de definiciones a nivel pa\u00eds, estamos tambi\u00e9n en una situaci\u00f3n econ\u00f3mica internacional, nacional y regional compleja, lo que hace dif\u00edcil avanzar a materia de desarrollo productivo. Pero se han hecho algunas gestiones a nivel de presupuesto regional, que esperamos en el segundo semestre puedan verse esos logros, para un avance mayor en el presupuesto\u201d.<\/p>\n<p style=\"text-align: justify;\">En el \u00e1mbito social la Gobernadora Regional ha tenido un importante rol, enfatiz\u00f3 la Consejera Marisol Mart\u00ednez.<\/p>\n<p style=\"text-align: justify;\">\u201cYo destacar\u00eda por sobre todo el compromiso social que ella tiene, que podemos relevar en un importante e hist\u00f3rico acuerdo de comprometer recursos para resolver problemas que no han sido abordados hist\u00f3ricamente por ning\u00fan otro Gobierno Regional, que tiene que ver con dar soluci\u00f3n a la necesidad de implementaci\u00f3n de nuestros bomberos y bomberas de toda la regi\u00f3n, como as\u00ed tambi\u00e9n, el equipamiento necesario para atender todo tipo de emergencias en nuestra regi\u00f3n. Creo que eso es valioso, destacable y por cierto tambi\u00e9n los acuerdos en materia de salud, vivienda y tambi\u00e9n acuerdos de convenio de programaci\u00f3n con el MOP. Sin duda, el trabajo no se puede hacer sola, requiere del apoyo del Consejo Regional, requiere del trabajo colaborativo con todos los municipios y por cierto de la sociedad civil, as\u00ed es que, felicito a Andrea Mac\u00edas, en un a\u00f1o complejo, lleno de desaf\u00edos, pero que, sin duda, tiene todas las condiciones para salir adelante\u201d, puntualiz\u00f3 Mart\u00ednez.<\/p>\n<\/div><\/section><\/div><div  style='height:50px' class='hr hr-invisible   avia-builder-el-6  el_after_av_one_full  el_before_av_social_share '><span class='hr-inner ' ><span class='hr-inner-style'><\/span><\/span><\/div><\/p>\n<div  class='av-social-sharing-box  avia-builder-el-7  el_after_av_hr  el_before_av_hr  '><div class='av-share-box'><h5 class='av-share-link-description av-no-toc '>Compartir esta noticia<\/h5><ul class='av-share-box-list noLightbox'><li class='av-share-link av-social-link-facebook' ><a target=\"_blank\" aria-label=\"Compartir en Facebook\" href='https:\/\/www.facebook.com\/sharer.php?u=https:\/\/radiorevelacionfm.cl\/?p=19245&#038;t=Consejera%20Mart%C3%ADnez%20destac%C3%B3%20en%20Gobernadora%20capacidad%20de%20gesti%C3%B3n%2C%20trabajo%20y%20cercan%C3%ADa%20con%20la%20gente' aria-hidden='false' data-av_icon='\ue8f3' data-av_iconfont='entypo-fontello' title='' data-avia-related-tooltip='Compartir en Facebook' rel=\"noopener\"><span class='avia_hidden_link_text'>Compartir en Facebook<\/span><\/a><\/li><li class='av-share-link av-social-link-twitter' ><a target=\"_blank\" aria-label=\"Compartir en Twitter\" href='https:\/\/twitter.com\/share?text=Consejera%20Mart%C3%ADnez%20destac%C3%B3%20en%20Gobernadora%20capacidad%20de%20gesti%C3%B3n%2C%20trabajo%20y%20cercan%C3%ADa%20con%20la%20gente&#038;url=https:\/\/radiorevelacionfm.cl\/?p=19245' aria-hidden='false' data-av_icon='\ue8f1' data-av_iconfont='entypo-fontello' title='' data-avia-related-tooltip='Compartir en Twitter' rel=\"noopener\"><span class='avia_hidden_link_text'>Compartir en Twitter<\/span><\/a><\/li><li class='av-share-link av-social-link-whatsapp' ><a target=\"_blank\" aria-label=\"Compartir en Whatsapp\" href='https:\/\/api.whatsapp.com\/send?text=https:\/\/radiorevelacionfm.cl\/?p=19245' aria-hidden='false' data-av_icon='\uf232' data-av_iconfont='entypo-fontello' title='' data-avia-related-tooltip='Compartir en Whatsapp' rel=\"noopener\"><span class='avia_hidden_link_text'>Compartir en Whatsapp<\/span><\/a><\/li><li class='av-share-link av-social-link-linkedin' ><a target=\"_blank\" aria-label=\"Compartir en LinkedIn\" href='https:\/\/linkedin.com\/shareArticle?mini=true&#038;title=Consejera%20Mart%C3%ADnez%20destac%C3%B3%20en%20Gobernadora%20capacidad%20de%20gesti%C3%B3n%2C%20trabajo%20y%20cercan%C3%ADa%20con%20la%20gente&#038;url=https:\/\/radiorevelacionfm.cl\/?p=19245' aria-hidden='false' data-av_icon='\ue8fc' data-av_iconfont='entypo-fontello' title='' data-avia-related-tooltip='Compartir en LinkedIn' rel=\"noopener\"><span class='avia_hidden_link_text'>Compartir en LinkedIn<\/span><\/a><\/li><li class='av-share-link av-social-link-mail' ><a  aria-label=\"Compartir por correo\" href='mailto:?subject=Consejera%20Mart%C3%ADnez%20destac%C3%B3%20en%20Gobernadora%20capacidad%20de%20gesti%C3%B3n%2C%20trabajo%20y%20cercan%C3%ADa%20con%20la%20gente&#038;body=https:\/\/radiorevelacionfm.cl\/?p=19245' aria-hidden='false' data-av_icon='\ue805' data-av_iconfont='entypo-fontello' title='' data-avia-related-tooltip='Compartir por correo'><span class='avia_hidden_link_text'>Compartir por correo<\/span><\/a><\/li><\/ul><\/div><\/div>\n<div  style='height:50px' class='hr hr-invisible   avia-builder-el-8  el_after_av_social_share  el_before_av_comments_list '><span class='hr-inner ' ><span class='hr-inner-style'><\/span><\/span><\/div>\n<div  class='av-buildercomment  av-blog-meta-html-info-disabled av-blog-meta-tag-disabled  '><\/div>\n","protected":false},"excerpt":{"rendered":"","protected":false},"author":1,"featured_media":19246,"comment_status":"open","ping_status":"open","sticky":false,"template":"","format":"standard","meta":{"footnotes":""},"categories":[38],"tags":[],"class_list":["post-19245","post","type-post","status-publish","format-standard","has-post-thumbnail","hentry","category-regional"],"jetpack_featured_media_url":"https:\/\/radiorevelacionfm.cl\/wp-content\/uploads\/2022\/07\/core-marisol-martinez1-1_optimized.jpg","_links":{"self":[{"href":"https:\/\/radiorevelacionfm.cl\/index.php?rest_route=\/wp\/v2\/posts\/19245","targetHints":{"allow":["GET"]}}],"collection":[{"href":"https:\/\/radiorevelacionfm.cl\/index.php?rest_route=\/wp\/v2\/posts"}],"about":[{"href":"https:\/\/radiorevelacionfm.cl\/index.php?rest_route=\/wp\/v2\/types\/post"}],"author":[{"embeddable":true,"href":"https:\/\/radiorevelacionfm.cl\/index.php?rest_route=\/wp\/v2\/users\/1"}],"replies":[{"embeddable":true,"href":"https:\/\/radiorevelacionfm.cl\/index.php?rest_route=%2Fwp%2Fv2%2Fcomments&post=19245"}],"version-history":[{"count":2,"href":"https:\/\/radiorevelacionfm.cl\/index.php?rest_route=\/wp\/v2\/posts\/19245\/revisions"}],"predecessor-version":[{"id":19282,"href":"https:\/\/radiorevelacionfm.cl\/index.php?rest_route=\/wp\/v2\/posts\/19245\/revisions\/19282"}],"wp:featuredmedia":[{"embeddable":true,"href":"https:\/\/radiorevelacionfm.cl\/index.php?rest_route=\/wp\/v2\/media\/19246"}],"wp:attachment":[{"href":"https:\/\/radiorevelacionfm.cl\/index.php?rest_route=%2Fwp%2Fv2%2Fmedia&parent=19245"}],"wp:term":[{"taxonomy":"category","embeddable":true,"href":"https:\/\/radiorevelacionfm.cl\/index.php?rest_route=%2Fwp%2Fv2%2Fcategories&post=19245"},{"taxonomy":"post_tag","embeddable":true,"href":"https:\/\/radiorevelacionfm.cl\/index.php?rest_route=%2Fwp%2Fv2%2Ftags&post=19245"}],"curies":[{"name":"wp","href":"https:\/\/api.w.org\/{rel}","templated":true}]}}