{"id":19242,"date":"2022-07-19T10:47:03","date_gmt":"2022-07-19T13:47:03","guid":{"rendered":"https:\/\/radiorevelacionfm.cl\/?p=19242"},"modified":"2022-07-19T10:47:03","modified_gmt":"2022-07-19T13:47:03","slug":"mineduc-presentara-iniciativas-para-mejorar-la-implementacion-de-la-nueva-educacion-publica","status":"publish","type":"post","link":"https:\/\/radiorevelacionfm.cl\/?p=19242","title":{"rendered":"Mineduc presentar\u00e1 iniciativas para mejorar la implementaci\u00f3n de la Nueva Educaci\u00f3n P\u00fablica"},"content":{"rendered":"<div class=\"flex_column av_one_full  flex_column_div av-zero-column-padding first  avia-builder-el-0  el_before_av_one_full  avia-builder-el-first  \" style='border-radius:0px; '><div  class='avia-image-container  av-styling-    avia-builder-el-1  avia-builder-el-no-sibling  avia-align-center '  itemprop=\"image\" itemscope=\"itemscope\" itemtype=\"https:\/\/schema.org\/ImageObject\"  ><div class='avia-image-container-inner'><div class='avia-image-overlay-wrap'><img decoding=\"async\" class='wp-image-19243 avia-img-lazy-loading-not-19243 avia_image' src=\"https:\/\/radiorevelacionfm.cl\/wp-content\/uploads\/2022\/07\/Presentacion-SLEP-Aysen-1-1.jpg\" alt='' title='Presentacion SLEP Aysen (1) (1)' height=\"600\" width=\"800\"  itemprop=\"thumbnailUrl\" srcset=\"https:\/\/radiorevelacionfm.cl\/wp-content\/uploads\/2022\/07\/Presentacion-SLEP-Aysen-1-1.jpg 800w, https:\/\/radiorevelacionfm.cl\/wp-content\/uploads\/2022\/07\/Presentacion-SLEP-Aysen-1-1-300x225.jpg 300w, https:\/\/radiorevelacionfm.cl\/wp-content\/uploads\/2022\/07\/Presentacion-SLEP-Aysen-1-1-768x576.jpg 768w, https:\/\/radiorevelacionfm.cl\/wp-content\/uploads\/2022\/07\/Presentacion-SLEP-Aysen-1-1-705x529.jpg 705w, https:\/\/radiorevelacionfm.cl\/wp-content\/uploads\/2022\/07\/Presentacion-SLEP-Aysen-1-1-600x450.jpg 600w\" sizes=\"(max-width: 800px) 100vw, 800px\" \/><\/div><\/div><\/div><\/div><div class=\"flex_column av_one_full  flex_column_div av-zero-column-padding first  avia-builder-el-2  el_after_av_one_full  el_before_av_one_full  column-top-margin\" style='border-radius:0px; '><section class=\"av_textblock_section \"  itemscope=\"itemscope\" itemtype=\"https:\/\/schema.org\/BlogPosting\" itemprop=\"blogPost\" ><div class='avia_textblock  '   itemprop=\"text\" ><p style=\"text-align: center;\"><strong><span style=\"font-size: 18pt;\">Mineduc presentar\u00e1 iniciativas para mejorar la implementaci\u00f3n de la Nueva Educaci\u00f3n P\u00fablica<\/span><\/strong><\/p>\n<div id=\"gtx-trans\" style=\"position: absolute; left: -50px; top: 4.31534px;\">\n<div class=\"gtx-trans-icon\"><\/div>\n<\/div>\n<\/div><\/section><\/div><div class=\"flex_column av_one_full  flex_column_div av-zero-column-padding first  avia-builder-el-4  el_after_av_one_full  el_before_av_hr  column-top-margin\" style='border-radius:0px; '><section class=\"av_textblock_section \"  itemscope=\"itemscope\" itemtype=\"https:\/\/schema.org\/BlogPosting\" itemprop=\"blogPost\" ><div class='avia_textblock  '   itemprop=\"text\" ><p class=\"v1MsoBodyText\" style=\"text-align: justify;\">Como Gobierno, nos hemos propuesto como prioridad el fortalecimiento y la expansi\u00f3n de la educaci\u00f3n p\u00fablica. Es por esto que hemos puesto un \u00e9nfasis especial en dar respuestas adecuadas a las complejidades que han acompa\u00f1ado la instalaci\u00f3n de los Servicios Locales de Educaci\u00f3n P\u00fablica (SLEP). En esta direcci\u00f3n, y tal como inform\u00f3 el Presidente de la Rep\u00fablica en su Cuenta P\u00fablica del 1\u00ba de junio pasado, nos encontramos preparando una estrategia que mejore la implementaci\u00f3n de los Servicios Locales de Educaci\u00f3n P\u00fablica, la cual considera tres etapas:<\/p>\n<p class=\"v1MsoBodyText\" style=\"text-align: justify;\">Primero, la extensi\u00f3n del plazo para el traspaso de los servicios educacionales municipales a aquellos Servicios Locales que entraron en funcionamiento el 1\u00b0 de marzo de 2022, es decir, los Servicios Locales de Iquique, Licancabur, Maule Costa, Punilla Cordillera, Ays\u00e9n (comunas de Coyhaique, Lago Verde, Ays\u00e9n, Cisnes, Guaitecas, Cochrane, O&#8217;Higgins, Tortel, Chile Chico y R\u00edo Ib\u00e1\u00f1ez) y Magallanes. Esta propuesta se present\u00f3 recientemente al Congreso en un proyecto de Ley Miscel\u00e1nea.<\/p>\n<p class=\"v1MsoBodyText\" style=\"text-align: justify;\">Segundo, la modificaci\u00f3n del calendario de traspaso de establecimientos desde los municipios a los SLEP. Se realizar\u00e1 a trav\u00e9s de Decreto que modificar\u00e1 el calendario de entrada en funcionamiento y traspaso del servicio educativo de los SLEP que entran en funcionamiento desde el 2023 en adelante.<\/p>\n<p class=\"v1MsoBodyText\" style=\"text-align: justify;\">Tercero, la presentaci\u00f3n de un Proyecto de Ley que se haga cargo estructuralmente de las problem\u00e1ticas identificadas en diversos informes de implementaci\u00f3n de los SLEP. Durante los primeros meses de administraci\u00f3n, hemos revisado y analizado diversos estudios sobre implementaci\u00f3n de la Nueva Educaci\u00f3n P\u00fablica y adicionalmente hemos recogido antecedentes en di\u00e1logo con distintos actores del sector educacional. Con este Proyecto de Ley, se busca realizar mejoras que sean pertinentes, propendiendo a un adecuado traspaso del servicio educacional y velando por la continuidad de la prestaci\u00f3n del servicio educacional.<\/p>\n<p class=\"v1MsoBodyText\" style=\"text-align: justify;\">En relaci\u00f3n a la primera etapa, la postergaci\u00f3n del traspaso de los 6 Servicios Locales indicados permitir\u00e1 -entre otras materias- (i) disponer de mayor tiempo para revisar la gran cantidad de informaci\u00f3n remitida por los respectivos municipios, y solucionar oportuna y conjuntamente las dificultades que se puedan presentar; (ii) permitir que la comunidad educativa sea parte de este proceso junto con las y los directores ejecutivos recientemente nombrados y (iii) avanzar en la construcci\u00f3n de una educaci\u00f3n de calidad para los y las ni\u00f1as, ni\u00f1os y adolescentes de nuestro pa\u00eds. De esta forma, las y los jefes de servicios podr\u00e1n conocer directamente la realidad territorial y levantar alertas tempranas o soluciones ante los inconvenientes que sean presentados. Asimismo, se podr\u00e1n construir equipos y capacitar a los existentes para la instalaci\u00f3n de los servicios locales.<\/p>\n<p class=\"v1MsoBodyText\" style=\"text-align: justify;\">Cabe destacar que mientras no se apruebe en el Congreso esta postergaci\u00f3n, se deben cumplir todos los procesos que establece la Ley N\u00b0 21.040, especialmente los referidos al traspaso del servicio educacional. De este modo, los municipios deben continuar cumpliendo con las obligaciones que dicha normativa indica, dentro de las que se encuentran como algunas de las m\u00e1s relevantes el remitir a la Direcci\u00f3n de Educaci\u00f3n P\u00fablica la informaci\u00f3n que sea requerida con la finalidad de dictar las correspondientes Resoluciones de Traspaso con la informaci\u00f3n actualizada; junto con colaborar en el proceso de traspaso con todos los actores relevantes del territorio, tales como las y los profesionales de la educaci\u00f3n, asistentes de la educaci\u00f3n, directores de los establecimientos educacionales, padres, madres, apoderados, estudiantes, entre otras.<\/p>\n<p class=\"v1MsoBodyText\" style=\"text-align: justify;\">Al respecto la Seremi de Educaci\u00f3n de Regi\u00f3n de Ays\u00e9n, Isabel Garrido Casassa, recalc\u00f3 \u00abTodas estas tareas van a seguir siendo requeridas, aun si se concreta la postergaci\u00f3n del traspaso al servicio local, por lo que es muy importante seguir avanzando en este importante proceso, que requiere de un trabajo colaborativo entre todos los municipios de la regi\u00f3n, porque esto es lo que va a permitir realmente la adecuada puesta en marcha del Servicio Local de Educaci\u00f3n P\u00fablica de la Regi\u00f3n de Ays\u00e9n, que creemos es un importante paso para el fortalecimiento de nuestra educaci\u00f3n p\u00fablica\u00bb.<u><\/u><\/p>\n<p class=\"v1MsoNormal\" style=\"text-align: justify;\">&#8212;<\/p>\n<\/div><\/section><\/div><div  style='height:50px' class='hr hr-invisible   avia-builder-el-6  el_after_av_one_full  el_before_av_social_share '><span class='hr-inner ' ><span class='hr-inner-style'><\/span><\/span><\/div><\/p>\n<div  class='av-social-sharing-box  avia-builder-el-7  el_after_av_hr  el_before_av_hr  '><div class='av-share-box'><h5 class='av-share-link-description av-no-toc '>Compartir esta noticia<\/h5><ul class='av-share-box-list noLightbox'><li class='av-share-link av-social-link-facebook' ><a target=\"_blank\" aria-label=\"Compartir en Facebook\" href='https:\/\/www.facebook.com\/sharer.php?u=https:\/\/radiorevelacionfm.cl\/?p=19242&#038;t=Mineduc%20presentar%C3%A1%20iniciativas%20para%20mejorar%20la%20implementaci%C3%B3n%20de%20la%20Nueva%20Educaci%C3%B3n%20P%C3%BAblica' aria-hidden='false' data-av_icon='\ue8f3' data-av_iconfont='entypo-fontello' title='' data-avia-related-tooltip='Compartir en Facebook' rel=\"noopener\"><span class='avia_hidden_link_text'>Compartir en Facebook<\/span><\/a><\/li><li class='av-share-link av-social-link-twitter' ><a target=\"_blank\" aria-label=\"Compartir en Twitter\" href='https:\/\/twitter.com\/share?text=Mineduc%20presentar%C3%A1%20iniciativas%20para%20mejorar%20la%20implementaci%C3%B3n%20de%20la%20Nueva%20Educaci%C3%B3n%20P%C3%BAblica&#038;url=https:\/\/radiorevelacionfm.cl\/?p=19242' aria-hidden='false' data-av_icon='\ue8f1' data-av_iconfont='entypo-fontello' title='' data-avia-related-tooltip='Compartir en Twitter' rel=\"noopener\"><span class='avia_hidden_link_text'>Compartir en Twitter<\/span><\/a><\/li><li class='av-share-link av-social-link-whatsapp' ><a target=\"_blank\" aria-label=\"Compartir en Whatsapp\" href='https:\/\/api.whatsapp.com\/send?text=https:\/\/radiorevelacionfm.cl\/?p=19242' aria-hidden='false' data-av_icon='\uf232' data-av_iconfont='entypo-fontello' title='' data-avia-related-tooltip='Compartir en Whatsapp' rel=\"noopener\"><span class='avia_hidden_link_text'>Compartir en Whatsapp<\/span><\/a><\/li><li class='av-share-link av-social-link-linkedin' ><a target=\"_blank\" aria-label=\"Compartir en LinkedIn\" href='https:\/\/linkedin.com\/shareArticle?mini=true&#038;title=Mineduc%20presentar%C3%A1%20iniciativas%20para%20mejorar%20la%20implementaci%C3%B3n%20de%20la%20Nueva%20Educaci%C3%B3n%20P%C3%BAblica&#038;url=https:\/\/radiorevelacionfm.cl\/?p=19242' aria-hidden='false' data-av_icon='\ue8fc' data-av_iconfont='entypo-fontello' title='' data-avia-related-tooltip='Compartir en LinkedIn' rel=\"noopener\"><span class='avia_hidden_link_text'>Compartir en LinkedIn<\/span><\/a><\/li><li class='av-share-link av-social-link-mail' ><a  aria-label=\"Compartir por correo\" href='mailto:?subject=Mineduc%20presentar%C3%A1%20iniciativas%20para%20mejorar%20la%20implementaci%C3%B3n%20de%20la%20Nueva%20Educaci%C3%B3n%20P%C3%BAblica&#038;body=https:\/\/radiorevelacionfm.cl\/?p=19242' aria-hidden='false' data-av_icon='\ue805' data-av_iconfont='entypo-fontello' title='' data-avia-related-tooltip='Compartir por correo'><span class='avia_hidden_link_text'>Compartir por correo<\/span><\/a><\/li><\/ul><\/div><\/div>\n<div  style='height:50px' class='hr hr-invisible   avia-builder-el-8  el_after_av_social_share  el_before_av_comments_list '><span class='hr-inner ' ><span class='hr-inner-style'><\/span><\/span><\/div>\n<div  class='av-buildercomment  av-blog-meta-html-info-disabled av-blog-meta-tag-disabled  '><\/div>\n","protected":false},"excerpt":{"rendered":"","protected":false},"author":1,"featured_media":19243,"comment_status":"open","ping_status":"open","sticky":false,"template":"","format":"standard","meta":{"footnotes":""},"categories":[49],"tags":[],"class_list":["post-19242","post","type-post","status-publish","format-standard","has-post-thumbnail","hentry","category-educacion"],"jetpack_featured_media_url":"https:\/\/radiorevelacionfm.cl\/wp-content\/uploads\/2022\/07\/Presentacion-SLEP-Aysen-1-1.jpg","_links":{"self":[{"href":"https:\/\/radiorevelacionfm.cl\/index.php?rest_route=\/wp\/v2\/posts\/19242","targetHints":{"allow":["GET"]}}],"collection":[{"href":"https:\/\/radiorevelacionfm.cl\/index.php?rest_route=\/wp\/v2\/posts"}],"about":[{"href":"https:\/\/radiorevelacionfm.cl\/index.php?rest_route=\/wp\/v2\/types\/post"}],"author":[{"embeddable":true,"href":"https:\/\/radiorevelacionfm.cl\/index.php?rest_route=\/wp\/v2\/users\/1"}],"replies":[{"embeddable":true,"href":"https:\/\/radiorevelacionfm.cl\/index.php?rest_route=%2Fwp%2Fv2%2Fcomments&post=19242"}],"version-history":[{"count":2,"href":"https:\/\/radiorevelacionfm.cl\/index.php?rest_route=\/wp\/v2\/posts\/19242\/revisions"}],"predecessor-version":[{"id":19388,"href":"https:\/\/radiorevelacionfm.cl\/index.php?rest_route=\/wp\/v2\/posts\/19242\/revisions\/19388"}],"wp:featuredmedia":[{"embeddable":true,"href":"https:\/\/radiorevelacionfm.cl\/index.php?rest_route=\/wp\/v2\/media\/19243"}],"wp:attachment":[{"href":"https:\/\/radiorevelacionfm.cl\/index.php?rest_route=%2Fwp%2Fv2%2Fmedia&parent=19242"}],"wp:term":[{"taxonomy":"category","embeddable":true,"href":"https:\/\/radiorevelacionfm.cl\/index.php?rest_route=%2Fwp%2Fv2%2Fcategories&post=19242"},{"taxonomy":"post_tag","embeddable":true,"href":"https:\/\/radiorevelacionfm.cl\/index.php?rest_route=%2Fwp%2Fv2%2Ftags&post=19242"}],"curies":[{"name":"wp","href":"https:\/\/api.w.org\/{rel}","templated":true}]}}